{"id":878,"date":"2017-09-01T11:35:30","date_gmt":"2017-09-01T11:35:30","guid":{"rendered":"http:\/\/enterarte.info\/press\/?p=878"},"modified":"2017-09-01T11:35:30","modified_gmt":"2017-09-01T11:35:30","slug":"ibarburu-breventano-16-setiembre-nacional","status":"publish","type":"post","link":"https:\/\/enterarte.info\/press\/ibarburu-breventano-16-setiembre-nacional\/","title":{"rendered":"Ibarburu  Breventano el 16 de setiembre en Nacional"},"content":{"rendered":"<p>Ibarburu \/Breventano<br \/>\nPresentaci\u00f3n a d\u00fao de Nicol\u00e1s Ibarburu y FabricioPanky Breventano.<br \/>\nEl s\u00e1bado 16 a las 22 horas en la cantina del club Nacional.<br \/>\nEntrada: un libro<\/p>\n<p><iframe loading=\"lazy\" title=\"Aquella Tarde- Panky y la Walter Banda\" width=\"735\" height=\"413\" src=\"https:\/\/www.youtube.com\/embed\/8bxDvnZ6mXs?feature=oembed\" frameborder=\"0\" allow=\"accelerometer; autoplay; clipboard-write; encrypted-media; gyroscope; picture-in-picture; web-share\" allowfullscreen><\/iframe><\/p>\n","protected":false},"excerpt":{"rendered":"<p>Ibarburu \/Breventano Presentaci\u00f3n a d\u00fao de Nicol\u00e1s Ibarburu y FabricioPanky Breventano. El s\u00e1bado 16 a las 22 &hellip; <\/p>\n","protected":false},"author":2,"featured_media":879,"comment_status":"open","ping_status":"open","sticky":false,"template":"","format":"standard","meta":{"rop_custom_images_group":[],"rop_custom_messages_group":[],"rop_publish_now":"initial","rop_publish_now_accounts":[],"rop_publish_now_history":[],"rop_publish_now_status":"pending","fifu_image_url":"","fifu_image_alt":"","footnotes":"","jetpack_publicize_message":"","jetpack_publicize_feature_enabled":true,"jetpack_social_post_already_shared":true,"jetpack_social_options":{"image_generator_settings":{"template":"highway","default_image_id":0,"font":"","enabled":false},"version":2}},"categories":[15],"tags":[],"class_list":["post-878","post","type-post","status-publish","format-standard","has-post-thumbnail","hentry","category-salto"],"yoast_head":"<!-- This site is optimized with the Yoast SEO plugin v27.4 - https:\/\/yoast.com\/product\/yoast-seo-wordpress\/ -->\n<title>Ibarburu Breventano el 16 de setiembre en Nacional - ENTERARTE<\/title>\n<meta name=\"robots\" content=\"index, follow, max-snippet:-1, max-image-preview:large, max-video-preview:-1\" \/>\n<link rel=\"canonical\" href=\"https:\/\/enterarte.info\/press\/ibarburu-breventano-16-setiembre-nacional\/\" \/>\n<meta property=\"og:locale\" content=\"es_ES\" \/>\n<meta property=\"og:type\" content=\"article\" \/>\n<meta property=\"og:title\" content=\"Ibarburu Breventano el 16 de setiembre en Nacional - ENTERARTE\" \/>\n<meta property=\"og:description\" content=\"Ibarburu \/Breventano Presentaci\u00f3n a d\u00fao de Nicol\u00e1s Ibarburu y FabricioPanky Breventano. El s\u00e1bado 16 a las 22 &hellip;\" \/>\n<meta property=\"og:url\" content=\"https:\/\/enterarte.info\/press\/ibarburu-breventano-16-setiembre-nacional\/\" \/>\n<meta property=\"og:site_name\" content=\"ENTERARTE\" \/>\n<meta property=\"article:publisher\" content=\"\/enterarte.info\/\" \/>\n<meta property=\"article:published_time\" content=\"2017-09-01T11:35:30+00:00\" \/>\n<meta property=\"og:image\" content=\"https:\/\/enterarte.info\/press\/wp-content\/uploads\/2017\/09\/ibarburu.jpg\" \/>\n\t<meta property=\"og:image:width\" content=\"755\" \/>\n\t<meta property=\"og:image:height\" content=\"477\" \/>\n\t<meta property=\"og:image:type\" content=\"image\/jpeg\" \/>\n<meta name=\"author\" content=\"cama20\" \/>\n<meta name=\"twitter:card\" content=\"summary_large_image\" \/>\n<meta name=\"twitter:label1\" content=\"Escrito por\" \/>\n\t<meta name=\"twitter:data1\" content=\"cama20\" \/>\n<script type=\"application\/ld+json\" class=\"yoast-schema-graph\">{\"@context\":\"https:\\\/\\\/schema.org\",\"@graph\":[{\"@type\":\"Article\",\"@id\":\"https:\\\/\\\/enterarte.info\\\/press\\\/ibarburu-breventano-16-setiembre-nacional\\\/#article\",\"isPartOf\":{\"@id\":\"https:\\\/\\\/enterarte.info\\\/press\\\/ibarburu-breventano-16-setiembre-nacional\\\/\"},\"author\":{\"name\":\"cama20\",\"@id\":\"https:\\\/\\\/enterarte.info\\\/press\\\/#\\\/schema\\\/person\\\/fa2f105d12625996bb3b7ec9ee879090\"},\"headline\":\"Ibarburu Breventano el 16 de setiembre en Nacional\",\"datePublished\":\"2017-09-01T11:35:30+00:00\",\"mainEntityOfPage\":{\"@id\":\"https:\\\/\\\/enterarte.info\\\/press\\\/ibarburu-breventano-16-setiembre-nacional\\\/\"},\"wordCount\":44,\"commentCount\":0,\"publisher\":{\"@id\":\"https:\\\/\\\/enterarte.info\\\/press\\\/#organization\"},\"image\":{\"@id\":\"https:\\\/\\\/enterarte.info\\\/press\\\/ibarburu-breventano-16-setiembre-nacional\\\/#primaryimage\"},\"thumbnailUrl\":\"https:\\\/\\\/enterarte.info\\\/press\\\/wp-content\\\/uploads\\\/2017\\\/09\\\/ibarburu.jpg\",\"articleSection\":[\"SALTO\"],\"inLanguage\":\"es\",\"potentialAction\":[{\"@type\":\"CommentAction\",\"name\":\"Comment\",\"target\":[\"https:\\\/\\\/enterarte.info\\\/press\\\/ibarburu-breventano-16-setiembre-nacional\\\/#respond\"]}]},{\"@type\":\"WebPage\",\"@id\":\"https:\\\/\\\/enterarte.info\\\/press\\\/ibarburu-breventano-16-setiembre-nacional\\\/\",\"url\":\"https:\\\/\\\/enterarte.info\\\/press\\\/ibarburu-breventano-16-setiembre-nacional\\\/\",\"name\":\"Ibarburu Breventano el 16 de setiembre en Nacional - ENTERARTE\",\"isPartOf\":{\"@id\":\"https:\\\/\\\/enterarte.info\\\/press\\\/#website\"},\"primaryImageOfPage\":{\"@id\":\"https:\\\/\\\/enterarte.info\\\/press\\\/ibarburu-breventano-16-setiembre-nacional\\\/#primaryimage\"},\"image\":{\"@id\":\"https:\\\/\\\/enterarte.info\\\/press\\\/ibarburu-breventano-16-setiembre-nacional\\\/#primaryimage\"},\"thumbnailUrl\":\"https:\\\/\\\/enterarte.info\\\/press\\\/wp-content\\\/uploads\\\/2017\\\/09\\\/ibarburu.jpg\",\"datePublished\":\"2017-09-01T11:35:30+00:00\",\"inLanguage\":\"es\",\"potentialAction\":[{\"@type\":\"ReadAction\",\"target\":[\"https:\\\/\\\/enterarte.info\\\/press\\\/ibarburu-breventano-16-setiembre-nacional\\\/\"]}]},{\"@type\":\"ImageObject\",\"inLanguage\":\"es\",\"@id\":\"https:\\\/\\\/enterarte.info\\\/press\\\/ibarburu-breventano-16-setiembre-nacional\\\/#primaryimage\",\"url\":\"https:\\\/\\\/enterarte.info\\\/press\\\/wp-content\\\/uploads\\\/2017\\\/09\\\/ibarburu.jpg\",\"contentUrl\":\"https:\\\/\\\/enterarte.info\\\/press\\\/wp-content\\\/uploads\\\/2017\\\/09\\\/ibarburu.jpg\",\"width\":755,\"height\":477},{\"@type\":\"WebSite\",\"@id\":\"https:\\\/\\\/enterarte.info\\\/press\\\/#website\",\"url\":\"https:\\\/\\\/enterarte.info\\\/press\\\/\",\"name\":\"ENTERARTE\",\"description\":\"Cuando el arte y la inform\u00e1tica son  uno\",\"publisher\":{\"@id\":\"https:\\\/\\\/enterarte.info\\\/press\\\/#organization\"},\"potentialAction\":[{\"@type\":\"SearchAction\",\"target\":{\"@type\":\"EntryPoint\",\"urlTemplate\":\"https:\\\/\\\/enterarte.info\\\/press\\\/?s={search_term_string}\"},\"query-input\":{\"@type\":\"PropertyValueSpecification\",\"valueRequired\":true,\"valueName\":\"search_term_string\"}}],\"inLanguage\":\"es\"},{\"@type\":\"Organization\",\"@id\":\"https:\\\/\\\/enterarte.info\\\/press\\\/#organization\",\"name\":\"ENTERARTE\",\"url\":\"https:\\\/\\\/enterarte.info\\\/press\\\/\",\"logo\":{\"@type\":\"ImageObject\",\"inLanguage\":\"es\",\"@id\":\"https:\\\/\\\/enterarte.info\\\/press\\\/#\\\/schema\\\/logo\\\/image\\\/\",\"url\":\"http:\\\/\\\/enterarte.info\\\/press\\\/wp-content\\\/uploads\\\/2017\\\/09\\\/cabezal_fondo_celeste_final_910.png\",\"contentUrl\":\"http:\\\/\\\/enterarte.info\\\/press\\\/wp-content\\\/uploads\\\/2017\\\/09\\\/cabezal_fondo_celeste_final_910.png\",\"width\":910,\"height\":205,\"caption\":\"ENTERARTE\"},\"image\":{\"@id\":\"https:\\\/\\\/enterarte.info\\\/press\\\/#\\\/schema\\\/logo\\\/image\\\/\"},\"sameAs\":[\"\\\/enterarte.info\\\/\"]},{\"@type\":\"Person\",\"@id\":\"https:\\\/\\\/enterarte.info\\\/press\\\/#\\\/schema\\\/person\\\/fa2f105d12625996bb3b7ec9ee879090\",\"name\":\"cama20\",\"image\":{\"@type\":\"ImageObject\",\"inLanguage\":\"es\",\"@id\":\"https:\\\/\\\/secure.gravatar.com\\\/avatar\\\/30240d3fd91f678e10f564ecb18d1f3d74d03864f7653792bea90f91c9965095?s=96&d=mm&r=g\",\"url\":\"https:\\\/\\\/secure.gravatar.com\\\/avatar\\\/30240d3fd91f678e10f564ecb18d1f3d74d03864f7653792bea90f91c9965095?s=96&d=mm&r=g\",\"contentUrl\":\"https:\\\/\\\/secure.gravatar.com\\\/avatar\\\/30240d3fd91f678e10f564ecb18d1f3d74d03864f7653792bea90f91c9965095?s=96&d=mm&r=g\",\"caption\":\"cama20\"},\"url\":\"https:\\\/\\\/enterarte.info\\\/press\\\/author\\\/cama20\\\/\"}]}<\/script>\n<!-- \/ Yoast SEO plugin. -->","yoast_head_json":{"title":"Ibarburu Breventano el 16 de setiembre en Nacional - ENTERARTE","robots":{"index":"index","follow":"follow","max-snippet":"max-snippet:-1","max-image-preview":"max-image-preview:large","max-video-preview":"max-video-preview:-1"},"canonical":"https:\/\/enterarte.info\/press\/ibarburu-breventano-16-setiembre-nacional\/","og_locale":"es_ES","og_type":"article","og_title":"Ibarburu Breventano el 16 de setiembre en Nacional - ENTERARTE","og_description":"Ibarburu \/Breventano Presentaci\u00f3n a d\u00fao de Nicol\u00e1s Ibarburu y FabricioPanky Breventano. El s\u00e1bado 16 a las 22 &hellip;","og_url":"https:\/\/enterarte.info\/press\/ibarburu-breventano-16-setiembre-nacional\/","og_site_name":"ENTERARTE","article_publisher":"\/enterarte.info\/","article_published_time":"2017-09-01T11:35:30+00:00","og_image":[{"width":755,"height":477,"url":"https:\/\/enterarte.info\/press\/wp-content\/uploads\/2017\/09\/ibarburu.jpg","type":"image\/jpeg"}],"author":"cama20","twitter_card":"summary_large_image","twitter_misc":{"Escrito por":"cama20"},"schema":{"@context":"https:\/\/schema.org","@graph":[{"@type":"Article","@id":"https:\/\/enterarte.info\/press\/ibarburu-breventano-16-setiembre-nacional\/#article","isPartOf":{"@id":"https:\/\/enterarte.info\/press\/ibarburu-breventano-16-setiembre-nacional\/"},"author":{"name":"cama20","@id":"https:\/\/enterarte.info\/press\/#\/schema\/person\/fa2f105d12625996bb3b7ec9ee879090"},"headline":"Ibarburu Breventano el 16 de setiembre en Nacional","datePublished":"2017-09-01T11:35:30+00:00","mainEntityOfPage":{"@id":"https:\/\/enterarte.info\/press\/ibarburu-breventano-16-setiembre-nacional\/"},"wordCount":44,"commentCount":0,"publisher":{"@id":"https:\/\/enterarte.info\/press\/#organization"},"image":{"@id":"https:\/\/enterarte.info\/press\/ibarburu-breventano-16-setiembre-nacional\/#primaryimage"},"thumbnailUrl":"https:\/\/enterarte.info\/press\/wp-content\/uploads\/2017\/09\/ibarburu.jpg","articleSection":["SALTO"],"inLanguage":"es","potentialAction":[{"@type":"CommentAction","name":"Comment","target":["https:\/\/enterarte.info\/press\/ibarburu-breventano-16-setiembre-nacional\/#respond"]}]},{"@type":"WebPage","@id":"https:\/\/enterarte.info\/press\/ibarburu-breventano-16-setiembre-nacional\/","url":"https:\/\/enterarte.info\/press\/ibarburu-breventano-16-setiembre-nacional\/","name":"Ibarburu Breventano el 16 de setiembre en Nacional - ENTERARTE","isPartOf":{"@id":"https:\/\/enterarte.info\/press\/#website"},"primaryImageOfPage":{"@id":"https:\/\/enterarte.info\/press\/ibarburu-breventano-16-setiembre-nacional\/#primaryimage"},"image":{"@id":"https:\/\/enterarte.info\/press\/ibarburu-breventano-16-setiembre-nacional\/#primaryimage"},"thumbnailUrl":"https:\/\/enterarte.info\/press\/wp-content\/uploads\/2017\/09\/ibarburu.jpg","datePublished":"2017-09-01T11:35:30+00:00","inLanguage":"es","potentialAction":[{"@type":"ReadAction","target":["https:\/\/enterarte.info\/press\/ibarburu-breventano-16-setiembre-nacional\/"]}]},{"@type":"ImageObject","inLanguage":"es","@id":"https:\/\/enterarte.info\/press\/ibarburu-breventano-16-setiembre-nacional\/#primaryimage","url":"https:\/\/enterarte.info\/press\/wp-content\/uploads\/2017\/09\/ibarburu.jpg","contentUrl":"https:\/\/enterarte.info\/press\/wp-content\/uploads\/2017\/09\/ibarburu.jpg","width":755,"height":477},{"@type":"WebSite","@id":"https:\/\/enterarte.info\/press\/#website","url":"https:\/\/enterarte.info\/press\/","name":"ENTERARTE","description":"Cuando el arte y la inform\u00e1tica son  uno","publisher":{"@id":"https:\/\/enterarte.info\/press\/#organization"},"potentialAction":[{"@type":"SearchAction","target":{"@type":"EntryPoint","urlTemplate":"https:\/\/enterarte.info\/press\/?s={search_term_string}"},"query-input":{"@type":"PropertyValueSpecification","valueRequired":true,"valueName":"search_term_string"}}],"inLanguage":"es"},{"@type":"Organization","@id":"https:\/\/enterarte.info\/press\/#organization","name":"ENTERARTE","url":"https:\/\/enterarte.info\/press\/","logo":{"@type":"ImageObject","inLanguage":"es","@id":"https:\/\/enterarte.info\/press\/#\/schema\/logo\/image\/","url":"http:\/\/enterarte.info\/press\/wp-content\/uploads\/2017\/09\/cabezal_fondo_celeste_final_910.png","contentUrl":"http:\/\/enterarte.info\/press\/wp-content\/uploads\/2017\/09\/cabezal_fondo_celeste_final_910.png","width":910,"height":205,"caption":"ENTERARTE"},"image":{"@id":"https:\/\/enterarte.info\/press\/#\/schema\/logo\/image\/"},"sameAs":["\/enterarte.info\/"]},{"@type":"Person","@id":"https:\/\/enterarte.info\/press\/#\/schema\/person\/fa2f105d12625996bb3b7ec9ee879090","name":"cama20","image":{"@type":"ImageObject","inLanguage":"es","@id":"https:\/\/secure.gravatar.com\/avatar\/30240d3fd91f678e10f564ecb18d1f3d74d03864f7653792bea90f91c9965095?s=96&d=mm&r=g","url":"https:\/\/secure.gravatar.com\/avatar\/30240d3fd91f678e10f564ecb18d1f3d74d03864f7653792bea90f91c9965095?s=96&d=mm&r=g","contentUrl":"https:\/\/secure.gravatar.com\/avatar\/30240d3fd91f678e10f564ecb18d1f3d74d03864f7653792bea90f91c9965095?s=96&d=mm&r=g","caption":"cama20"},"url":"https:\/\/enterarte.info\/press\/author\/cama20\/"}]}},"jetpack_publicize_connections":[],"_links":{"self":[{"href":"https:\/\/enterarte.info\/press\/wp-json\/wp\/v2\/posts\/878","targetHints":{"allow":["GET"]}}],"collection":[{"href":"https:\/\/enterarte.info\/press\/wp-json\/wp\/v2\/posts"}],"about":[{"href":"https:\/\/enterarte.info\/press\/wp-json\/wp\/v2\/types\/post"}],"author":[{"embeddable":true,"href":"https:\/\/enterarte.info\/press\/wp-json\/wp\/v2\/users\/2"}],"replies":[{"embeddable":true,"href":"https:\/\/enterarte.info\/press\/wp-json\/wp\/v2\/comments?post=878"}],"version-history":[{"count":1,"href":"https:\/\/enterarte.info\/press\/wp-json\/wp\/v2\/posts\/878\/revisions"}],"predecessor-version":[{"id":880,"href":"https:\/\/enterarte.info\/press\/wp-json\/wp\/v2\/posts\/878\/revisions\/880"}],"wp:featuredmedia":[{"embeddable":true,"href":"https:\/\/enterarte.info\/press\/wp-json\/wp\/v2\/media\/879"}],"wp:attachment":[{"href":"https:\/\/enterarte.info\/press\/wp-json\/wp\/v2\/media?parent=878"}],"wp:term":[{"taxonomy":"category","embeddable":true,"href":"https:\/\/enterarte.info\/press\/wp-json\/wp\/v2\/categories?post=878"},{"taxonomy":"post_tag","embeddable":true,"href":"https:\/\/enterarte.info\/press\/wp-json\/wp\/v2\/tags?post=878"}],"curies":[{"name":"wp","href":"https:\/\/api.w.org\/{rel}","templated":true}]}}