{"id":7067,"date":"2026-09-04T12:42:37","date_gmt":"2026-09-04T15:42:37","guid":{"rendered":"https:\/\/enterarte.info\/press\/?p=7067"},"modified":"2026-09-04T12:42:37","modified_gmt":"2026-09-04T15:42:37","slug":"salto-recibe-la-7-a-edicion-del-encuentro-internacional-de-coros-salto-canta-en-armonia","status":"publish","type":"post","link":"https:\/\/enterarte.info\/press\/salto-recibe-la-7-a-edicion-del-encuentro-internacional-de-coros-salto-canta-en-armonia\/","title":{"rendered":"Salto recibe la 7.\u00aa edici\u00f3n del encuentro internacional de coros \u201cSalto Canta en Armon\u00eda\u201d"},"content":{"rendered":"<p><em><strong><span lang=\"ES-UY\">El pr\u00f3ximo s\u00e1bado 5 de setiembre, a las 20 horas, se realizar\u00e1 en la parroquia de la Santa Cruz una nueva edici\u00f3n de \u201cSalto Canta en Armon\u00eda\u201d, encuentro internacional de coros organizado por el Grupo Coral Armon\u00eda. La entrada ser\u00e1 libre y gratuita.<\/span><\/strong><\/em><\/p>\n<p><span lang=\"ES-UY\">Reeditando el \u00e9xito de a\u00f1os anteriores, el Grupo Coral Armon\u00eda presenta la 7.\u00aa edici\u00f3n del encuentro internacional de coros \u201cSalto Canta en Armon\u00eda\u201d, una propuesta que tiene como objetivo generar un espacio de confraternidad entre los integrantes de las diferentes agrupaciones corales, disfrutar de la m\u00fasica y brindar, al mismo tiempo, un importante aporte cultural a la comunidad.<\/span><\/p>\n<p><span lang=\"ES-UY\">En esta edici\u00f3n participar\u00e1n agrupaciones provenientes de Argentina, como el Coro Estable Municipal de Concepci\u00f3n del Uruguay y el Coro Polif\u00f3nico del Club Social de Curuz\u00fa Cuati\u00e1. Tambi\u00e9n llegar\u00e1 desde Bella Uni\u00f3n el Coro Pura Hey Tapes, mientras que por Salto participar\u00e1n el Coro Juvenil del Liceo Santa Cruz y el anfitri\u00f3n y organizador, Grupo Coral Armon\u00eda.<\/span><\/p>\n<p><span lang=\"ES-UY\">La trayectoria de los grupos participantes garantiza una propuesta de muy buen nivel art\u00edstico, en la que cada coro compartir\u00e1 con el p\u00fablico el trabajo y la preparaci\u00f3n que desarrolla a lo largo del a\u00f1o. La actividad ha sido, adem\u00e1s, declarada de inter\u00e9s cultural por la Junta Departamental de Salto.<\/span><\/p>\n<p><span lang=\"ES-UY\">El encuentro se llevar\u00e1 a cabo el s\u00e1bado 5 de setiembre, a las 20 horas, en la parroquia de la Santa Cruz, ubicada en avenida Batlle casi Blandengues.<\/span><\/p>\n<p><span lang=\"ES-UY\">Una vez finalizada la actividad art\u00edstica, los integrantes de los diferentes coros compartir\u00e1n una cena de camarader\u00eda, instancia que incluir\u00e1 el intercambio de obsequios y la entrega de certificados de participaci\u00f3n.<\/span><\/p>\n<p><span lang=\"ES-UY\">Desde la organizaci\u00f3n se invita a toda la comunidad a acompa\u00f1ar esta nueva edici\u00f3n de \u201cSalto Canta en Armon\u00eda\u201d y disfrutar de una destacada expresi\u00f3n del canto coral, en una jornada de encuentro, m\u00fasica y confraternidad. La entrada es totalmente gratuita.<\/span><\/p>\n","protected":false},"excerpt":{"rendered":"<p>El pr\u00f3ximo s\u00e1bado 5 de setiembre, a las 20 horas, se realizar\u00e1 en la parroquia de la &hellip; <\/p>\n","protected":false},"author":2,"featured_media":7068,"comment_status":"open","ping_status":"open","sticky":false,"template":"","format":"standard","meta":{"rop_custom_images_group":[],"rop_custom_messages_group":[],"rop_publish_now":"initial","rop_publish_now_accounts":[],"rop_publish_now_history":[],"rop_publish_now_status":"pending","fifu_image_url":"https:\/\/preferenciaplay.uy\/storage\/archivos\/3536\/CORO_jpg.jpg","fifu_image_alt":"","footnotes":"","jetpack_publicize_message":"","jetpack_publicize_feature_enabled":true,"jetpack_social_post_already_shared":true,"jetpack_social_options":{"image_generator_settings":{"template":"highway","default_image_id":0,"font":"","enabled":false},"version":2}},"categories":[1,15],"tags":[],"class_list":["post-7067","post","type-post","status-publish","format-standard","has-post-thumbnail","hentry","category-novedades","category-salto"],"yoast_head":"<!-- This site is optimized with the Yoast SEO plugin v27.4 - https:\/\/yoast.com\/product\/yoast-seo-wordpress\/ -->\n<title>Salto recibe la 7.\u00aa edici\u00f3n del encuentro internacional de coros \u201cSalto Canta en Armon\u00eda\u201d - ENTERARTE<\/title>\n<meta name=\"robots\" content=\"index, follow, max-snippet:-1, max-image-preview:large, max-video-preview:-1\" \/>\n<link rel=\"canonical\" href=\"https:\/\/enterarte.info\/press\/salto-recibe-la-7-a-edicion-del-encuentro-internacional-de-coros-salto-canta-en-armonia\/\" \/>\n<meta property=\"og:locale\" content=\"es_ES\" \/>\n<meta property=\"og:type\" content=\"article\" \/>\n<meta property=\"og:title\" content=\"Salto recibe la 7.\u00aa edici\u00f3n del encuentro internacional de coros \u201cSalto Canta en Armon\u00eda\u201d - ENTERARTE\" \/>\n<meta property=\"og:description\" content=\"El pr\u00f3ximo s\u00e1bado 5 de setiembre, a las 20 horas, se realizar\u00e1 en la parroquia de la &hellip;\" \/>\n<meta property=\"og:url\" content=\"https:\/\/enterarte.info\/press\/salto-recibe-la-7-a-edicion-del-encuentro-internacional-de-coros-salto-canta-en-armonia\/\" \/>\n<meta property=\"og:site_name\" content=\"ENTERARTE\" \/>\n<meta property=\"article:publisher\" content=\"\/enterarte.info\/\" \/>\n<meta property=\"article:published_time\" content=\"2026-09-04T15:42:37+00:00\" \/>\n<meta property=\"og:image\" content=\"https:\/\/preferenciaplay.uy\/storage\/archivos\/3536\/CORO_jpg.jpg\" \/>\n<meta name=\"author\" content=\"cama20\" \/>\n<meta name=\"twitter:card\" content=\"summary_large_image\" \/>\n<meta name=\"twitter:image\" content=\"https:\/\/preferenciaplay.uy\/storage\/archivos\/3536\/CORO_jpg.jpg\" \/>\n<meta name=\"twitter:label1\" content=\"Escrito por\" \/>\n\t<meta name=\"twitter:data1\" content=\"cama20\" \/>\n\t<meta name=\"twitter:label2\" content=\"Tiempo de lectura\" \/>\n\t<meta name=\"twitter:data2\" content=\"2 minutos\" \/>\n<script type=\"application\/ld+json\" class=\"yoast-schema-graph\">{\"@context\":\"https:\\\/\\\/schema.org\",\"@graph\":[{\"@type\":\"Article\",\"@id\":\"https:\\\/\\\/enterarte.info\\\/press\\\/salto-recibe-la-7-a-edicion-del-encuentro-internacional-de-coros-salto-canta-en-armonia\\\/#article\",\"isPartOf\":{\"@id\":\"https:\\\/\\\/enterarte.info\\\/press\\\/salto-recibe-la-7-a-edicion-del-encuentro-internacional-de-coros-salto-canta-en-armonia\\\/\"},\"author\":{\"name\":\"cama20\",\"@id\":\"https:\\\/\\\/enterarte.info\\\/press\\\/#\\\/schema\\\/person\\\/fa2f105d12625996bb3b7ec9ee879090\"},\"headline\":\"Salto recibe la 7.\u00aa edici\u00f3n del encuentro internacional de coros \u201cSalto Canta en Armon\u00eda\u201d\",\"datePublished\":\"2026-09-04T15:42:37+00:00\",\"mainEntityOfPage\":{\"@id\":\"https:\\\/\\\/enterarte.info\\\/press\\\/salto-recibe-la-7-a-edicion-del-encuentro-internacional-de-coros-salto-canta-en-armonia\\\/\"},\"wordCount\":354,\"commentCount\":0,\"publisher\":{\"@id\":\"https:\\\/\\\/enterarte.info\\\/press\\\/#organization\"},\"image\":{\"@id\":\"https:\\\/\\\/enterarte.info\\\/press\\\/salto-recibe-la-7-a-edicion-del-encuentro-internacional-de-coros-salto-canta-en-armonia\\\/#primaryimage\"},\"thumbnailUrl\":\"https:\\\/\\\/preferenciaplay.uy\\\/storage\\\/archivos\\\/3536\\\/CORO_jpg.jpg\",\"articleSection\":[\"Novedades\",\"SALTO\"],\"inLanguage\":\"es\",\"potentialAction\":[{\"@type\":\"CommentAction\",\"name\":\"Comment\",\"target\":[\"https:\\\/\\\/enterarte.info\\\/press\\\/salto-recibe-la-7-a-edicion-del-encuentro-internacional-de-coros-salto-canta-en-armonia\\\/#respond\"]}]},{\"@type\":\"WebPage\",\"@id\":\"https:\\\/\\\/enterarte.info\\\/press\\\/salto-recibe-la-7-a-edicion-del-encuentro-internacional-de-coros-salto-canta-en-armonia\\\/\",\"url\":\"https:\\\/\\\/enterarte.info\\\/press\\\/salto-recibe-la-7-a-edicion-del-encuentro-internacional-de-coros-salto-canta-en-armonia\\\/\",\"name\":\"Salto recibe la 7.\u00aa edici\u00f3n del encuentro internacional de coros \u201cSalto Canta en Armon\u00eda\u201d - ENTERARTE\",\"isPartOf\":{\"@id\":\"https:\\\/\\\/enterarte.info\\\/press\\\/#website\"},\"primaryImageOfPage\":{\"@id\":\"https:\\\/\\\/enterarte.info\\\/press\\\/salto-recibe-la-7-a-edicion-del-encuentro-internacional-de-coros-salto-canta-en-armonia\\\/#primaryimage\"},\"image\":{\"@id\":\"https:\\\/\\\/enterarte.info\\\/press\\\/salto-recibe-la-7-a-edicion-del-encuentro-internacional-de-coros-salto-canta-en-armonia\\\/#primaryimage\"},\"thumbnailUrl\":\"https:\\\/\\\/preferenciaplay.uy\\\/storage\\\/archivos\\\/3536\\\/CORO_jpg.jpg\",\"datePublished\":\"2026-09-04T15:42:37+00:00\",\"inLanguage\":\"es\",\"potentialAction\":[{\"@type\":\"ReadAction\",\"target\":[\"https:\\\/\\\/enterarte.info\\\/press\\\/salto-recibe-la-7-a-edicion-del-encuentro-internacional-de-coros-salto-canta-en-armonia\\\/\"]}]},{\"@type\":\"ImageObject\",\"inLanguage\":\"es\",\"@id\":\"https:\\\/\\\/enterarte.info\\\/press\\\/salto-recibe-la-7-a-edicion-del-encuentro-internacional-de-coros-salto-canta-en-armonia\\\/#primaryimage\",\"url\":\"https:\\\/\\\/preferenciaplay.uy\\\/storage\\\/archivos\\\/3536\\\/CORO_jpg.jpg\",\"contentUrl\":\"https:\\\/\\\/preferenciaplay.uy\\\/storage\\\/archivos\\\/3536\\\/CORO_jpg.jpg\",\"width\":\"741\",\"height\":\"438\"},{\"@type\":\"WebSite\",\"@id\":\"https:\\\/\\\/enterarte.info\\\/press\\\/#website\",\"url\":\"https:\\\/\\\/enterarte.info\\\/press\\\/\",\"name\":\"ENTERARTE\",\"description\":\"Cuando el arte y la inform\u00e1tica son  uno\",\"publisher\":{\"@id\":\"https:\\\/\\\/enterarte.info\\\/press\\\/#organization\"},\"potentialAction\":[{\"@type\":\"SearchAction\",\"target\":{\"@type\":\"EntryPoint\",\"urlTemplate\":\"https:\\\/\\\/enterarte.info\\\/press\\\/?s={search_term_string}\"},\"query-input\":{\"@type\":\"PropertyValueSpecification\",\"valueRequired\":true,\"valueName\":\"search_term_string\"}}],\"inLanguage\":\"es\"},{\"@type\":\"Organization\",\"@id\":\"https:\\\/\\\/enterarte.info\\\/press\\\/#organization\",\"name\":\"ENTERARTE\",\"url\":\"https:\\\/\\\/enterarte.info\\\/press\\\/\",\"logo\":{\"@type\":\"ImageObject\",\"inLanguage\":\"es\",\"@id\":\"https:\\\/\\\/enterarte.info\\\/press\\\/#\\\/schema\\\/logo\\\/image\\\/\",\"url\":\"http:\\\/\\\/enterarte.info\\\/press\\\/wp-content\\\/uploads\\\/2017\\\/09\\\/cabezal_fondo_celeste_final_910.png\",\"contentUrl\":\"http:\\\/\\\/enterarte.info\\\/press\\\/wp-content\\\/uploads\\\/2017\\\/09\\\/cabezal_fondo_celeste_final_910.png\",\"width\":910,\"height\":205,\"caption\":\"ENTERARTE\"},\"image\":{\"@id\":\"https:\\\/\\\/enterarte.info\\\/press\\\/#\\\/schema\\\/logo\\\/image\\\/\"},\"sameAs\":[\"\\\/enterarte.info\\\/\"]},{\"@type\":\"Person\",\"@id\":\"https:\\\/\\\/enterarte.info\\\/press\\\/#\\\/schema\\\/person\\\/fa2f105d12625996bb3b7ec9ee879090\",\"name\":\"cama20\",\"image\":{\"@type\":\"ImageObject\",\"inLanguage\":\"es\",\"@id\":\"https:\\\/\\\/secure.gravatar.com\\\/avatar\\\/30240d3fd91f678e10f564ecb18d1f3d74d03864f7653792bea90f91c9965095?s=96&d=mm&r=g\",\"url\":\"https:\\\/\\\/secure.gravatar.com\\\/avatar\\\/30240d3fd91f678e10f564ecb18d1f3d74d03864f7653792bea90f91c9965095?s=96&d=mm&r=g\",\"contentUrl\":\"https:\\\/\\\/secure.gravatar.com\\\/avatar\\\/30240d3fd91f678e10f564ecb18d1f3d74d03864f7653792bea90f91c9965095?s=96&d=mm&r=g\",\"caption\":\"cama20\"},\"url\":\"https:\\\/\\\/enterarte.info\\\/press\\\/author\\\/cama20\\\/\"}]}<\/script>\n<!-- \/ Yoast SEO plugin. -->","yoast_head_json":{"title":"Salto recibe la 7.\u00aa edici\u00f3n del encuentro internacional de coros \u201cSalto Canta en Armon\u00eda\u201d - ENTERARTE","robots":{"index":"index","follow":"follow","max-snippet":"max-snippet:-1","max-image-preview":"max-image-preview:large","max-video-preview":"max-video-preview:-1"},"canonical":"https:\/\/enterarte.info\/press\/salto-recibe-la-7-a-edicion-del-encuentro-internacional-de-coros-salto-canta-en-armonia\/","og_locale":"es_ES","og_type":"article","og_title":"Salto recibe la 7.\u00aa edici\u00f3n del encuentro internacional de coros \u201cSalto Canta en Armon\u00eda\u201d - ENTERARTE","og_description":"El pr\u00f3ximo s\u00e1bado 5 de setiembre, a las 20 horas, se realizar\u00e1 en la parroquia de la &hellip;","og_url":"https:\/\/enterarte.info\/press\/salto-recibe-la-7-a-edicion-del-encuentro-internacional-de-coros-salto-canta-en-armonia\/","og_site_name":"ENTERARTE","article_publisher":"\/enterarte.info\/","article_published_time":"2026-09-04T15:42:37+00:00","og_image":[{"url":"https:\/\/preferenciaplay.uy\/storage\/archivos\/3536\/CORO_jpg.jpg","type":"","width":"","height":""}],"author":"cama20","twitter_card":"summary_large_image","twitter_image":"https:\/\/preferenciaplay.uy\/storage\/archivos\/3536\/CORO_jpg.jpg","twitter_misc":{"Escrito por":"cama20","Tiempo de lectura":"2 minutos"},"schema":{"@context":"https:\/\/schema.org","@graph":[{"@type":"Article","@id":"https:\/\/enterarte.info\/press\/salto-recibe-la-7-a-edicion-del-encuentro-internacional-de-coros-salto-canta-en-armonia\/#article","isPartOf":{"@id":"https:\/\/enterarte.info\/press\/salto-recibe-la-7-a-edicion-del-encuentro-internacional-de-coros-salto-canta-en-armonia\/"},"author":{"name":"cama20","@id":"https:\/\/enterarte.info\/press\/#\/schema\/person\/fa2f105d12625996bb3b7ec9ee879090"},"headline":"Salto recibe la 7.\u00aa edici\u00f3n del encuentro internacional de coros \u201cSalto Canta en Armon\u00eda\u201d","datePublished":"2026-09-04T15:42:37+00:00","mainEntityOfPage":{"@id":"https:\/\/enterarte.info\/press\/salto-recibe-la-7-a-edicion-del-encuentro-internacional-de-coros-salto-canta-en-armonia\/"},"wordCount":354,"commentCount":0,"publisher":{"@id":"https:\/\/enterarte.info\/press\/#organization"},"image":{"@id":"https:\/\/enterarte.info\/press\/salto-recibe-la-7-a-edicion-del-encuentro-internacional-de-coros-salto-canta-en-armonia\/#primaryimage"},"thumbnailUrl":"https:\/\/preferenciaplay.uy\/storage\/archivos\/3536\/CORO_jpg.jpg","articleSection":["Novedades","SALTO"],"inLanguage":"es","potentialAction":[{"@type":"CommentAction","name":"Comment","target":["https:\/\/enterarte.info\/press\/salto-recibe-la-7-a-edicion-del-encuentro-internacional-de-coros-salto-canta-en-armonia\/#respond"]}]},{"@type":"WebPage","@id":"https:\/\/enterarte.info\/press\/salto-recibe-la-7-a-edicion-del-encuentro-internacional-de-coros-salto-canta-en-armonia\/","url":"https:\/\/enterarte.info\/press\/salto-recibe-la-7-a-edicion-del-encuentro-internacional-de-coros-salto-canta-en-armonia\/","name":"Salto recibe la 7.\u00aa edici\u00f3n del encuentro internacional de coros \u201cSalto Canta en Armon\u00eda\u201d - ENTERARTE","isPartOf":{"@id":"https:\/\/enterarte.info\/press\/#website"},"primaryImageOfPage":{"@id":"https:\/\/enterarte.info\/press\/salto-recibe-la-7-a-edicion-del-encuentro-internacional-de-coros-salto-canta-en-armonia\/#primaryimage"},"image":{"@id":"https:\/\/enterarte.info\/press\/salto-recibe-la-7-a-edicion-del-encuentro-internacional-de-coros-salto-canta-en-armonia\/#primaryimage"},"thumbnailUrl":"https:\/\/preferenciaplay.uy\/storage\/archivos\/3536\/CORO_jpg.jpg","datePublished":"2026-09-04T15:42:37+00:00","inLanguage":"es","potentialAction":[{"@type":"ReadAction","target":["https:\/\/enterarte.info\/press\/salto-recibe-la-7-a-edicion-del-encuentro-internacional-de-coros-salto-canta-en-armonia\/"]}]},{"@type":"ImageObject","inLanguage":"es","@id":"https:\/\/enterarte.info\/press\/salto-recibe-la-7-a-edicion-del-encuentro-internacional-de-coros-salto-canta-en-armonia\/#primaryimage","url":"https:\/\/preferenciaplay.uy\/storage\/archivos\/3536\/CORO_jpg.jpg","contentUrl":"https:\/\/preferenciaplay.uy\/storage\/archivos\/3536\/CORO_jpg.jpg","width":"741","height":"438"},{"@type":"WebSite","@id":"https:\/\/enterarte.info\/press\/#website","url":"https:\/\/enterarte.info\/press\/","name":"ENTERARTE","description":"Cuando el arte y la inform\u00e1tica son  uno","publisher":{"@id":"https:\/\/enterarte.info\/press\/#organization"},"potentialAction":[{"@type":"SearchAction","target":{"@type":"EntryPoint","urlTemplate":"https:\/\/enterarte.info\/press\/?s={search_term_string}"},"query-input":{"@type":"PropertyValueSpecification","valueRequired":true,"valueName":"search_term_string"}}],"inLanguage":"es"},{"@type":"Organization","@id":"https:\/\/enterarte.info\/press\/#organization","name":"ENTERARTE","url":"https:\/\/enterarte.info\/press\/","logo":{"@type":"ImageObject","inLanguage":"es","@id":"https:\/\/enterarte.info\/press\/#\/schema\/logo\/image\/","url":"http:\/\/enterarte.info\/press\/wp-content\/uploads\/2017\/09\/cabezal_fondo_celeste_final_910.png","contentUrl":"http:\/\/enterarte.info\/press\/wp-content\/uploads\/2017\/09\/cabezal_fondo_celeste_final_910.png","width":910,"height":205,"caption":"ENTERARTE"},"image":{"@id":"https:\/\/enterarte.info\/press\/#\/schema\/logo\/image\/"},"sameAs":["\/enterarte.info\/"]},{"@type":"Person","@id":"https:\/\/enterarte.info\/press\/#\/schema\/person\/fa2f105d12625996bb3b7ec9ee879090","name":"cama20","image":{"@type":"ImageObject","inLanguage":"es","@id":"https:\/\/secure.gravatar.com\/avatar\/30240d3fd91f678e10f564ecb18d1f3d74d03864f7653792bea90f91c9965095?s=96&d=mm&r=g","url":"https:\/\/secure.gravatar.com\/avatar\/30240d3fd91f678e10f564ecb18d1f3d74d03864f7653792bea90f91c9965095?s=96&d=mm&r=g","contentUrl":"https:\/\/secure.gravatar.com\/avatar\/30240d3fd91f678e10f564ecb18d1f3d74d03864f7653792bea90f91c9965095?s=96&d=mm&r=g","caption":"cama20"},"url":"https:\/\/enterarte.info\/press\/author\/cama20\/"}]}},"jetpack_publicize_connections":[],"_links":{"self":[{"href":"https:\/\/enterarte.info\/press\/wp-json\/wp\/v2\/posts\/7067","targetHints":{"allow":["GET"]}}],"collection":[{"href":"https:\/\/enterarte.info\/press\/wp-json\/wp\/v2\/posts"}],"about":[{"href":"https:\/\/enterarte.info\/press\/wp-json\/wp\/v2\/types\/post"}],"author":[{"embeddable":true,"href":"https:\/\/enterarte.info\/press\/wp-json\/wp\/v2\/users\/2"}],"replies":[{"embeddable":true,"href":"https:\/\/enterarte.info\/press\/wp-json\/wp\/v2\/comments?post=7067"}],"version-history":[{"count":1,"href":"https:\/\/enterarte.info\/press\/wp-json\/wp\/v2\/posts\/7067\/revisions"}],"predecessor-version":[{"id":7069,"href":"https:\/\/enterarte.info\/press\/wp-json\/wp\/v2\/posts\/7067\/revisions\/7069"}],"wp:featuredmedia":[{"embeddable":true,"href":"https:\/\/enterarte.info\/press\/wp-json\/wp\/v2\/media\/7068"}],"wp:attachment":[{"href":"https:\/\/enterarte.info\/press\/wp-json\/wp\/v2\/media?parent=7067"}],"wp:term":[{"taxonomy":"category","embeddable":true,"href":"https:\/\/enterarte.info\/press\/wp-json\/wp\/v2\/categories?post=7067"},{"taxonomy":"post_tag","embeddable":true,"href":"https:\/\/enterarte.info\/press\/wp-json\/wp\/v2\/tags?post=7067"}],"curies":[{"name":"wp","href":"https:\/\/api.w.org\/{rel}","templated":true}]}}