{"id":7060,"date":"2026-09-03T18:45:39","date_gmt":"2026-09-03T21:45:39","guid":{"rendered":"https:\/\/enterarte.info\/press\/?p=7060"},"modified":"2026-09-03T18:45:39","modified_gmt":"2026-09-03T21:45:39","slug":"la-intendencia-sale-a-reforzar-la-seguridad-en-salto-con-500-camaras-y-la-guardia-departamental","status":"publish","type":"post","link":"https:\/\/enterarte.info\/press\/la-intendencia-sale-a-reforzar-la-seguridad-en-salto-con-500-camaras-y-la-guardia-departamental\/","title":{"rendered":"La Intendencia sale a reforzar la seguridad en Salto con 500 c\u00e1maras y la guardia departamental"},"content":{"rendered":"<div dir=\"auto\">El Gobierno de Salto avanza hacia un sistema de monitoreo y videovigilancia con inteligencia artificial mediante la instalaci\u00f3n de 500 c\u00e1maras y una central de monitoreo que, sumadas a las 350 c\u00e1maras actuales del Ministerio del Interior, contribuir\u00e1 a una cobertura eficiente en materia de seguridad y ser\u00e1 de gran utilidad para obtener informaci\u00f3n relevante sobre los servicios que brinda la propia Intendencia.<\/div>\n<div dir=\"auto\">Las primeras 250 c\u00e1maras y la central quedar\u00e1n instaladas antes de fin de a\u00f1o. El sistema de monitoreo incluir\u00e1 herramientas de anal\u00edtica e inteligencia artificial. El objetivo, seg\u00fan el intendente, es \u201ccolaborar con la seguridad en el departamento\u201d, y ponerlas a disposici\u00f3n, tanto para el trabajo en la gesti\u00f3n de espacios p\u00fablicos del Gobierno de Salto, como para la utilizaci\u00f3n de sistema por parte del Ministerio del Interior.<\/div>\n<div dir=\"auto\">El intendente destac\u00f3 que la propuesta es resultado de un proceso de trabajo previo en el que el Gobierno de Salto mantuvo contactos e intercambios con Maldonado, Florida y Buenos Aires, para conocer experiencias de videovigilancia, tecnolog\u00eda y funcionamiento de centros de monitoreo.<\/div>\n<div dir=\"auto\">\u201cHay lugares que ya tienen experiencia y quisimos conocer de primera mano qu\u00e9 funciona, qu\u00e9 dificultades encontraron y qu\u00e9 podemos aprender. No tenemos que inventar todo de cero. Tenemos que recoger las mejores experiencias y construir un sistema que responda a la realidad de Salto\u201d, se\u00f1al\u00f3.<\/div>\n<div dir=\"auto\">La propuesta prev\u00e9 contratar un servicio integral que contemple instalaci\u00f3n, mantenimiento, reposici\u00f3n y actualizaci\u00f3n tecnol\u00f3gica de los equipos. El monitoreo estar\u00e1 a cargo de personal del Gobierno de Salto.<\/div>\n<div dir=\"auto\">Albisu remarc\u00f3 que el proyecto tambi\u00e9n est\u00e1 directamente relacionado con el cuidado de los espacios p\u00fablicos y las inversiones que realiza el Gobierno departamental.<\/div>\n<div dir=\"auto\">\u201cEstamos recuperando espacios, haciendo obras y trabajando para tener una ciudad cada vez m\u00e1s disfrutable. Y todo eso tambi\u00e9n hay que cuidarlo. Queremos contar con herramientas que nos permitan tener mayor capacidad de respuesta y proteger lo que es de todos los salte\u00f1os\u201d, afirm\u00f3.<\/div>\n<div dir=\"auto\">Adem\u00e1s, destac\u00f3 que esta \u201ccolaboraci\u00f3n\u201d del Gobierno de Salto para mejorar la seguridad, se enmarca en un plan que incluye varias medidas, como la creaci\u00f3n de la Guardia Municipal, con personal recorriendo y monitoreando los espacios p\u00fablicos del departamento, y el plan de iluminaci\u00f3n que cubrir\u00e1 2200 cuadras, de las 3700 que tiene el departamento, y 220 cuadras correspondientes a las nuevas avenidas.<\/div>\n<div dir=\"auto\">Durante la conferencia acompa\u00f1aron al intendente el encargado del \u00c1rea de Innovaci\u00f3n y Desarrollo, Pablo Da Cunda; el encargado de Jur\u00eddica, H\u00e9ctor Ferreira; y el director de Servicios P\u00fablicos, Carlos Ayuto.<\/div>\n<div dir=\"auto\"><\/div>\n","protected":false},"excerpt":{"rendered":"<p>El Gobierno de Salto avanza hacia un sistema de monitoreo y videovigilancia con inteligencia artificial mediante la &hellip; <\/p>\n","protected":false},"author":5,"featured_media":7061,"comment_status":"open","ping_status":"open","sticky":false,"template":"","format":"standard","meta":{"rop_custom_images_group":[],"rop_custom_messages_group":[],"rop_publish_now":"initial","rop_publish_now_accounts":[],"rop_publish_now_history":[],"rop_publish_now_status":"pending","fifu_image_url":"","fifu_image_alt":"","footnotes":"","jetpack_publicize_message":"","jetpack_publicize_feature_enabled":true,"jetpack_social_post_already_shared":true,"jetpack_social_options":{"image_generator_settings":{"template":"highway","default_image_id":0,"font":"","enabled":false},"version":2}},"categories":[1,15],"tags":[],"class_list":["post-7060","post","type-post","status-publish","format-standard","has-post-thumbnail","hentry","category-novedades","category-salto"],"yoast_head":"<!-- This site is optimized with the Yoast SEO plugin v27.4 - https:\/\/yoast.com\/product\/yoast-seo-wordpress\/ -->\n<title>La Intendencia sale a reforzar la seguridad en Salto con 500 c\u00e1maras y la guardia departamental - ENTERARTE<\/title>\n<meta name=\"robots\" content=\"index, follow, max-snippet:-1, max-image-preview:large, max-video-preview:-1\" \/>\n<link rel=\"canonical\" href=\"https:\/\/enterarte.info\/press\/la-intendencia-sale-a-reforzar-la-seguridad-en-salto-con-500-camaras-y-la-guardia-departamental\/\" \/>\n<meta property=\"og:locale\" content=\"es_ES\" \/>\n<meta property=\"og:type\" content=\"article\" \/>\n<meta property=\"og:title\" content=\"La Intendencia sale a reforzar la seguridad en Salto con 500 c\u00e1maras y la guardia departamental - ENTERARTE\" \/>\n<meta property=\"og:description\" content=\"El Gobierno de Salto avanza hacia un sistema de monitoreo y videovigilancia con inteligencia artificial mediante la &hellip;\" \/>\n<meta property=\"og:url\" content=\"https:\/\/enterarte.info\/press\/la-intendencia-sale-a-reforzar-la-seguridad-en-salto-con-500-camaras-y-la-guardia-departamental\/\" \/>\n<meta property=\"og:site_name\" content=\"ENTERARTE\" \/>\n<meta property=\"article:publisher\" content=\"\/enterarte.info\/\" \/>\n<meta property=\"article:published_time\" content=\"2026-09-03T21:45:39+00:00\" \/>\n<meta property=\"og:image\" content=\"https:\/\/enterarte.info\/press\/wp-content\/uploads\/2026\/09\/IMG-202-1-scaled-e1788471929474.jpg\" \/>\n\t<meta property=\"og:image:width\" content=\"500\" \/>\n\t<meta property=\"og:image:height\" content=\"400\" \/>\n\t<meta property=\"og:image:type\" content=\"image\/jpeg\" \/>\n<meta name=\"author\" content=\"Virginia Vega\" \/>\n<meta name=\"twitter:card\" content=\"summary_large_image\" \/>\n<meta name=\"twitter:label1\" content=\"Escrito por\" \/>\n\t<meta name=\"twitter:data1\" content=\"Virginia Vega\" \/>\n\t<meta name=\"twitter:label2\" content=\"Tiempo de lectura\" \/>\n\t<meta name=\"twitter:data2\" content=\"3 minutos\" \/>\n<script type=\"application\/ld+json\" class=\"yoast-schema-graph\">{\"@context\":\"https:\\\/\\\/schema.org\",\"@graph\":[{\"@type\":\"Article\",\"@id\":\"https:\\\/\\\/enterarte.info\\\/press\\\/la-intendencia-sale-a-reforzar-la-seguridad-en-salto-con-500-camaras-y-la-guardia-departamental\\\/#article\",\"isPartOf\":{\"@id\":\"https:\\\/\\\/enterarte.info\\\/press\\\/la-intendencia-sale-a-reforzar-la-seguridad-en-salto-con-500-camaras-y-la-guardia-departamental\\\/\"},\"author\":{\"name\":\"Virginia Vega\",\"@id\":\"https:\\\/\\\/enterarte.info\\\/press\\\/#\\\/schema\\\/person\\\/390c3cc4b651385ec56aa36c7ac48dda\"},\"headline\":\"La Intendencia sale a reforzar la seguridad en Salto con 500 c\u00e1maras y la guardia departamental\",\"datePublished\":\"2026-09-03T21:45:39+00:00\",\"mainEntityOfPage\":{\"@id\":\"https:\\\/\\\/enterarte.info\\\/press\\\/la-intendencia-sale-a-reforzar-la-seguridad-en-salto-con-500-camaras-y-la-guardia-departamental\\\/\"},\"wordCount\":455,\"commentCount\":0,\"publisher\":{\"@id\":\"https:\\\/\\\/enterarte.info\\\/press\\\/#organization\"},\"image\":{\"@id\":\"https:\\\/\\\/enterarte.info\\\/press\\\/la-intendencia-sale-a-reforzar-la-seguridad-en-salto-con-500-camaras-y-la-guardia-departamental\\\/#primaryimage\"},\"thumbnailUrl\":\"https:\\\/\\\/enterarte.info\\\/press\\\/wp-content\\\/uploads\\\/2026\\\/09\\\/IMG-202-1-scaled-e1788471929474.jpg\",\"articleSection\":[\"Novedades\",\"SALTO\"],\"inLanguage\":\"es\",\"potentialAction\":[{\"@type\":\"CommentAction\",\"name\":\"Comment\",\"target\":[\"https:\\\/\\\/enterarte.info\\\/press\\\/la-intendencia-sale-a-reforzar-la-seguridad-en-salto-con-500-camaras-y-la-guardia-departamental\\\/#respond\"]}]},{\"@type\":\"WebPage\",\"@id\":\"https:\\\/\\\/enterarte.info\\\/press\\\/la-intendencia-sale-a-reforzar-la-seguridad-en-salto-con-500-camaras-y-la-guardia-departamental\\\/\",\"url\":\"https:\\\/\\\/enterarte.info\\\/press\\\/la-intendencia-sale-a-reforzar-la-seguridad-en-salto-con-500-camaras-y-la-guardia-departamental\\\/\",\"name\":\"La Intendencia sale a reforzar la seguridad en Salto con 500 c\u00e1maras y la guardia departamental - ENTERARTE\",\"isPartOf\":{\"@id\":\"https:\\\/\\\/enterarte.info\\\/press\\\/#website\"},\"primaryImageOfPage\":{\"@id\":\"https:\\\/\\\/enterarte.info\\\/press\\\/la-intendencia-sale-a-reforzar-la-seguridad-en-salto-con-500-camaras-y-la-guardia-departamental\\\/#primaryimage\"},\"image\":{\"@id\":\"https:\\\/\\\/enterarte.info\\\/press\\\/la-intendencia-sale-a-reforzar-la-seguridad-en-salto-con-500-camaras-y-la-guardia-departamental\\\/#primaryimage\"},\"thumbnailUrl\":\"https:\\\/\\\/enterarte.info\\\/press\\\/wp-content\\\/uploads\\\/2026\\\/09\\\/IMG-202-1-scaled-e1788471929474.jpg\",\"datePublished\":\"2026-09-03T21:45:39+00:00\",\"inLanguage\":\"es\",\"potentialAction\":[{\"@type\":\"ReadAction\",\"target\":[\"https:\\\/\\\/enterarte.info\\\/press\\\/la-intendencia-sale-a-reforzar-la-seguridad-en-salto-con-500-camaras-y-la-guardia-departamental\\\/\"]}]},{\"@type\":\"ImageObject\",\"inLanguage\":\"es\",\"@id\":\"https:\\\/\\\/enterarte.info\\\/press\\\/la-intendencia-sale-a-reforzar-la-seguridad-en-salto-con-500-camaras-y-la-guardia-departamental\\\/#primaryimage\",\"url\":\"https:\\\/\\\/enterarte.info\\\/press\\\/wp-content\\\/uploads\\\/2026\\\/09\\\/IMG-202-1-scaled-e1788471929474.jpg\",\"contentUrl\":\"https:\\\/\\\/enterarte.info\\\/press\\\/wp-content\\\/uploads\\\/2026\\\/09\\\/IMG-202-1-scaled-e1788471929474.jpg\",\"width\":500,\"height\":400},{\"@type\":\"WebSite\",\"@id\":\"https:\\\/\\\/enterarte.info\\\/press\\\/#website\",\"url\":\"https:\\\/\\\/enterarte.info\\\/press\\\/\",\"name\":\"ENTERARTE\",\"description\":\"Cuando el arte y la inform\u00e1tica son  uno\",\"publisher\":{\"@id\":\"https:\\\/\\\/enterarte.info\\\/press\\\/#organization\"},\"potentialAction\":[{\"@type\":\"SearchAction\",\"target\":{\"@type\":\"EntryPoint\",\"urlTemplate\":\"https:\\\/\\\/enterarte.info\\\/press\\\/?s={search_term_string}\"},\"query-input\":{\"@type\":\"PropertyValueSpecification\",\"valueRequired\":true,\"valueName\":\"search_term_string\"}}],\"inLanguage\":\"es\"},{\"@type\":\"Organization\",\"@id\":\"https:\\\/\\\/enterarte.info\\\/press\\\/#organization\",\"name\":\"ENTERARTE\",\"url\":\"https:\\\/\\\/enterarte.info\\\/press\\\/\",\"logo\":{\"@type\":\"ImageObject\",\"inLanguage\":\"es\",\"@id\":\"https:\\\/\\\/enterarte.info\\\/press\\\/#\\\/schema\\\/logo\\\/image\\\/\",\"url\":\"http:\\\/\\\/enterarte.info\\\/press\\\/wp-content\\\/uploads\\\/2017\\\/09\\\/cabezal_fondo_celeste_final_910.png\",\"contentUrl\":\"http:\\\/\\\/enterarte.info\\\/press\\\/wp-content\\\/uploads\\\/2017\\\/09\\\/cabezal_fondo_celeste_final_910.png\",\"width\":910,\"height\":205,\"caption\":\"ENTERARTE\"},\"image\":{\"@id\":\"https:\\\/\\\/enterarte.info\\\/press\\\/#\\\/schema\\\/logo\\\/image\\\/\"},\"sameAs\":[\"\\\/enterarte.info\\\/\"]},{\"@type\":\"Person\",\"@id\":\"https:\\\/\\\/enterarte.info\\\/press\\\/#\\\/schema\\\/person\\\/390c3cc4b651385ec56aa36c7ac48dda\",\"name\":\"Virginia Vega\",\"image\":{\"@type\":\"ImageObject\",\"inLanguage\":\"es\",\"@id\":\"https:\\\/\\\/secure.gravatar.com\\\/avatar\\\/7ddcd10020d53de62ad0fefe7655bb0f47c6344e827b2ad5669724599ad0e4c2?s=96&d=mm&r=g\",\"url\":\"https:\\\/\\\/secure.gravatar.com\\\/avatar\\\/7ddcd10020d53de62ad0fefe7655bb0f47c6344e827b2ad5669724599ad0e4c2?s=96&d=mm&r=g\",\"contentUrl\":\"https:\\\/\\\/secure.gravatar.com\\\/avatar\\\/7ddcd10020d53de62ad0fefe7655bb0f47c6344e827b2ad5669724599ad0e4c2?s=96&d=mm&r=g\",\"caption\":\"Virginia Vega\"},\"sameAs\":[\"http:\\\/\\\/enterarte.info\"],\"url\":\"https:\\\/\\\/enterarte.info\\\/press\\\/author\\\/vicky\\\/\"}]}<\/script>\n<!-- \/ Yoast SEO plugin. -->","yoast_head_json":{"title":"La Intendencia sale a reforzar la seguridad en Salto con 500 c\u00e1maras y la guardia departamental - ENTERARTE","robots":{"index":"index","follow":"follow","max-snippet":"max-snippet:-1","max-image-preview":"max-image-preview:large","max-video-preview":"max-video-preview:-1"},"canonical":"https:\/\/enterarte.info\/press\/la-intendencia-sale-a-reforzar-la-seguridad-en-salto-con-500-camaras-y-la-guardia-departamental\/","og_locale":"es_ES","og_type":"article","og_title":"La Intendencia sale a reforzar la seguridad en Salto con 500 c\u00e1maras y la guardia departamental - ENTERARTE","og_description":"El Gobierno de Salto avanza hacia un sistema de monitoreo y videovigilancia con inteligencia artificial mediante la &hellip;","og_url":"https:\/\/enterarte.info\/press\/la-intendencia-sale-a-reforzar-la-seguridad-en-salto-con-500-camaras-y-la-guardia-departamental\/","og_site_name":"ENTERARTE","article_publisher":"\/enterarte.info\/","article_published_time":"2026-09-03T21:45:39+00:00","og_image":[{"width":500,"height":400,"url":"https:\/\/enterarte.info\/press\/wp-content\/uploads\/2026\/09\/IMG-202-1-scaled-e1788471929474.jpg","type":"image\/jpeg"}],"author":"Virginia Vega","twitter_card":"summary_large_image","twitter_misc":{"Escrito por":"Virginia Vega","Tiempo de lectura":"3 minutos"},"schema":{"@context":"https:\/\/schema.org","@graph":[{"@type":"Article","@id":"https:\/\/enterarte.info\/press\/la-intendencia-sale-a-reforzar-la-seguridad-en-salto-con-500-camaras-y-la-guardia-departamental\/#article","isPartOf":{"@id":"https:\/\/enterarte.info\/press\/la-intendencia-sale-a-reforzar-la-seguridad-en-salto-con-500-camaras-y-la-guardia-departamental\/"},"author":{"name":"Virginia Vega","@id":"https:\/\/enterarte.info\/press\/#\/schema\/person\/390c3cc4b651385ec56aa36c7ac48dda"},"headline":"La Intendencia sale a reforzar la seguridad en Salto con 500 c\u00e1maras y la guardia departamental","datePublished":"2026-09-03T21:45:39+00:00","mainEntityOfPage":{"@id":"https:\/\/enterarte.info\/press\/la-intendencia-sale-a-reforzar-la-seguridad-en-salto-con-500-camaras-y-la-guardia-departamental\/"},"wordCount":455,"commentCount":0,"publisher":{"@id":"https:\/\/enterarte.info\/press\/#organization"},"image":{"@id":"https:\/\/enterarte.info\/press\/la-intendencia-sale-a-reforzar-la-seguridad-en-salto-con-500-camaras-y-la-guardia-departamental\/#primaryimage"},"thumbnailUrl":"https:\/\/enterarte.info\/press\/wp-content\/uploads\/2026\/09\/IMG-202-1-scaled-e1788471929474.jpg","articleSection":["Novedades","SALTO"],"inLanguage":"es","potentialAction":[{"@type":"CommentAction","name":"Comment","target":["https:\/\/enterarte.info\/press\/la-intendencia-sale-a-reforzar-la-seguridad-en-salto-con-500-camaras-y-la-guardia-departamental\/#respond"]}]},{"@type":"WebPage","@id":"https:\/\/enterarte.info\/press\/la-intendencia-sale-a-reforzar-la-seguridad-en-salto-con-500-camaras-y-la-guardia-departamental\/","url":"https:\/\/enterarte.info\/press\/la-intendencia-sale-a-reforzar-la-seguridad-en-salto-con-500-camaras-y-la-guardia-departamental\/","name":"La Intendencia sale a reforzar la seguridad en Salto con 500 c\u00e1maras y la guardia departamental - ENTERARTE","isPartOf":{"@id":"https:\/\/enterarte.info\/press\/#website"},"primaryImageOfPage":{"@id":"https:\/\/enterarte.info\/press\/la-intendencia-sale-a-reforzar-la-seguridad-en-salto-con-500-camaras-y-la-guardia-departamental\/#primaryimage"},"image":{"@id":"https:\/\/enterarte.info\/press\/la-intendencia-sale-a-reforzar-la-seguridad-en-salto-con-500-camaras-y-la-guardia-departamental\/#primaryimage"},"thumbnailUrl":"https:\/\/enterarte.info\/press\/wp-content\/uploads\/2026\/09\/IMG-202-1-scaled-e1788471929474.jpg","datePublished":"2026-09-03T21:45:39+00:00","inLanguage":"es","potentialAction":[{"@type":"ReadAction","target":["https:\/\/enterarte.info\/press\/la-intendencia-sale-a-reforzar-la-seguridad-en-salto-con-500-camaras-y-la-guardia-departamental\/"]}]},{"@type":"ImageObject","inLanguage":"es","@id":"https:\/\/enterarte.info\/press\/la-intendencia-sale-a-reforzar-la-seguridad-en-salto-con-500-camaras-y-la-guardia-departamental\/#primaryimage","url":"https:\/\/enterarte.info\/press\/wp-content\/uploads\/2026\/09\/IMG-202-1-scaled-e1788471929474.jpg","contentUrl":"https:\/\/enterarte.info\/press\/wp-content\/uploads\/2026\/09\/IMG-202-1-scaled-e1788471929474.jpg","width":500,"height":400},{"@type":"WebSite","@id":"https:\/\/enterarte.info\/press\/#website","url":"https:\/\/enterarte.info\/press\/","name":"ENTERARTE","description":"Cuando el arte y la inform\u00e1tica son  uno","publisher":{"@id":"https:\/\/enterarte.info\/press\/#organization"},"potentialAction":[{"@type":"SearchAction","target":{"@type":"EntryPoint","urlTemplate":"https:\/\/enterarte.info\/press\/?s={search_term_string}"},"query-input":{"@type":"PropertyValueSpecification","valueRequired":true,"valueName":"search_term_string"}}],"inLanguage":"es"},{"@type":"Organization","@id":"https:\/\/enterarte.info\/press\/#organization","name":"ENTERARTE","url":"https:\/\/enterarte.info\/press\/","logo":{"@type":"ImageObject","inLanguage":"es","@id":"https:\/\/enterarte.info\/press\/#\/schema\/logo\/image\/","url":"http:\/\/enterarte.info\/press\/wp-content\/uploads\/2017\/09\/cabezal_fondo_celeste_final_910.png","contentUrl":"http:\/\/enterarte.info\/press\/wp-content\/uploads\/2017\/09\/cabezal_fondo_celeste_final_910.png","width":910,"height":205,"caption":"ENTERARTE"},"image":{"@id":"https:\/\/enterarte.info\/press\/#\/schema\/logo\/image\/"},"sameAs":["\/enterarte.info\/"]},{"@type":"Person","@id":"https:\/\/enterarte.info\/press\/#\/schema\/person\/390c3cc4b651385ec56aa36c7ac48dda","name":"Virginia Vega","image":{"@type":"ImageObject","inLanguage":"es","@id":"https:\/\/secure.gravatar.com\/avatar\/7ddcd10020d53de62ad0fefe7655bb0f47c6344e827b2ad5669724599ad0e4c2?s=96&d=mm&r=g","url":"https:\/\/secure.gravatar.com\/avatar\/7ddcd10020d53de62ad0fefe7655bb0f47c6344e827b2ad5669724599ad0e4c2?s=96&d=mm&r=g","contentUrl":"https:\/\/secure.gravatar.com\/avatar\/7ddcd10020d53de62ad0fefe7655bb0f47c6344e827b2ad5669724599ad0e4c2?s=96&d=mm&r=g","caption":"Virginia Vega"},"sameAs":["http:\/\/enterarte.info"],"url":"https:\/\/enterarte.info\/press\/author\/vicky\/"}]}},"jetpack_publicize_connections":[],"_links":{"self":[{"href":"https:\/\/enterarte.info\/press\/wp-json\/wp\/v2\/posts\/7060","targetHints":{"allow":["GET"]}}],"collection":[{"href":"https:\/\/enterarte.info\/press\/wp-json\/wp\/v2\/posts"}],"about":[{"href":"https:\/\/enterarte.info\/press\/wp-json\/wp\/v2\/types\/post"}],"author":[{"embeddable":true,"href":"https:\/\/enterarte.info\/press\/wp-json\/wp\/v2\/users\/5"}],"replies":[{"embeddable":true,"href":"https:\/\/enterarte.info\/press\/wp-json\/wp\/v2\/comments?post=7060"}],"version-history":[{"count":1,"href":"https:\/\/enterarte.info\/press\/wp-json\/wp\/v2\/posts\/7060\/revisions"}],"predecessor-version":[{"id":7062,"href":"https:\/\/enterarte.info\/press\/wp-json\/wp\/v2\/posts\/7060\/revisions\/7062"}],"wp:featuredmedia":[{"embeddable":true,"href":"https:\/\/enterarte.info\/press\/wp-json\/wp\/v2\/media\/7061"}],"wp:attachment":[{"href":"https:\/\/enterarte.info\/press\/wp-json\/wp\/v2\/media?parent=7060"}],"wp:term":[{"taxonomy":"category","embeddable":true,"href":"https:\/\/enterarte.info\/press\/wp-json\/wp\/v2\/categories?post=7060"},{"taxonomy":"post_tag","embeddable":true,"href":"https:\/\/enterarte.info\/press\/wp-json\/wp\/v2\/tags?post=7060"}],"curies":[{"name":"wp","href":"https:\/\/api.w.org\/{rel}","templated":true}]}}