{"id":7057,"date":"2026-09-01T20:13:52","date_gmt":"2026-09-01T23:13:52","guid":{"rendered":"https:\/\/enterarte.info\/press\/?p=7057"},"modified":"2026-09-01T20:13:52","modified_gmt":"2026-09-01T23:13:52","slug":"gobierno-de-salto-reafirma-su-compromiso-con-la-diversidad-y-anuncia-una-agenda-de-actividades-durante-septiembre","status":"publish","type":"post","link":"https:\/\/enterarte.info\/press\/gobierno-de-salto-reafirma-su-compromiso-con-la-diversidad-y-anuncia-una-agenda-de-actividades-durante-septiembre\/","title":{"rendered":"Gobierno de Salto reafirma su compromiso con la diversidad y anuncia una agenda de actividades durante septiembre"},"content":{"rendered":"<p style=\"font-weight: 400;\">Con el inicio del Mes de la Diversidad, el Gobierno de Salto, a trav\u00e9s de la Oficina de G\u00e9nero, reafirm\u00f3 su compromiso con una sociedad m\u00e1s justa, inclusiva y libre de discriminaci\u00f3n. En ese marco, se present\u00f3 una agenda abierta de actividades que se ir\u00e1 enriqueciendo durante el mes y que tendr\u00e1 uno de sus principales momentos el pr\u00f3ximo 19 de septiembre, con la 17.\u00aa Marcha por la Diversidad.<\/p>\n<p style=\"font-weight: 400;\">La encargada de G\u00e9nero del Gobierno de Salto, Adriana Miraballes, destac\u00f3 que el comienzo del Mes de la Diversidad constituye una oportunidad para celebrar, conmemorar y promover el respeto, reafirmando el compromiso con una sociedad en la que todas las personas puedan desarrollarse plenamente y vivir libres de discriminaci\u00f3n.<\/p>\n<p style=\"font-weight: 400;\">\u201cConsideramos necesario desde nuestra \u00e1rea dejar en claro que nuestra postura es trabajar con la diversidad desde un lugar donde se rescatan los derechos humanos\u201d, se\u00f1al\u00f3 Miraballes, remarcando que la diversidad \u201cenriquece a nuestra sociedad\u201d y que, desde esta perspectiva, \u201ctodas las personas somos iguales\u201d.<\/p>\n<p style=\"font-weight: 400;\">La jerarca inform\u00f3 adem\u00e1s que desde la Oficina de G\u00e9nero se est\u00e1 trabajando en una agenda abierta de actividades para todo el mes de setiembre, cuyas propuestas se encuentran en las \u00faltimas etapas de coordinaci\u00f3n y que ser\u00e1n comunicadas oportunamente.<\/p>\n<p style=\"font-weight: 400;\">Visibilizar la diversidad en todos los espacios<\/p>\n<p style=\"font-weight: 400;\">Por su parte, la referente, P\u00eda Vianessi, resalt\u00f3 la importancia de que la diversidad sea reconocida y visibilizada en diferentes \u00e1mbitos de la vida cotidiana.<\/p>\n<p style=\"font-weight: 400;\">\u201cConmemorar la diversidad es algo sumamente importante, porque la diversidad siempre ha estado: ha estado en la ciencia, en el arte, en la cultura\u201d, expres\u00f3.<\/p>\n<p style=\"font-weight: 400;\">Vianessi se\u00f1al\u00f3 que la conmemoraci\u00f3n no debe limitarse \u00fanicamente a las actividades tradicionales, sino que debe permitir generar espacios de encuentro y reconocimiento de la comunidad LGBT en distintos \u00e1mbitos de la sociedad.<\/p>\n<p style=\"font-weight: 400;\">En ese sentido, destac\u00f3 el apoyo del Gobierno de Salto a las actividades previstas y sostuvo que la propuesta busca visibilizar la diversidad desde lo cotidiano, promoviendo el respeto y la convivencia.<\/p>\n<p style=\"font-weight: 400;\">El 19 de septiembre ser\u00e1 la 17.\u00aa Marcha por la Diversidad<\/p>\n<p style=\"font-weight: 400;\">En representaci\u00f3n de la Coordinadora por la Diversidad de Salto, Sof\u00eda Bacci anunci\u00f3 las principales actividades previstas para el s\u00e1bado 19 de septiembre, jornada en la que se realizar\u00e1 la 17.\u00aa Marcha por la Diversidad.<\/p>\n<p style=\"font-weight: 400;\">La marcha comenzar\u00e1 en Plaza Artigas y culminar\u00e1 en la Plazoleta Roosevelt.<\/p>\n<p style=\"font-weight: 400;\">Ese mismo d\u00eda, desde las 16 horas, se desarrollar\u00e1 en Plaza Artigas la Feria Diversa, un espacio de encuentro que reunir\u00e1 a emprendedores, instituciones y personas interesadas en conocer m\u00e1s sobre el trabajo de la Coordinadora y las diferentes propuestas que se desarrollan durante el Mes de la Diversidad.<\/p>\n<p style=\"font-weight: 400;\">Posteriormente, a las 20 horas, la actividad continuar\u00e1 en la Plazoleta Roosevelt con un evento art\u00edstico, que contar\u00e1 con la participaci\u00f3n de artistas salte\u00f1os de la comunidad LGBT.<\/p>\n<p style=\"font-weight: 400;\">Bacci invit\u00f3 a toda la comunidad a participar de las actividades y destac\u00f3 la importancia de generar espacios que permitan promover, visibilizar y reconocer el aporte y el talento de las personas que integran la comunidad.<\/p>\n<p style=\"font-weight: 400;\">\u201cUn compromiso que debemos reafirmar entre todos\u201d<\/p>\n<p style=\"font-weight: 400;\">El secretario general del Gobierno de Salto, Walter Texeira N\u00fa\u00f1ez, reafirm\u00f3 el compromiso de la administraci\u00f3n departamental con una sociedad basada en el respeto, la igualdad y la convivencia.<\/p>\n<p style=\"font-weight: 400;\">\u201cDesde el Gobierno de Salto queremos reafirmar nuestro compromiso con una sociedad m\u00e1s justa, equitativa e igualitaria, que comprenda y respete la dignidad de las personas m\u00e1s all\u00e1 de su g\u00e9nero\u201d, expres\u00f3.<\/p>\n<p style=\"font-weight: 400;\">Texeira N\u00fa\u00f1ez consider\u00f3 que el Mes de la Diversidad constituye \u201cun buen motivo\u201d para renovar el compromiso con la convivencia y el respeto entre todos los salte\u00f1os.<\/p>\n<p style=\"font-weight: 400;\">\u201cDebemos hacer que todas las personas que viven en nuestro territorio sean libres, sean respetadas en su identidad. Es un compromiso que debemos reafirmar entre todos y es un buen mes para comprometernos una vez m\u00e1s en este aspecto\u201d, concluy\u00f3.<\/p>\n","protected":false},"excerpt":{"rendered":"<p>Con el inicio del Mes de la Diversidad, el Gobierno de Salto, a trav\u00e9s de la Oficina &hellip; <\/p>\n","protected":false},"author":5,"featured_media":7058,"comment_status":"open","ping_status":"open","sticky":false,"template":"","format":"standard","meta":{"rop_custom_images_group":[],"rop_custom_messages_group":[],"rop_publish_now":"initial","rop_publish_now_accounts":[],"rop_publish_now_history":[],"rop_publish_now_status":"pending","fifu_image_url":"","fifu_image_alt":"","footnotes":"","jetpack_publicize_message":"","jetpack_publicize_feature_enabled":true,"jetpack_social_post_already_shared":true,"jetpack_social_options":{"image_generator_settings":{"template":"highway","default_image_id":0,"font":"","enabled":false},"version":2}},"categories":[1,15],"tags":[],"class_list":["post-7057","post","type-post","status-publish","format-standard","has-post-thumbnail","hentry","category-novedades","category-salto"],"yoast_head":"<!-- This site is optimized with the Yoast SEO plugin v27.4 - https:\/\/yoast.com\/product\/yoast-seo-wordpress\/ -->\n<title>Gobierno de Salto reafirma su compromiso con la diversidad y anuncia una agenda de actividades durante septiembre - ENTERARTE<\/title>\n<meta name=\"robots\" content=\"index, follow, max-snippet:-1, max-image-preview:large, max-video-preview:-1\" \/>\n<link rel=\"canonical\" href=\"https:\/\/enterarte.info\/press\/gobierno-de-salto-reafirma-su-compromiso-con-la-diversidad-y-anuncia-una-agenda-de-actividades-durante-septiembre\/\" \/>\n<meta property=\"og:locale\" content=\"es_ES\" \/>\n<meta property=\"og:type\" content=\"article\" \/>\n<meta property=\"og:title\" content=\"Gobierno de Salto reafirma su compromiso con la diversidad y anuncia una agenda de actividades durante septiembre - ENTERARTE\" \/>\n<meta property=\"og:description\" content=\"Con el inicio del Mes de la Diversidad, el Gobierno de Salto, a trav\u00e9s de la Oficina &hellip;\" \/>\n<meta property=\"og:url\" content=\"https:\/\/enterarte.info\/press\/gobierno-de-salto-reafirma-su-compromiso-con-la-diversidad-y-anuncia-una-agenda-de-actividades-durante-septiembre\/\" \/>\n<meta property=\"og:site_name\" content=\"ENTERARTE\" \/>\n<meta property=\"article:publisher\" content=\"\/enterarte.info\/\" \/>\n<meta property=\"article:published_time\" content=\"2026-09-01T23:13:52+00:00\" \/>\n<meta property=\"og:image\" content=\"https:\/\/enterarte.info\/press\/wp-content\/uploads\/2026\/09\/Diversidad.jpeg\" \/>\n\t<meta property=\"og:image:width\" content=\"2560\" \/>\n\t<meta property=\"og:image:height\" content=\"1706\" \/>\n\t<meta property=\"og:image:type\" content=\"image\/jpeg\" \/>\n<meta name=\"author\" content=\"Virginia Vega\" \/>\n<meta name=\"twitter:card\" content=\"summary_large_image\" \/>\n<meta name=\"twitter:label1\" content=\"Escrito por\" \/>\n\t<meta name=\"twitter:data1\" content=\"Virginia Vega\" \/>\n\t<meta name=\"twitter:label2\" content=\"Tiempo de lectura\" \/>\n\t<meta name=\"twitter:data2\" content=\"4 minutos\" \/>\n<script type=\"application\/ld+json\" class=\"yoast-schema-graph\">{\"@context\":\"https:\\\/\\\/schema.org\",\"@graph\":[{\"@type\":\"Article\",\"@id\":\"https:\\\/\\\/enterarte.info\\\/press\\\/gobierno-de-salto-reafirma-su-compromiso-con-la-diversidad-y-anuncia-una-agenda-de-actividades-durante-septiembre\\\/#article\",\"isPartOf\":{\"@id\":\"https:\\\/\\\/enterarte.info\\\/press\\\/gobierno-de-salto-reafirma-su-compromiso-con-la-diversidad-y-anuncia-una-agenda-de-actividades-durante-septiembre\\\/\"},\"author\":{\"name\":\"Virginia Vega\",\"@id\":\"https:\\\/\\\/enterarte.info\\\/press\\\/#\\\/schema\\\/person\\\/390c3cc4b651385ec56aa36c7ac48dda\"},\"headline\":\"Gobierno de Salto reafirma su compromiso con la diversidad y anuncia una agenda de actividades durante septiembre\",\"datePublished\":\"2026-09-01T23:13:52+00:00\",\"mainEntityOfPage\":{\"@id\":\"https:\\\/\\\/enterarte.info\\\/press\\\/gobierno-de-salto-reafirma-su-compromiso-con-la-diversidad-y-anuncia-una-agenda-de-actividades-durante-septiembre\\\/\"},\"wordCount\":671,\"commentCount\":0,\"publisher\":{\"@id\":\"https:\\\/\\\/enterarte.info\\\/press\\\/#organization\"},\"image\":{\"@id\":\"https:\\\/\\\/enterarte.info\\\/press\\\/gobierno-de-salto-reafirma-su-compromiso-con-la-diversidad-y-anuncia-una-agenda-de-actividades-durante-septiembre\\\/#primaryimage\"},\"thumbnailUrl\":\"https:\\\/\\\/enterarte.info\\\/press\\\/wp-content\\\/uploads\\\/2026\\\/09\\\/Diversidad.jpeg\",\"articleSection\":[\"Novedades\",\"SALTO\"],\"inLanguage\":\"es\",\"potentialAction\":[{\"@type\":\"CommentAction\",\"name\":\"Comment\",\"target\":[\"https:\\\/\\\/enterarte.info\\\/press\\\/gobierno-de-salto-reafirma-su-compromiso-con-la-diversidad-y-anuncia-una-agenda-de-actividades-durante-septiembre\\\/#respond\"]}]},{\"@type\":\"WebPage\",\"@id\":\"https:\\\/\\\/enterarte.info\\\/press\\\/gobierno-de-salto-reafirma-su-compromiso-con-la-diversidad-y-anuncia-una-agenda-de-actividades-durante-septiembre\\\/\",\"url\":\"https:\\\/\\\/enterarte.info\\\/press\\\/gobierno-de-salto-reafirma-su-compromiso-con-la-diversidad-y-anuncia-una-agenda-de-actividades-durante-septiembre\\\/\",\"name\":\"Gobierno de Salto reafirma su compromiso con la diversidad y anuncia una agenda de actividades durante septiembre - ENTERARTE\",\"isPartOf\":{\"@id\":\"https:\\\/\\\/enterarte.info\\\/press\\\/#website\"},\"primaryImageOfPage\":{\"@id\":\"https:\\\/\\\/enterarte.info\\\/press\\\/gobierno-de-salto-reafirma-su-compromiso-con-la-diversidad-y-anuncia-una-agenda-de-actividades-durante-septiembre\\\/#primaryimage\"},\"image\":{\"@id\":\"https:\\\/\\\/enterarte.info\\\/press\\\/gobierno-de-salto-reafirma-su-compromiso-con-la-diversidad-y-anuncia-una-agenda-de-actividades-durante-septiembre\\\/#primaryimage\"},\"thumbnailUrl\":\"https:\\\/\\\/enterarte.info\\\/press\\\/wp-content\\\/uploads\\\/2026\\\/09\\\/Diversidad.jpeg\",\"datePublished\":\"2026-09-01T23:13:52+00:00\",\"inLanguage\":\"es\",\"potentialAction\":[{\"@type\":\"ReadAction\",\"target\":[\"https:\\\/\\\/enterarte.info\\\/press\\\/gobierno-de-salto-reafirma-su-compromiso-con-la-diversidad-y-anuncia-una-agenda-de-actividades-durante-septiembre\\\/\"]}]},{\"@type\":\"ImageObject\",\"inLanguage\":\"es\",\"@id\":\"https:\\\/\\\/enterarte.info\\\/press\\\/gobierno-de-salto-reafirma-su-compromiso-con-la-diversidad-y-anuncia-una-agenda-de-actividades-durante-septiembre\\\/#primaryimage\",\"url\":\"https:\\\/\\\/enterarte.info\\\/press\\\/wp-content\\\/uploads\\\/2026\\\/09\\\/Diversidad.jpeg\",\"contentUrl\":\"https:\\\/\\\/enterarte.info\\\/press\\\/wp-content\\\/uploads\\\/2026\\\/09\\\/Diversidad.jpeg\",\"width\":2560,\"height\":1706},{\"@type\":\"WebSite\",\"@id\":\"https:\\\/\\\/enterarte.info\\\/press\\\/#website\",\"url\":\"https:\\\/\\\/enterarte.info\\\/press\\\/\",\"name\":\"ENTERARTE\",\"description\":\"Cuando el arte y la inform\u00e1tica son  uno\",\"publisher\":{\"@id\":\"https:\\\/\\\/enterarte.info\\\/press\\\/#organization\"},\"potentialAction\":[{\"@type\":\"SearchAction\",\"target\":{\"@type\":\"EntryPoint\",\"urlTemplate\":\"https:\\\/\\\/enterarte.info\\\/press\\\/?s={search_term_string}\"},\"query-input\":{\"@type\":\"PropertyValueSpecification\",\"valueRequired\":true,\"valueName\":\"search_term_string\"}}],\"inLanguage\":\"es\"},{\"@type\":\"Organization\",\"@id\":\"https:\\\/\\\/enterarte.info\\\/press\\\/#organization\",\"name\":\"ENTERARTE\",\"url\":\"https:\\\/\\\/enterarte.info\\\/press\\\/\",\"logo\":{\"@type\":\"ImageObject\",\"inLanguage\":\"es\",\"@id\":\"https:\\\/\\\/enterarte.info\\\/press\\\/#\\\/schema\\\/logo\\\/image\\\/\",\"url\":\"http:\\\/\\\/enterarte.info\\\/press\\\/wp-content\\\/uploads\\\/2017\\\/09\\\/cabezal_fondo_celeste_final_910.png\",\"contentUrl\":\"http:\\\/\\\/enterarte.info\\\/press\\\/wp-content\\\/uploads\\\/2017\\\/09\\\/cabezal_fondo_celeste_final_910.png\",\"width\":910,\"height\":205,\"caption\":\"ENTERARTE\"},\"image\":{\"@id\":\"https:\\\/\\\/enterarte.info\\\/press\\\/#\\\/schema\\\/logo\\\/image\\\/\"},\"sameAs\":[\"\\\/enterarte.info\\\/\"]},{\"@type\":\"Person\",\"@id\":\"https:\\\/\\\/enterarte.info\\\/press\\\/#\\\/schema\\\/person\\\/390c3cc4b651385ec56aa36c7ac48dda\",\"name\":\"Virginia Vega\",\"image\":{\"@type\":\"ImageObject\",\"inLanguage\":\"es\",\"@id\":\"https:\\\/\\\/secure.gravatar.com\\\/avatar\\\/7ddcd10020d53de62ad0fefe7655bb0f47c6344e827b2ad5669724599ad0e4c2?s=96&d=mm&r=g\",\"url\":\"https:\\\/\\\/secure.gravatar.com\\\/avatar\\\/7ddcd10020d53de62ad0fefe7655bb0f47c6344e827b2ad5669724599ad0e4c2?s=96&d=mm&r=g\",\"contentUrl\":\"https:\\\/\\\/secure.gravatar.com\\\/avatar\\\/7ddcd10020d53de62ad0fefe7655bb0f47c6344e827b2ad5669724599ad0e4c2?s=96&d=mm&r=g\",\"caption\":\"Virginia Vega\"},\"sameAs\":[\"http:\\\/\\\/enterarte.info\"],\"url\":\"https:\\\/\\\/enterarte.info\\\/press\\\/author\\\/vicky\\\/\"}]}<\/script>\n<!-- \/ Yoast SEO plugin. -->","yoast_head_json":{"title":"Gobierno de Salto reafirma su compromiso con la diversidad y anuncia una agenda de actividades durante septiembre - ENTERARTE","robots":{"index":"index","follow":"follow","max-snippet":"max-snippet:-1","max-image-preview":"max-image-preview:large","max-video-preview":"max-video-preview:-1"},"canonical":"https:\/\/enterarte.info\/press\/gobierno-de-salto-reafirma-su-compromiso-con-la-diversidad-y-anuncia-una-agenda-de-actividades-durante-septiembre\/","og_locale":"es_ES","og_type":"article","og_title":"Gobierno de Salto reafirma su compromiso con la diversidad y anuncia una agenda de actividades durante septiembre - ENTERARTE","og_description":"Con el inicio del Mes de la Diversidad, el Gobierno de Salto, a trav\u00e9s de la Oficina &hellip;","og_url":"https:\/\/enterarte.info\/press\/gobierno-de-salto-reafirma-su-compromiso-con-la-diversidad-y-anuncia-una-agenda-de-actividades-durante-septiembre\/","og_site_name":"ENTERARTE","article_publisher":"\/enterarte.info\/","article_published_time":"2026-09-01T23:13:52+00:00","og_image":[{"width":2560,"height":1706,"url":"https:\/\/enterarte.info\/press\/wp-content\/uploads\/2026\/09\/Diversidad.jpeg","type":"image\/jpeg"}],"author":"Virginia Vega","twitter_card":"summary_large_image","twitter_misc":{"Escrito por":"Virginia Vega","Tiempo de lectura":"4 minutos"},"schema":{"@context":"https:\/\/schema.org","@graph":[{"@type":"Article","@id":"https:\/\/enterarte.info\/press\/gobierno-de-salto-reafirma-su-compromiso-con-la-diversidad-y-anuncia-una-agenda-de-actividades-durante-septiembre\/#article","isPartOf":{"@id":"https:\/\/enterarte.info\/press\/gobierno-de-salto-reafirma-su-compromiso-con-la-diversidad-y-anuncia-una-agenda-de-actividades-durante-septiembre\/"},"author":{"name":"Virginia Vega","@id":"https:\/\/enterarte.info\/press\/#\/schema\/person\/390c3cc4b651385ec56aa36c7ac48dda"},"headline":"Gobierno de Salto reafirma su compromiso con la diversidad y anuncia una agenda de actividades durante septiembre","datePublished":"2026-09-01T23:13:52+00:00","mainEntityOfPage":{"@id":"https:\/\/enterarte.info\/press\/gobierno-de-salto-reafirma-su-compromiso-con-la-diversidad-y-anuncia-una-agenda-de-actividades-durante-septiembre\/"},"wordCount":671,"commentCount":0,"publisher":{"@id":"https:\/\/enterarte.info\/press\/#organization"},"image":{"@id":"https:\/\/enterarte.info\/press\/gobierno-de-salto-reafirma-su-compromiso-con-la-diversidad-y-anuncia-una-agenda-de-actividades-durante-septiembre\/#primaryimage"},"thumbnailUrl":"https:\/\/enterarte.info\/press\/wp-content\/uploads\/2026\/09\/Diversidad.jpeg","articleSection":["Novedades","SALTO"],"inLanguage":"es","potentialAction":[{"@type":"CommentAction","name":"Comment","target":["https:\/\/enterarte.info\/press\/gobierno-de-salto-reafirma-su-compromiso-con-la-diversidad-y-anuncia-una-agenda-de-actividades-durante-septiembre\/#respond"]}]},{"@type":"WebPage","@id":"https:\/\/enterarte.info\/press\/gobierno-de-salto-reafirma-su-compromiso-con-la-diversidad-y-anuncia-una-agenda-de-actividades-durante-septiembre\/","url":"https:\/\/enterarte.info\/press\/gobierno-de-salto-reafirma-su-compromiso-con-la-diversidad-y-anuncia-una-agenda-de-actividades-durante-septiembre\/","name":"Gobierno de Salto reafirma su compromiso con la diversidad y anuncia una agenda de actividades durante septiembre - ENTERARTE","isPartOf":{"@id":"https:\/\/enterarte.info\/press\/#website"},"primaryImageOfPage":{"@id":"https:\/\/enterarte.info\/press\/gobierno-de-salto-reafirma-su-compromiso-con-la-diversidad-y-anuncia-una-agenda-de-actividades-durante-septiembre\/#primaryimage"},"image":{"@id":"https:\/\/enterarte.info\/press\/gobierno-de-salto-reafirma-su-compromiso-con-la-diversidad-y-anuncia-una-agenda-de-actividades-durante-septiembre\/#primaryimage"},"thumbnailUrl":"https:\/\/enterarte.info\/press\/wp-content\/uploads\/2026\/09\/Diversidad.jpeg","datePublished":"2026-09-01T23:13:52+00:00","inLanguage":"es","potentialAction":[{"@type":"ReadAction","target":["https:\/\/enterarte.info\/press\/gobierno-de-salto-reafirma-su-compromiso-con-la-diversidad-y-anuncia-una-agenda-de-actividades-durante-septiembre\/"]}]},{"@type":"ImageObject","inLanguage":"es","@id":"https:\/\/enterarte.info\/press\/gobierno-de-salto-reafirma-su-compromiso-con-la-diversidad-y-anuncia-una-agenda-de-actividades-durante-septiembre\/#primaryimage","url":"https:\/\/enterarte.info\/press\/wp-content\/uploads\/2026\/09\/Diversidad.jpeg","contentUrl":"https:\/\/enterarte.info\/press\/wp-content\/uploads\/2026\/09\/Diversidad.jpeg","width":2560,"height":1706},{"@type":"WebSite","@id":"https:\/\/enterarte.info\/press\/#website","url":"https:\/\/enterarte.info\/press\/","name":"ENTERARTE","description":"Cuando el arte y la inform\u00e1tica son  uno","publisher":{"@id":"https:\/\/enterarte.info\/press\/#organization"},"potentialAction":[{"@type":"SearchAction","target":{"@type":"EntryPoint","urlTemplate":"https:\/\/enterarte.info\/press\/?s={search_term_string}"},"query-input":{"@type":"PropertyValueSpecification","valueRequired":true,"valueName":"search_term_string"}}],"inLanguage":"es"},{"@type":"Organization","@id":"https:\/\/enterarte.info\/press\/#organization","name":"ENTERARTE","url":"https:\/\/enterarte.info\/press\/","logo":{"@type":"ImageObject","inLanguage":"es","@id":"https:\/\/enterarte.info\/press\/#\/schema\/logo\/image\/","url":"http:\/\/enterarte.info\/press\/wp-content\/uploads\/2017\/09\/cabezal_fondo_celeste_final_910.png","contentUrl":"http:\/\/enterarte.info\/press\/wp-content\/uploads\/2017\/09\/cabezal_fondo_celeste_final_910.png","width":910,"height":205,"caption":"ENTERARTE"},"image":{"@id":"https:\/\/enterarte.info\/press\/#\/schema\/logo\/image\/"},"sameAs":["\/enterarte.info\/"]},{"@type":"Person","@id":"https:\/\/enterarte.info\/press\/#\/schema\/person\/390c3cc4b651385ec56aa36c7ac48dda","name":"Virginia Vega","image":{"@type":"ImageObject","inLanguage":"es","@id":"https:\/\/secure.gravatar.com\/avatar\/7ddcd10020d53de62ad0fefe7655bb0f47c6344e827b2ad5669724599ad0e4c2?s=96&d=mm&r=g","url":"https:\/\/secure.gravatar.com\/avatar\/7ddcd10020d53de62ad0fefe7655bb0f47c6344e827b2ad5669724599ad0e4c2?s=96&d=mm&r=g","contentUrl":"https:\/\/secure.gravatar.com\/avatar\/7ddcd10020d53de62ad0fefe7655bb0f47c6344e827b2ad5669724599ad0e4c2?s=96&d=mm&r=g","caption":"Virginia Vega"},"sameAs":["http:\/\/enterarte.info"],"url":"https:\/\/enterarte.info\/press\/author\/vicky\/"}]}},"jetpack_publicize_connections":[],"_links":{"self":[{"href":"https:\/\/enterarte.info\/press\/wp-json\/wp\/v2\/posts\/7057","targetHints":{"allow":["GET"]}}],"collection":[{"href":"https:\/\/enterarte.info\/press\/wp-json\/wp\/v2\/posts"}],"about":[{"href":"https:\/\/enterarte.info\/press\/wp-json\/wp\/v2\/types\/post"}],"author":[{"embeddable":true,"href":"https:\/\/enterarte.info\/press\/wp-json\/wp\/v2\/users\/5"}],"replies":[{"embeddable":true,"href":"https:\/\/enterarte.info\/press\/wp-json\/wp\/v2\/comments?post=7057"}],"version-history":[{"count":1,"href":"https:\/\/enterarte.info\/press\/wp-json\/wp\/v2\/posts\/7057\/revisions"}],"predecessor-version":[{"id":7059,"href":"https:\/\/enterarte.info\/press\/wp-json\/wp\/v2\/posts\/7057\/revisions\/7059"}],"wp:featuredmedia":[{"embeddable":true,"href":"https:\/\/enterarte.info\/press\/wp-json\/wp\/v2\/media\/7058"}],"wp:attachment":[{"href":"https:\/\/enterarte.info\/press\/wp-json\/wp\/v2\/media?parent=7057"}],"wp:term":[{"taxonomy":"category","embeddable":true,"href":"https:\/\/enterarte.info\/press\/wp-json\/wp\/v2\/categories?post=7057"},{"taxonomy":"post_tag","embeddable":true,"href":"https:\/\/enterarte.info\/press\/wp-json\/wp\/v2\/tags?post=7057"}],"curies":[{"name":"wp","href":"https:\/\/api.w.org\/{rel}","templated":true}]}}