{"id":7050,"date":"2026-08-31T17:25:42","date_gmt":"2026-08-31T20:25:42","guid":{"rendered":"https:\/\/enterarte.info\/press\/?p=7050"},"modified":"2026-08-31T17:25:42","modified_gmt":"2026-08-31T20:25:42","slug":"gobierno-de-salto-recorre-experiencias-de-monitoreo-urbano","status":"publish","type":"post","link":"https:\/\/enterarte.info\/press\/gobierno-de-salto-recorre-experiencias-de-monitoreo-urbano\/","title":{"rendered":"Gobierno de Salto recorre experiencias de monitoreo urbano"},"content":{"rendered":"<p><em>La intendencia busca colaborar con mejora de la seguridad en el departamento, a trav\u00e9s de la videovigilancia en los espacios p\u00fablicos<\/em><\/p>\n<p>Una delegaci\u00f3n encabezada por el intendente Carlos Albisu visit\u00f3 Maldonado para conocer distintas herramientas aplicadas a la videovigilancia, el monitoreo urbano, la gesti\u00f3n ambiental, el tr\u00e1nsito y la movilidad. En particular, se estudia la utilizaci\u00f3n de recursos tecnol\u00f3gicos para el seguimiento de residuos, tr\u00e1nsito y transporte p\u00fablico.<\/p>\n<p>Acompa\u00f1ado por el jefe comunal de Maldonado, Miguel Abella, Albisu recorri\u00f3 tres centros de monitoreo para conocer su funcionamiento y el trabajo de cada \u00e1rea.<\/p>\n<p>La visita forma parte de un proceso amplio de investigaci\u00f3n e intercambio entre instituciones y la comuna salte\u00f1a para la ejecuci\u00f3n de un plan. Este jueves 3 de setiembre a las 8:00, el Gobierno de Salto anunciar\u00e1 los detalles del proyecto local, con nuevas soluciones dise\u00f1adas espec\u00edficamente para las necesidades del departamento.<\/p>\n<p>Representantes del Gobierno de Salto tambi\u00e9n conocieron el funcionamiento del centro de c\u00f3mputos y monitoreo de la Ciudad de Buenos Aires y mantuvieron contactos con autoridades y equipos t\u00e9cnicos de la Intendencia de Florida para interiorizarse sobre su experiencia en esta materia.<\/p>\n<p>Estas instancias permiten conocer diferentes modelos, intercambiar aprendizajes con otros gobiernos y ampliar la mirada sobre las posibilidades que ofrecen la tecnolog\u00eda y las nuevas formas de gesti\u00f3n.<\/p>\n<p>\u201cMaldonado cumple 10 a\u00f1os implementando un plan de monitoreo. Hay conocimiento acumulado y mucha informaci\u00f3n valiosa que debemos incorporar. Queremos ayudar. Si bien no es una responsabilidad directa del Gobierno de Salto, queremos colaborar con la mejora de la seguridad en el departamento. Adem\u00e1s de introducir herramientas para monitorear el estado de los espacios p\u00fablicos y el vandalismo\u201d, se\u00f1al\u00f3 el intendente Carlos Albisu.<\/p>\n<p>\u201cEstamos recorriendo, escuchando y conociendo experiencias que han dado buenos resultados. Cada ciudad tiene caracter\u00edsticas y desaf\u00edos diferentes, y nuestro objetivo es construir un modelo propio para Salto, que aproveche la tecnolog\u00eda para cuidar mejor nuestros espacios p\u00fablicos, mejorar los servicios y dar respuestas m\u00e1s eficientes a la gente\u201d, agreg\u00f3 el jefe comunal.<\/p>\n<p>La experiencia de Maldonado<\/p>\n<p>Uno de los puntos centrales fue el sistema de videovigilancia compuesto por unas 1.500 c\u00e1maras, para cuya implementaci\u00f3n la comuna fernandina destin\u00f3 m\u00e1s de 20 millones de d\u00f3lares, elementos que posteriormente cedi\u00f3 al Ministerio del Interior.<\/p>\n<p>La recorrida comprendi\u00f3 adem\u00e1s los centros vinculados a gesti\u00f3n ambiental, fiscalizaci\u00f3n y movilidad, donde la delegaci\u00f3n salte\u00f1a observ\u00f3 la utilizaci\u00f3n de recursos tecnol\u00f3gicos para el seguimiento de residuos, tr\u00e1nsito y transporte p\u00fablico.<\/p>\n<p>Albisu manifest\u00f3 su intenci\u00f3n de tomar como referencia el camino recorrido por Maldonado e implementar una propuesta adaptada a las necesidades de Salto.<\/p>\n<p>Se pretende que el sistema de monitoreo colabore con las tareas de vigilancia y sean soporte tanto para el Ministerio del Interior como para el Gobierno de Salto.<\/p>\n","protected":false},"excerpt":{"rendered":"<p>La intendencia busca colaborar con mejora de la seguridad en el departamento, a trav\u00e9s de la videovigilancia &hellip; <\/p>\n","protected":false},"author":5,"featured_media":7051,"comment_status":"open","ping_status":"open","sticky":false,"template":"","format":"standard","meta":{"rop_custom_images_group":[],"rop_custom_messages_group":[],"rop_publish_now":"initial","rop_publish_now_accounts":[],"rop_publish_now_history":[],"rop_publish_now_status":"pending","fifu_image_url":"","fifu_image_alt":"","footnotes":"","jetpack_publicize_message":"","jetpack_publicize_feature_enabled":true,"jetpack_social_post_already_shared":true,"jetpack_social_options":{"image_generator_settings":{"template":"highway","default_image_id":0,"font":"","enabled":false},"version":2}},"categories":[1,15],"tags":[],"class_list":["post-7050","post","type-post","status-publish","format-standard","has-post-thumbnail","hentry","category-novedades","category-salto"],"yoast_head":"<!-- This site is optimized with the Yoast SEO plugin v27.4 - https:\/\/yoast.com\/product\/yoast-seo-wordpress\/ -->\n<title>Gobierno de Salto recorre experiencias de monitoreo urbano - ENTERARTE<\/title>\n<meta name=\"robots\" content=\"index, follow, max-snippet:-1, max-image-preview:large, max-video-preview:-1\" \/>\n<link rel=\"canonical\" href=\"https:\/\/enterarte.info\/press\/gobierno-de-salto-recorre-experiencias-de-monitoreo-urbano\/\" \/>\n<meta property=\"og:locale\" content=\"es_ES\" \/>\n<meta property=\"og:type\" content=\"article\" \/>\n<meta property=\"og:title\" content=\"Gobierno de Salto recorre experiencias de monitoreo urbano - ENTERARTE\" \/>\n<meta property=\"og:description\" content=\"La intendencia busca colaborar con mejora de la seguridad en el departamento, a trav\u00e9s de la videovigilancia &hellip;\" \/>\n<meta property=\"og:url\" content=\"https:\/\/enterarte.info\/press\/gobierno-de-salto-recorre-experiencias-de-monitoreo-urbano\/\" \/>\n<meta property=\"og:site_name\" content=\"ENTERARTE\" \/>\n<meta property=\"article:publisher\" content=\"\/enterarte.info\/\" \/>\n<meta property=\"article:published_time\" content=\"2026-08-31T20:25:42+00:00\" \/>\n<meta property=\"og:image\" content=\"https:\/\/enterarte.info\/press\/wp-content\/uploads\/2026\/08\/Reunion-e1788207910247.png\" \/>\n\t<meta property=\"og:image:width\" content=\"500\" \/>\n\t<meta property=\"og:image:height\" content=\"336\" \/>\n\t<meta property=\"og:image:type\" content=\"image\/png\" \/>\n<meta name=\"author\" content=\"Virginia Vega\" \/>\n<meta name=\"twitter:card\" content=\"summary_large_image\" \/>\n<meta name=\"twitter:label1\" content=\"Escrito por\" \/>\n\t<meta name=\"twitter:data1\" content=\"Virginia Vega\" \/>\n\t<meta name=\"twitter:label2\" content=\"Tiempo de lectura\" \/>\n\t<meta name=\"twitter:data2\" content=\"3 minutos\" \/>\n<script type=\"application\/ld+json\" class=\"yoast-schema-graph\">{\"@context\":\"https:\\\/\\\/schema.org\",\"@graph\":[{\"@type\":\"Article\",\"@id\":\"https:\\\/\\\/enterarte.info\\\/press\\\/gobierno-de-salto-recorre-experiencias-de-monitoreo-urbano\\\/#article\",\"isPartOf\":{\"@id\":\"https:\\\/\\\/enterarte.info\\\/press\\\/gobierno-de-salto-recorre-experiencias-de-monitoreo-urbano\\\/\"},\"author\":{\"name\":\"Virginia Vega\",\"@id\":\"https:\\\/\\\/enterarte.info\\\/press\\\/#\\\/schema\\\/person\\\/390c3cc4b651385ec56aa36c7ac48dda\"},\"headline\":\"Gobierno de Salto recorre experiencias de monitoreo urbano\",\"datePublished\":\"2026-08-31T20:25:42+00:00\",\"mainEntityOfPage\":{\"@id\":\"https:\\\/\\\/enterarte.info\\\/press\\\/gobierno-de-salto-recorre-experiencias-de-monitoreo-urbano\\\/\"},\"wordCount\":501,\"commentCount\":0,\"publisher\":{\"@id\":\"https:\\\/\\\/enterarte.info\\\/press\\\/#organization\"},\"image\":{\"@id\":\"https:\\\/\\\/enterarte.info\\\/press\\\/gobierno-de-salto-recorre-experiencias-de-monitoreo-urbano\\\/#primaryimage\"},\"thumbnailUrl\":\"https:\\\/\\\/enterarte.info\\\/press\\\/wp-content\\\/uploads\\\/2026\\\/08\\\/Reunion-e1788207910247.png\",\"articleSection\":[\"Novedades\",\"SALTO\"],\"inLanguage\":\"es\",\"potentialAction\":[{\"@type\":\"CommentAction\",\"name\":\"Comment\",\"target\":[\"https:\\\/\\\/enterarte.info\\\/press\\\/gobierno-de-salto-recorre-experiencias-de-monitoreo-urbano\\\/#respond\"]}]},{\"@type\":\"WebPage\",\"@id\":\"https:\\\/\\\/enterarte.info\\\/press\\\/gobierno-de-salto-recorre-experiencias-de-monitoreo-urbano\\\/\",\"url\":\"https:\\\/\\\/enterarte.info\\\/press\\\/gobierno-de-salto-recorre-experiencias-de-monitoreo-urbano\\\/\",\"name\":\"Gobierno de Salto recorre experiencias de monitoreo urbano - ENTERARTE\",\"isPartOf\":{\"@id\":\"https:\\\/\\\/enterarte.info\\\/press\\\/#website\"},\"primaryImageOfPage\":{\"@id\":\"https:\\\/\\\/enterarte.info\\\/press\\\/gobierno-de-salto-recorre-experiencias-de-monitoreo-urbano\\\/#primaryimage\"},\"image\":{\"@id\":\"https:\\\/\\\/enterarte.info\\\/press\\\/gobierno-de-salto-recorre-experiencias-de-monitoreo-urbano\\\/#primaryimage\"},\"thumbnailUrl\":\"https:\\\/\\\/enterarte.info\\\/press\\\/wp-content\\\/uploads\\\/2026\\\/08\\\/Reunion-e1788207910247.png\",\"datePublished\":\"2026-08-31T20:25:42+00:00\",\"inLanguage\":\"es\",\"potentialAction\":[{\"@type\":\"ReadAction\",\"target\":[\"https:\\\/\\\/enterarte.info\\\/press\\\/gobierno-de-salto-recorre-experiencias-de-monitoreo-urbano\\\/\"]}]},{\"@type\":\"ImageObject\",\"inLanguage\":\"es\",\"@id\":\"https:\\\/\\\/enterarte.info\\\/press\\\/gobierno-de-salto-recorre-experiencias-de-monitoreo-urbano\\\/#primaryimage\",\"url\":\"https:\\\/\\\/enterarte.info\\\/press\\\/wp-content\\\/uploads\\\/2026\\\/08\\\/Reunion-e1788207910247.png\",\"contentUrl\":\"https:\\\/\\\/enterarte.info\\\/press\\\/wp-content\\\/uploads\\\/2026\\\/08\\\/Reunion-e1788207910247.png\",\"width\":500,\"height\":336},{\"@type\":\"WebSite\",\"@id\":\"https:\\\/\\\/enterarte.info\\\/press\\\/#website\",\"url\":\"https:\\\/\\\/enterarte.info\\\/press\\\/\",\"name\":\"ENTERARTE\",\"description\":\"Cuando el arte y la inform\u00e1tica son  uno\",\"publisher\":{\"@id\":\"https:\\\/\\\/enterarte.info\\\/press\\\/#organization\"},\"potentialAction\":[{\"@type\":\"SearchAction\",\"target\":{\"@type\":\"EntryPoint\",\"urlTemplate\":\"https:\\\/\\\/enterarte.info\\\/press\\\/?s={search_term_string}\"},\"query-input\":{\"@type\":\"PropertyValueSpecification\",\"valueRequired\":true,\"valueName\":\"search_term_string\"}}],\"inLanguage\":\"es\"},{\"@type\":\"Organization\",\"@id\":\"https:\\\/\\\/enterarte.info\\\/press\\\/#organization\",\"name\":\"ENTERARTE\",\"url\":\"https:\\\/\\\/enterarte.info\\\/press\\\/\",\"logo\":{\"@type\":\"ImageObject\",\"inLanguage\":\"es\",\"@id\":\"https:\\\/\\\/enterarte.info\\\/press\\\/#\\\/schema\\\/logo\\\/image\\\/\",\"url\":\"http:\\\/\\\/enterarte.info\\\/press\\\/wp-content\\\/uploads\\\/2017\\\/09\\\/cabezal_fondo_celeste_final_910.png\",\"contentUrl\":\"http:\\\/\\\/enterarte.info\\\/press\\\/wp-content\\\/uploads\\\/2017\\\/09\\\/cabezal_fondo_celeste_final_910.png\",\"width\":910,\"height\":205,\"caption\":\"ENTERARTE\"},\"image\":{\"@id\":\"https:\\\/\\\/enterarte.info\\\/press\\\/#\\\/schema\\\/logo\\\/image\\\/\"},\"sameAs\":[\"\\\/enterarte.info\\\/\"]},{\"@type\":\"Person\",\"@id\":\"https:\\\/\\\/enterarte.info\\\/press\\\/#\\\/schema\\\/person\\\/390c3cc4b651385ec56aa36c7ac48dda\",\"name\":\"Virginia Vega\",\"image\":{\"@type\":\"ImageObject\",\"inLanguage\":\"es\",\"@id\":\"https:\\\/\\\/secure.gravatar.com\\\/avatar\\\/7ddcd10020d53de62ad0fefe7655bb0f47c6344e827b2ad5669724599ad0e4c2?s=96&d=mm&r=g\",\"url\":\"https:\\\/\\\/secure.gravatar.com\\\/avatar\\\/7ddcd10020d53de62ad0fefe7655bb0f47c6344e827b2ad5669724599ad0e4c2?s=96&d=mm&r=g\",\"contentUrl\":\"https:\\\/\\\/secure.gravatar.com\\\/avatar\\\/7ddcd10020d53de62ad0fefe7655bb0f47c6344e827b2ad5669724599ad0e4c2?s=96&d=mm&r=g\",\"caption\":\"Virginia Vega\"},\"sameAs\":[\"http:\\\/\\\/enterarte.info\"],\"url\":\"https:\\\/\\\/enterarte.info\\\/press\\\/author\\\/vicky\\\/\"}]}<\/script>\n<!-- \/ Yoast SEO plugin. -->","yoast_head_json":{"title":"Gobierno de Salto recorre experiencias de monitoreo urbano - ENTERARTE","robots":{"index":"index","follow":"follow","max-snippet":"max-snippet:-1","max-image-preview":"max-image-preview:large","max-video-preview":"max-video-preview:-1"},"canonical":"https:\/\/enterarte.info\/press\/gobierno-de-salto-recorre-experiencias-de-monitoreo-urbano\/","og_locale":"es_ES","og_type":"article","og_title":"Gobierno de Salto recorre experiencias de monitoreo urbano - ENTERARTE","og_description":"La intendencia busca colaborar con mejora de la seguridad en el departamento, a trav\u00e9s de la videovigilancia &hellip;","og_url":"https:\/\/enterarte.info\/press\/gobierno-de-salto-recorre-experiencias-de-monitoreo-urbano\/","og_site_name":"ENTERARTE","article_publisher":"\/enterarte.info\/","article_published_time":"2026-08-31T20:25:42+00:00","og_image":[{"width":500,"height":336,"url":"https:\/\/enterarte.info\/press\/wp-content\/uploads\/2026\/08\/Reunion-e1788207910247.png","type":"image\/png"}],"author":"Virginia Vega","twitter_card":"summary_large_image","twitter_misc":{"Escrito por":"Virginia Vega","Tiempo de lectura":"3 minutos"},"schema":{"@context":"https:\/\/schema.org","@graph":[{"@type":"Article","@id":"https:\/\/enterarte.info\/press\/gobierno-de-salto-recorre-experiencias-de-monitoreo-urbano\/#article","isPartOf":{"@id":"https:\/\/enterarte.info\/press\/gobierno-de-salto-recorre-experiencias-de-monitoreo-urbano\/"},"author":{"name":"Virginia Vega","@id":"https:\/\/enterarte.info\/press\/#\/schema\/person\/390c3cc4b651385ec56aa36c7ac48dda"},"headline":"Gobierno de Salto recorre experiencias de monitoreo urbano","datePublished":"2026-08-31T20:25:42+00:00","mainEntityOfPage":{"@id":"https:\/\/enterarte.info\/press\/gobierno-de-salto-recorre-experiencias-de-monitoreo-urbano\/"},"wordCount":501,"commentCount":0,"publisher":{"@id":"https:\/\/enterarte.info\/press\/#organization"},"image":{"@id":"https:\/\/enterarte.info\/press\/gobierno-de-salto-recorre-experiencias-de-monitoreo-urbano\/#primaryimage"},"thumbnailUrl":"https:\/\/enterarte.info\/press\/wp-content\/uploads\/2026\/08\/Reunion-e1788207910247.png","articleSection":["Novedades","SALTO"],"inLanguage":"es","potentialAction":[{"@type":"CommentAction","name":"Comment","target":["https:\/\/enterarte.info\/press\/gobierno-de-salto-recorre-experiencias-de-monitoreo-urbano\/#respond"]}]},{"@type":"WebPage","@id":"https:\/\/enterarte.info\/press\/gobierno-de-salto-recorre-experiencias-de-monitoreo-urbano\/","url":"https:\/\/enterarte.info\/press\/gobierno-de-salto-recorre-experiencias-de-monitoreo-urbano\/","name":"Gobierno de Salto recorre experiencias de monitoreo urbano - ENTERARTE","isPartOf":{"@id":"https:\/\/enterarte.info\/press\/#website"},"primaryImageOfPage":{"@id":"https:\/\/enterarte.info\/press\/gobierno-de-salto-recorre-experiencias-de-monitoreo-urbano\/#primaryimage"},"image":{"@id":"https:\/\/enterarte.info\/press\/gobierno-de-salto-recorre-experiencias-de-monitoreo-urbano\/#primaryimage"},"thumbnailUrl":"https:\/\/enterarte.info\/press\/wp-content\/uploads\/2026\/08\/Reunion-e1788207910247.png","datePublished":"2026-08-31T20:25:42+00:00","inLanguage":"es","potentialAction":[{"@type":"ReadAction","target":["https:\/\/enterarte.info\/press\/gobierno-de-salto-recorre-experiencias-de-monitoreo-urbano\/"]}]},{"@type":"ImageObject","inLanguage":"es","@id":"https:\/\/enterarte.info\/press\/gobierno-de-salto-recorre-experiencias-de-monitoreo-urbano\/#primaryimage","url":"https:\/\/enterarte.info\/press\/wp-content\/uploads\/2026\/08\/Reunion-e1788207910247.png","contentUrl":"https:\/\/enterarte.info\/press\/wp-content\/uploads\/2026\/08\/Reunion-e1788207910247.png","width":500,"height":336},{"@type":"WebSite","@id":"https:\/\/enterarte.info\/press\/#website","url":"https:\/\/enterarte.info\/press\/","name":"ENTERARTE","description":"Cuando el arte y la inform\u00e1tica son  uno","publisher":{"@id":"https:\/\/enterarte.info\/press\/#organization"},"potentialAction":[{"@type":"SearchAction","target":{"@type":"EntryPoint","urlTemplate":"https:\/\/enterarte.info\/press\/?s={search_term_string}"},"query-input":{"@type":"PropertyValueSpecification","valueRequired":true,"valueName":"search_term_string"}}],"inLanguage":"es"},{"@type":"Organization","@id":"https:\/\/enterarte.info\/press\/#organization","name":"ENTERARTE","url":"https:\/\/enterarte.info\/press\/","logo":{"@type":"ImageObject","inLanguage":"es","@id":"https:\/\/enterarte.info\/press\/#\/schema\/logo\/image\/","url":"http:\/\/enterarte.info\/press\/wp-content\/uploads\/2017\/09\/cabezal_fondo_celeste_final_910.png","contentUrl":"http:\/\/enterarte.info\/press\/wp-content\/uploads\/2017\/09\/cabezal_fondo_celeste_final_910.png","width":910,"height":205,"caption":"ENTERARTE"},"image":{"@id":"https:\/\/enterarte.info\/press\/#\/schema\/logo\/image\/"},"sameAs":["\/enterarte.info\/"]},{"@type":"Person","@id":"https:\/\/enterarte.info\/press\/#\/schema\/person\/390c3cc4b651385ec56aa36c7ac48dda","name":"Virginia Vega","image":{"@type":"ImageObject","inLanguage":"es","@id":"https:\/\/secure.gravatar.com\/avatar\/7ddcd10020d53de62ad0fefe7655bb0f47c6344e827b2ad5669724599ad0e4c2?s=96&d=mm&r=g","url":"https:\/\/secure.gravatar.com\/avatar\/7ddcd10020d53de62ad0fefe7655bb0f47c6344e827b2ad5669724599ad0e4c2?s=96&d=mm&r=g","contentUrl":"https:\/\/secure.gravatar.com\/avatar\/7ddcd10020d53de62ad0fefe7655bb0f47c6344e827b2ad5669724599ad0e4c2?s=96&d=mm&r=g","caption":"Virginia Vega"},"sameAs":["http:\/\/enterarte.info"],"url":"https:\/\/enterarte.info\/press\/author\/vicky\/"}]}},"jetpack_publicize_connections":[],"_links":{"self":[{"href":"https:\/\/enterarte.info\/press\/wp-json\/wp\/v2\/posts\/7050","targetHints":{"allow":["GET"]}}],"collection":[{"href":"https:\/\/enterarte.info\/press\/wp-json\/wp\/v2\/posts"}],"about":[{"href":"https:\/\/enterarte.info\/press\/wp-json\/wp\/v2\/types\/post"}],"author":[{"embeddable":true,"href":"https:\/\/enterarte.info\/press\/wp-json\/wp\/v2\/users\/5"}],"replies":[{"embeddable":true,"href":"https:\/\/enterarte.info\/press\/wp-json\/wp\/v2\/comments?post=7050"}],"version-history":[{"count":1,"href":"https:\/\/enterarte.info\/press\/wp-json\/wp\/v2\/posts\/7050\/revisions"}],"predecessor-version":[{"id":7052,"href":"https:\/\/enterarte.info\/press\/wp-json\/wp\/v2\/posts\/7050\/revisions\/7052"}],"wp:featuredmedia":[{"embeddable":true,"href":"https:\/\/enterarte.info\/press\/wp-json\/wp\/v2\/media\/7051"}],"wp:attachment":[{"href":"https:\/\/enterarte.info\/press\/wp-json\/wp\/v2\/media?parent=7050"}],"wp:term":[{"taxonomy":"category","embeddable":true,"href":"https:\/\/enterarte.info\/press\/wp-json\/wp\/v2\/categories?post=7050"},{"taxonomy":"post_tag","embeddable":true,"href":"https:\/\/enterarte.info\/press\/wp-json\/wp\/v2\/tags?post=7050"}],"curies":[{"name":"wp","href":"https:\/\/api.w.org\/{rel}","templated":true}]}}