{"id":5676,"date":"2023-09-22T15:32:55","date_gmt":"2023-09-22T18:32:55","guid":{"rendered":"http:\/\/enterarte.info\/press\/?p=5676"},"modified":"2023-09-22T15:32:55","modified_gmt":"2023-09-22T18:32:55","slug":"30-empresas-de-federacion-entre-alojamientos-y-restaurantes-participaran-de-termatalia-uruguay","status":"publish","type":"post","link":"https:\/\/enterarte.info\/press\/30-empresas-de-federacion-entre-alojamientos-y-restaurantes-participaran-de-termatalia-uruguay\/","title":{"rendered":"30 empresas de Federaci\u00f3n, entre alojamientos y restaurantes, participar\u00e1n de Termatalia Uruguay."},"content":{"rendered":"<div class=\"entry-content entry-excerpt\">\n<p>La 21\u00aa edici\u00f3n de TERMATALIA se celebrar\u00e1 en Salto y Paysand\u00fa (Uruguay) del 4 al 6 de octubre de 2023 bajo la denominaci\u00f3n de Termatalia Uruguay<\/p>\n<\/div>\n<div class=\"entry-content\">\n<p>La vicepresidenta de Asociaci\u00f3n Hotelera, Gastron\u00f3mica y Afines de Federaci\u00f3n Graciela Racedo coment\u00f3 que aproximadamente 30 empresas de Federaci\u00f3n, entre alojamientos y restaurantes, acompa\u00f1aron el proyecto que se inicia desde la instituci\u00f3n, para concretar la participaci\u00f3n de Federaci\u00f3n en Termatalia Uruguay.<\/p>\n<p>\u201cEl sector privado, nuevamente, est\u00e1 realizando un gran esfuerzo. A\u00f1os dif\u00edciles, pero somos conscientes que invertir en promoci\u00f3n y dar a conocer el destino Federaci\u00f3n significar\u00e1 una apuesta al presente y futuro de nuestra actividad tur\u00edstica\u201d enfatiz\u00f3 en el di\u00e1logo con Informe Ciudadano.<\/p>\n<p>Racedo, adelant\u00f3 que estar\u00e1 participando junto al Presidente de la entidad Juan Calvo y otros asociados, en las distintas capacitaciones que se brindar\u00e1n durante los d\u00edas del evento y en el stand que dispondr\u00e1 la asociaci\u00f3n. Racedo record\u00f3 que desde Federaci\u00f3n se particip\u00f3 ya en otras ediciones: en Termas de R\u00edo Hondo SDE; en Foz de Iguaz\u00fa BR y que el evento se realiza de manera alternada en un destino de Latinoam\u00e9rica y el otro en Galicia Espa\u00f1a. En el a\u00f1o 2017, como Secretaria de Turismo particip\u00f3 junto al intendente Carlos Cecco de la delegaci\u00f3n de Entre R\u00edos en Termatalia Espa\u00f1a, \u201cen la presentaci\u00f3n de Federaci\u00f3n pudimos contar la historia del primer pozo termal de la Mesopotamia Argentina, llevamos paquetes tur\u00edsticos de hoteler\u00eda con spa, y todo lo que proponen nuestras termas\u201d record\u00f3 a este medio.<\/p>\n<p>Este evento se ha convertido en puente del sector del Termalismo \u2013 Turismo de Salud entre Europa y Am\u00e9rica Latina, promoviendo el intercambio de experiencias e ideas, favoreciendo la red de contactos. Participan expertos de numerosos pa\u00edses, a trav\u00e9s de distintas acciones profesionales y cient\u00edficas. Es un Centro de Negocios, Capacitaci\u00f3n y contactos, congregando a profesionales del sector de diferentes pa\u00edses.<\/p>\n<p>\u201cSi queremos instalar nuestra propuesta tur\u00edstica debemos estar en eventos donde se concentra toda la actividad tur\u00edstica y los productos que ofrece cada regi\u00f3n o provincia, el mercado es amplio y debemos actualizar nuestra oferta, capacitarnos y generar las condiciones para que el visitante encuentre las mejores condiciones para disfrutar de los lugares que desea conocer o volver porque vio satisfecha sus expectativas\u201d concluy\u00f3.<\/p>\n<p>El programa completo se puede ver en\u00a0<a href=\"https:\/\/www.termatalia.com\/cronograma-general\/?fbclid=IwAR2UVm_4ZyCDr2B0AXxnPZa5UyFR-PPS17RJoPLfxWy0HgTGuGfejj310Ug\" target=\"_blank\" rel=\"noreferrer noopener\">https:\/\/www.termatalia.com\/cronograma-general\/<\/a><\/p>\n<\/div>\n","protected":false},"excerpt":{"rendered":"<p>La 21\u00aa edici\u00f3n de TERMATALIA se celebrar\u00e1 en Salto y Paysand\u00fa (Uruguay) del 4 al 6 de &hellip; <\/p>\n","protected":false},"author":5,"featured_media":5677,"comment_status":"open","ping_status":"open","sticky":false,"template":"","format":"standard","meta":{"rop_custom_images_group":[],"rop_custom_messages_group":[],"rop_publish_now":"initial","rop_publish_now_accounts":[],"rop_publish_now_history":[],"rop_publish_now_status":"pending","fifu_image_url":"","fifu_image_alt":"","footnotes":"","jetpack_publicize_message":"","jetpack_publicize_feature_enabled":true,"jetpack_social_post_already_shared":false,"jetpack_social_options":{"image_generator_settings":{"template":"highway","default_image_id":0,"font":"","enabled":false},"version":2}},"categories":[16,1],"tags":[],"class_list":["post-5676","post","type-post","status-publish","format-standard","has-post-thumbnail","hentry","category-federacion","category-novedades"],"yoast_head":"<!-- This site is optimized with the Yoast SEO plugin v27.4 - https:\/\/yoast.com\/product\/yoast-seo-wordpress\/ -->\n<title>30 empresas de Federaci\u00f3n, entre alojamientos y restaurantes, participar\u00e1n de Termatalia Uruguay. - ENTERARTE<\/title>\n<meta name=\"robots\" content=\"index, follow, max-snippet:-1, max-image-preview:large, max-video-preview:-1\" \/>\n<link rel=\"canonical\" href=\"https:\/\/enterarte.info\/press\/30-empresas-de-federacion-entre-alojamientos-y-restaurantes-participaran-de-termatalia-uruguay\/\" \/>\n<meta property=\"og:locale\" content=\"es_ES\" \/>\n<meta property=\"og:type\" content=\"article\" \/>\n<meta property=\"og:title\" content=\"30 empresas de Federaci\u00f3n, entre alojamientos y restaurantes, participar\u00e1n de Termatalia Uruguay. - ENTERARTE\" \/>\n<meta property=\"og:description\" content=\"La 21\u00aa edici\u00f3n de TERMATALIA se celebrar\u00e1 en Salto y Paysand\u00fa (Uruguay) del 4 al 6 de &hellip;\" \/>\n<meta property=\"og:url\" content=\"https:\/\/enterarte.info\/press\/30-empresas-de-federacion-entre-alojamientos-y-restaurantes-participaran-de-termatalia-uruguay\/\" \/>\n<meta property=\"og:site_name\" content=\"ENTERARTE\" \/>\n<meta property=\"article:publisher\" content=\"\/enterarte.info\/\" \/>\n<meta property=\"article:published_time\" content=\"2023-09-22T18:32:55+00:00\" \/>\n<meta property=\"og:image\" content=\"https:\/\/enterarte.info\/press\/wp-content\/uploads\/2023\/09\/Termatalia-1.jpg\" \/>\n\t<meta property=\"og:image:width\" content=\"660\" \/>\n\t<meta property=\"og:image:height\" content=\"396\" \/>\n\t<meta property=\"og:image:type\" content=\"image\/jpeg\" \/>\n<meta name=\"author\" content=\"Virginia Vega\" \/>\n<meta name=\"twitter:card\" content=\"summary_large_image\" \/>\n<meta name=\"twitter:label1\" content=\"Escrito por\" \/>\n\t<meta name=\"twitter:data1\" content=\"Virginia Vega\" \/>\n\t<meta name=\"twitter:label2\" content=\"Tiempo de lectura\" \/>\n\t<meta name=\"twitter:data2\" content=\"2 minutos\" \/>\n<script type=\"application\/ld+json\" class=\"yoast-schema-graph\">{\"@context\":\"https:\\\/\\\/schema.org\",\"@graph\":[{\"@type\":\"Article\",\"@id\":\"https:\\\/\\\/enterarte.info\\\/press\\\/30-empresas-de-federacion-entre-alojamientos-y-restaurantes-participaran-de-termatalia-uruguay\\\/#article\",\"isPartOf\":{\"@id\":\"https:\\\/\\\/enterarte.info\\\/press\\\/30-empresas-de-federacion-entre-alojamientos-y-restaurantes-participaran-de-termatalia-uruguay\\\/\"},\"author\":{\"name\":\"Virginia Vega\",\"@id\":\"https:\\\/\\\/enterarte.info\\\/press\\\/#\\\/schema\\\/person\\\/390c3cc4b651385ec56aa36c7ac48dda\"},\"headline\":\"30 empresas de Federaci\u00f3n, entre alojamientos y restaurantes, participar\u00e1n de Termatalia Uruguay.\",\"datePublished\":\"2023-09-22T18:32:55+00:00\",\"mainEntityOfPage\":{\"@id\":\"https:\\\/\\\/enterarte.info\\\/press\\\/30-empresas-de-federacion-entre-alojamientos-y-restaurantes-participaran-de-termatalia-uruguay\\\/\"},\"wordCount\":429,\"commentCount\":0,\"publisher\":{\"@id\":\"https:\\\/\\\/enterarte.info\\\/press\\\/#organization\"},\"image\":{\"@id\":\"https:\\\/\\\/enterarte.info\\\/press\\\/30-empresas-de-federacion-entre-alojamientos-y-restaurantes-participaran-de-termatalia-uruguay\\\/#primaryimage\"},\"thumbnailUrl\":\"https:\\\/\\\/enterarte.info\\\/press\\\/wp-content\\\/uploads\\\/2023\\\/09\\\/Termatalia-1.jpg\",\"articleSection\":[\"FEDERACION\",\"Novedades\"],\"inLanguage\":\"es\",\"potentialAction\":[{\"@type\":\"CommentAction\",\"name\":\"Comment\",\"target\":[\"https:\\\/\\\/enterarte.info\\\/press\\\/30-empresas-de-federacion-entre-alojamientos-y-restaurantes-participaran-de-termatalia-uruguay\\\/#respond\"]}]},{\"@type\":\"WebPage\",\"@id\":\"https:\\\/\\\/enterarte.info\\\/press\\\/30-empresas-de-federacion-entre-alojamientos-y-restaurantes-participaran-de-termatalia-uruguay\\\/\",\"url\":\"https:\\\/\\\/enterarte.info\\\/press\\\/30-empresas-de-federacion-entre-alojamientos-y-restaurantes-participaran-de-termatalia-uruguay\\\/\",\"name\":\"30 empresas de Federaci\u00f3n, entre alojamientos y restaurantes, participar\u00e1n de Termatalia Uruguay. - ENTERARTE\",\"isPartOf\":{\"@id\":\"https:\\\/\\\/enterarte.info\\\/press\\\/#website\"},\"primaryImageOfPage\":{\"@id\":\"https:\\\/\\\/enterarte.info\\\/press\\\/30-empresas-de-federacion-entre-alojamientos-y-restaurantes-participaran-de-termatalia-uruguay\\\/#primaryimage\"},\"image\":{\"@id\":\"https:\\\/\\\/enterarte.info\\\/press\\\/30-empresas-de-federacion-entre-alojamientos-y-restaurantes-participaran-de-termatalia-uruguay\\\/#primaryimage\"},\"thumbnailUrl\":\"https:\\\/\\\/enterarte.info\\\/press\\\/wp-content\\\/uploads\\\/2023\\\/09\\\/Termatalia-1.jpg\",\"datePublished\":\"2023-09-22T18:32:55+00:00\",\"inLanguage\":\"es\",\"potentialAction\":[{\"@type\":\"ReadAction\",\"target\":[\"https:\\\/\\\/enterarte.info\\\/press\\\/30-empresas-de-federacion-entre-alojamientos-y-restaurantes-participaran-de-termatalia-uruguay\\\/\"]}]},{\"@type\":\"ImageObject\",\"inLanguage\":\"es\",\"@id\":\"https:\\\/\\\/enterarte.info\\\/press\\\/30-empresas-de-federacion-entre-alojamientos-y-restaurantes-participaran-de-termatalia-uruguay\\\/#primaryimage\",\"url\":\"https:\\\/\\\/enterarte.info\\\/press\\\/wp-content\\\/uploads\\\/2023\\\/09\\\/Termatalia-1.jpg\",\"contentUrl\":\"https:\\\/\\\/enterarte.info\\\/press\\\/wp-content\\\/uploads\\\/2023\\\/09\\\/Termatalia-1.jpg\",\"width\":660,\"height\":396},{\"@type\":\"WebSite\",\"@id\":\"https:\\\/\\\/enterarte.info\\\/press\\\/#website\",\"url\":\"https:\\\/\\\/enterarte.info\\\/press\\\/\",\"name\":\"ENTERARTE\",\"description\":\"Cuando el arte y la inform\u00e1tica son  uno\",\"publisher\":{\"@id\":\"https:\\\/\\\/enterarte.info\\\/press\\\/#organization\"},\"potentialAction\":[{\"@type\":\"SearchAction\",\"target\":{\"@type\":\"EntryPoint\",\"urlTemplate\":\"https:\\\/\\\/enterarte.info\\\/press\\\/?s={search_term_string}\"},\"query-input\":{\"@type\":\"PropertyValueSpecification\",\"valueRequired\":true,\"valueName\":\"search_term_string\"}}],\"inLanguage\":\"es\"},{\"@type\":\"Organization\",\"@id\":\"https:\\\/\\\/enterarte.info\\\/press\\\/#organization\",\"name\":\"ENTERARTE\",\"url\":\"https:\\\/\\\/enterarte.info\\\/press\\\/\",\"logo\":{\"@type\":\"ImageObject\",\"inLanguage\":\"es\",\"@id\":\"https:\\\/\\\/enterarte.info\\\/press\\\/#\\\/schema\\\/logo\\\/image\\\/\",\"url\":\"http:\\\/\\\/enterarte.info\\\/press\\\/wp-content\\\/uploads\\\/2017\\\/09\\\/cabezal_fondo_celeste_final_910.png\",\"contentUrl\":\"http:\\\/\\\/enterarte.info\\\/press\\\/wp-content\\\/uploads\\\/2017\\\/09\\\/cabezal_fondo_celeste_final_910.png\",\"width\":910,\"height\":205,\"caption\":\"ENTERARTE\"},\"image\":{\"@id\":\"https:\\\/\\\/enterarte.info\\\/press\\\/#\\\/schema\\\/logo\\\/image\\\/\"},\"sameAs\":[\"\\\/enterarte.info\\\/\"]},{\"@type\":\"Person\",\"@id\":\"https:\\\/\\\/enterarte.info\\\/press\\\/#\\\/schema\\\/person\\\/390c3cc4b651385ec56aa36c7ac48dda\",\"name\":\"Virginia Vega\",\"image\":{\"@type\":\"ImageObject\",\"inLanguage\":\"es\",\"@id\":\"https:\\\/\\\/secure.gravatar.com\\\/avatar\\\/7ddcd10020d53de62ad0fefe7655bb0f47c6344e827b2ad5669724599ad0e4c2?s=96&d=mm&r=g\",\"url\":\"https:\\\/\\\/secure.gravatar.com\\\/avatar\\\/7ddcd10020d53de62ad0fefe7655bb0f47c6344e827b2ad5669724599ad0e4c2?s=96&d=mm&r=g\",\"contentUrl\":\"https:\\\/\\\/secure.gravatar.com\\\/avatar\\\/7ddcd10020d53de62ad0fefe7655bb0f47c6344e827b2ad5669724599ad0e4c2?s=96&d=mm&r=g\",\"caption\":\"Virginia Vega\"},\"sameAs\":[\"http:\\\/\\\/enterarte.info\"],\"url\":\"https:\\\/\\\/enterarte.info\\\/press\\\/author\\\/vicky\\\/\"}]}<\/script>\n<!-- \/ Yoast SEO plugin. -->","yoast_head_json":{"title":"30 empresas de Federaci\u00f3n, entre alojamientos y restaurantes, participar\u00e1n de Termatalia Uruguay. - ENTERARTE","robots":{"index":"index","follow":"follow","max-snippet":"max-snippet:-1","max-image-preview":"max-image-preview:large","max-video-preview":"max-video-preview:-1"},"canonical":"https:\/\/enterarte.info\/press\/30-empresas-de-federacion-entre-alojamientos-y-restaurantes-participaran-de-termatalia-uruguay\/","og_locale":"es_ES","og_type":"article","og_title":"30 empresas de Federaci\u00f3n, entre alojamientos y restaurantes, participar\u00e1n de Termatalia Uruguay. - ENTERARTE","og_description":"La 21\u00aa edici\u00f3n de TERMATALIA se celebrar\u00e1 en Salto y Paysand\u00fa (Uruguay) del 4 al 6 de &hellip;","og_url":"https:\/\/enterarte.info\/press\/30-empresas-de-federacion-entre-alojamientos-y-restaurantes-participaran-de-termatalia-uruguay\/","og_site_name":"ENTERARTE","article_publisher":"\/enterarte.info\/","article_published_time":"2023-09-22T18:32:55+00:00","og_image":[{"width":660,"height":396,"url":"https:\/\/enterarte.info\/press\/wp-content\/uploads\/2023\/09\/Termatalia-1.jpg","type":"image\/jpeg"}],"author":"Virginia Vega","twitter_card":"summary_large_image","twitter_misc":{"Escrito por":"Virginia Vega","Tiempo de lectura":"2 minutos"},"schema":{"@context":"https:\/\/schema.org","@graph":[{"@type":"Article","@id":"https:\/\/enterarte.info\/press\/30-empresas-de-federacion-entre-alojamientos-y-restaurantes-participaran-de-termatalia-uruguay\/#article","isPartOf":{"@id":"https:\/\/enterarte.info\/press\/30-empresas-de-federacion-entre-alojamientos-y-restaurantes-participaran-de-termatalia-uruguay\/"},"author":{"name":"Virginia Vega","@id":"https:\/\/enterarte.info\/press\/#\/schema\/person\/390c3cc4b651385ec56aa36c7ac48dda"},"headline":"30 empresas de Federaci\u00f3n, entre alojamientos y restaurantes, participar\u00e1n de Termatalia Uruguay.","datePublished":"2023-09-22T18:32:55+00:00","mainEntityOfPage":{"@id":"https:\/\/enterarte.info\/press\/30-empresas-de-federacion-entre-alojamientos-y-restaurantes-participaran-de-termatalia-uruguay\/"},"wordCount":429,"commentCount":0,"publisher":{"@id":"https:\/\/enterarte.info\/press\/#organization"},"image":{"@id":"https:\/\/enterarte.info\/press\/30-empresas-de-federacion-entre-alojamientos-y-restaurantes-participaran-de-termatalia-uruguay\/#primaryimage"},"thumbnailUrl":"https:\/\/enterarte.info\/press\/wp-content\/uploads\/2023\/09\/Termatalia-1.jpg","articleSection":["FEDERACION","Novedades"],"inLanguage":"es","potentialAction":[{"@type":"CommentAction","name":"Comment","target":["https:\/\/enterarte.info\/press\/30-empresas-de-federacion-entre-alojamientos-y-restaurantes-participaran-de-termatalia-uruguay\/#respond"]}]},{"@type":"WebPage","@id":"https:\/\/enterarte.info\/press\/30-empresas-de-federacion-entre-alojamientos-y-restaurantes-participaran-de-termatalia-uruguay\/","url":"https:\/\/enterarte.info\/press\/30-empresas-de-federacion-entre-alojamientos-y-restaurantes-participaran-de-termatalia-uruguay\/","name":"30 empresas de Federaci\u00f3n, entre alojamientos y restaurantes, participar\u00e1n de Termatalia Uruguay. - ENTERARTE","isPartOf":{"@id":"https:\/\/enterarte.info\/press\/#website"},"primaryImageOfPage":{"@id":"https:\/\/enterarte.info\/press\/30-empresas-de-federacion-entre-alojamientos-y-restaurantes-participaran-de-termatalia-uruguay\/#primaryimage"},"image":{"@id":"https:\/\/enterarte.info\/press\/30-empresas-de-federacion-entre-alojamientos-y-restaurantes-participaran-de-termatalia-uruguay\/#primaryimage"},"thumbnailUrl":"https:\/\/enterarte.info\/press\/wp-content\/uploads\/2023\/09\/Termatalia-1.jpg","datePublished":"2023-09-22T18:32:55+00:00","inLanguage":"es","potentialAction":[{"@type":"ReadAction","target":["https:\/\/enterarte.info\/press\/30-empresas-de-federacion-entre-alojamientos-y-restaurantes-participaran-de-termatalia-uruguay\/"]}]},{"@type":"ImageObject","inLanguage":"es","@id":"https:\/\/enterarte.info\/press\/30-empresas-de-federacion-entre-alojamientos-y-restaurantes-participaran-de-termatalia-uruguay\/#primaryimage","url":"https:\/\/enterarte.info\/press\/wp-content\/uploads\/2023\/09\/Termatalia-1.jpg","contentUrl":"https:\/\/enterarte.info\/press\/wp-content\/uploads\/2023\/09\/Termatalia-1.jpg","width":660,"height":396},{"@type":"WebSite","@id":"https:\/\/enterarte.info\/press\/#website","url":"https:\/\/enterarte.info\/press\/","name":"ENTERARTE","description":"Cuando el arte y la inform\u00e1tica son  uno","publisher":{"@id":"https:\/\/enterarte.info\/press\/#organization"},"potentialAction":[{"@type":"SearchAction","target":{"@type":"EntryPoint","urlTemplate":"https:\/\/enterarte.info\/press\/?s={search_term_string}"},"query-input":{"@type":"PropertyValueSpecification","valueRequired":true,"valueName":"search_term_string"}}],"inLanguage":"es"},{"@type":"Organization","@id":"https:\/\/enterarte.info\/press\/#organization","name":"ENTERARTE","url":"https:\/\/enterarte.info\/press\/","logo":{"@type":"ImageObject","inLanguage":"es","@id":"https:\/\/enterarte.info\/press\/#\/schema\/logo\/image\/","url":"http:\/\/enterarte.info\/press\/wp-content\/uploads\/2017\/09\/cabezal_fondo_celeste_final_910.png","contentUrl":"http:\/\/enterarte.info\/press\/wp-content\/uploads\/2017\/09\/cabezal_fondo_celeste_final_910.png","width":910,"height":205,"caption":"ENTERARTE"},"image":{"@id":"https:\/\/enterarte.info\/press\/#\/schema\/logo\/image\/"},"sameAs":["\/enterarte.info\/"]},{"@type":"Person","@id":"https:\/\/enterarte.info\/press\/#\/schema\/person\/390c3cc4b651385ec56aa36c7ac48dda","name":"Virginia Vega","image":{"@type":"ImageObject","inLanguage":"es","@id":"https:\/\/secure.gravatar.com\/avatar\/7ddcd10020d53de62ad0fefe7655bb0f47c6344e827b2ad5669724599ad0e4c2?s=96&d=mm&r=g","url":"https:\/\/secure.gravatar.com\/avatar\/7ddcd10020d53de62ad0fefe7655bb0f47c6344e827b2ad5669724599ad0e4c2?s=96&d=mm&r=g","contentUrl":"https:\/\/secure.gravatar.com\/avatar\/7ddcd10020d53de62ad0fefe7655bb0f47c6344e827b2ad5669724599ad0e4c2?s=96&d=mm&r=g","caption":"Virginia Vega"},"sameAs":["http:\/\/enterarte.info"],"url":"https:\/\/enterarte.info\/press\/author\/vicky\/"}]}},"jetpack_publicize_connections":[],"_links":{"self":[{"href":"https:\/\/enterarte.info\/press\/wp-json\/wp\/v2\/posts\/5676","targetHints":{"allow":["GET"]}}],"collection":[{"href":"https:\/\/enterarte.info\/press\/wp-json\/wp\/v2\/posts"}],"about":[{"href":"https:\/\/enterarte.info\/press\/wp-json\/wp\/v2\/types\/post"}],"author":[{"embeddable":true,"href":"https:\/\/enterarte.info\/press\/wp-json\/wp\/v2\/users\/5"}],"replies":[{"embeddable":true,"href":"https:\/\/enterarte.info\/press\/wp-json\/wp\/v2\/comments?post=5676"}],"version-history":[{"count":1,"href":"https:\/\/enterarte.info\/press\/wp-json\/wp\/v2\/posts\/5676\/revisions"}],"predecessor-version":[{"id":5678,"href":"https:\/\/enterarte.info\/press\/wp-json\/wp\/v2\/posts\/5676\/revisions\/5678"}],"wp:featuredmedia":[{"embeddable":true,"href":"https:\/\/enterarte.info\/press\/wp-json\/wp\/v2\/media\/5677"}],"wp:attachment":[{"href":"https:\/\/enterarte.info\/press\/wp-json\/wp\/v2\/media?parent=5676"}],"wp:term":[{"taxonomy":"category","embeddable":true,"href":"https:\/\/enterarte.info\/press\/wp-json\/wp\/v2\/categories?post=5676"},{"taxonomy":"post_tag","embeddable":true,"href":"https:\/\/enterarte.info\/press\/wp-json\/wp\/v2\/tags?post=5676"}],"curies":[{"name":"wp","href":"https:\/\/api.w.org\/{rel}","templated":true}]}}