{"id":5271,"date":"2022-04-12T13:05:48","date_gmt":"2022-04-12T16:05:48","guid":{"rendered":"http:\/\/enterarte.info\/press\/?p=5271"},"modified":"2022-04-12T13:05:48","modified_gmt":"2022-04-12T16:05:48","slug":"hecho-con-amor-joven-emprendedora-vende-sus-artesanias-en-feria-y-a-traves-de-la-web","status":"publish","type":"post","link":"https:\/\/enterarte.info\/press\/hecho-con-amor-joven-emprendedora-vende-sus-artesanias-en-feria-y-a-traves-de-la-web\/","title":{"rendered":"HECHO CON AMOR. JOVEN EMPRENDEDORA VENDE SUS ARTESAN\u00cdAS EN FERIA Y A TRAV\u00c9S DE LA WEB."},"content":{"rendered":"<div class=\"cxmmr5t8 oygrvhab hcukyx3x c1et5uql o9v6fnle ii04i59q\">\n<div dir=\"auto\">Continuando con el impulso que brindamos desde ARTIGAS NOTICIAS<\/div>\n<div dir=\"auto\">a diferentes emprendedores de nuestro departamento, hoy conoceremos el emprendimiento de la joven, Yaline Vaz Martins.<\/div>\n<div dir=\"auto\">Yaline comenz\u00f3 como muchos por la pandemia con su proyecto; Vende accesorios artesanales desde hace unos dos a\u00f1os.<\/div>\n<div dir=\"auto\">Trabaja sola, y vende sus productos en la Feria VALE EMPRENDER los d\u00edas s\u00e1bados y durante la semana a trav\u00e9s de la p\u00e1gina en instagram: @mis.inventos_uy.<\/div>\n<\/div>\n<div class=\"fluid-width-video-wrapper\"><iframe title=\"EMPRENDEDORA\" src=\"https:\/\/www.youtube.com\/embed\/o3p6lIf5rzo?feature=oembed&amp;amp;wmode=opaque\" name=\"fitvid0\" frameborder=\"0\" allowfullscreen=\"allowfullscreen\" data-mce-fragment=\"1\"><\/iframe><\/div>\n<div><\/div>\n<div>Fuente: Artigas Noticias<\/div>\n","protected":false},"excerpt":{"rendered":"<p>Continuando con el impulso que brindamos desde ARTIGAS NOTICIAS a diferentes emprendedores de nuestro departamento, hoy conoceremos &hellip; <\/p>\n","protected":false},"author":5,"featured_media":5272,"comment_status":"open","ping_status":"open","sticky":false,"template":"","format":"standard","meta":{"rop_custom_images_group":[],"rop_custom_messages_group":[],"rop_publish_now":"initial","rop_publish_now_accounts":[],"rop_publish_now_history":[],"rop_publish_now_status":"pending","fifu_image_url":"","fifu_image_alt":"","footnotes":"","jetpack_publicize_message":"","jetpack_publicize_feature_enabled":true,"jetpack_social_post_already_shared":true,"jetpack_social_options":{"image_generator_settings":{"template":"highway","default_image_id":0,"font":"","enabled":false},"version":2}},"categories":[27,1],"tags":[],"class_list":["post-5271","post","type-post","status-publish","format-standard","has-post-thumbnail","hentry","category-artigas","category-novedades"],"yoast_head":"<!-- This site is optimized with the Yoast SEO plugin v27.4 - https:\/\/yoast.com\/product\/yoast-seo-wordpress\/ -->\n<title>HECHO CON AMOR. JOVEN EMPRENDEDORA VENDE SUS ARTESAN\u00cdAS EN FERIA Y A TRAV\u00c9S DE LA WEB. - ENTERARTE<\/title>\n<meta name=\"robots\" content=\"index, follow, max-snippet:-1, max-image-preview:large, max-video-preview:-1\" \/>\n<link rel=\"canonical\" href=\"https:\/\/enterarte.info\/press\/hecho-con-amor-joven-emprendedora-vende-sus-artesanias-en-feria-y-a-traves-de-la-web\/\" \/>\n<meta property=\"og:locale\" content=\"es_ES\" \/>\n<meta property=\"og:type\" content=\"article\" \/>\n<meta property=\"og:title\" content=\"HECHO CON AMOR. JOVEN EMPRENDEDORA VENDE SUS ARTESAN\u00cdAS EN FERIA Y A TRAV\u00c9S DE LA WEB. - ENTERARTE\" \/>\n<meta property=\"og:description\" content=\"Continuando con el impulso que brindamos desde ARTIGAS NOTICIAS a diferentes emprendedores de nuestro departamento, hoy conoceremos &hellip;\" \/>\n<meta property=\"og:url\" content=\"https:\/\/enterarte.info\/press\/hecho-con-amor-joven-emprendedora-vende-sus-artesanias-en-feria-y-a-traves-de-la-web\/\" \/>\n<meta property=\"og:site_name\" content=\"ENTERARTE\" \/>\n<meta property=\"article:publisher\" content=\"\/enterarte.info\/\" \/>\n<meta property=\"article:published_time\" content=\"2022-04-12T16:05:48+00:00\" \/>\n<meta property=\"og:image\" content=\"https:\/\/enterarte.info\/press\/wp-content\/uploads\/2022\/04\/aaaaaaaa.jpg\" \/>\n\t<meta property=\"og:image:width\" content=\"660\" \/>\n\t<meta property=\"og:image:height\" content=\"370\" \/>\n\t<meta property=\"og:image:type\" content=\"image\/jpeg\" \/>\n<meta name=\"author\" content=\"Virginia Vega\" \/>\n<meta name=\"twitter:card\" content=\"summary_large_image\" \/>\n<meta name=\"twitter:label1\" content=\"Escrito por\" \/>\n\t<meta name=\"twitter:data1\" content=\"Virginia Vega\" \/>\n<script type=\"application\/ld+json\" class=\"yoast-schema-graph\">{\"@context\":\"https:\\\/\\\/schema.org\",\"@graph\":[{\"@type\":\"Article\",\"@id\":\"https:\\\/\\\/enterarte.info\\\/press\\\/hecho-con-amor-joven-emprendedora-vende-sus-artesanias-en-feria-y-a-traves-de-la-web\\\/#article\",\"isPartOf\":{\"@id\":\"https:\\\/\\\/enterarte.info\\\/press\\\/hecho-con-amor-joven-emprendedora-vende-sus-artesanias-en-feria-y-a-traves-de-la-web\\\/\"},\"author\":{\"name\":\"Virginia Vega\",\"@id\":\"https:\\\/\\\/enterarte.info\\\/press\\\/#\\\/schema\\\/person\\\/390c3cc4b651385ec56aa36c7ac48dda\"},\"headline\":\"HECHO CON AMOR. JOVEN EMPRENDEDORA VENDE SUS ARTESAN\u00cdAS EN FERIA Y A TRAV\u00c9S DE LA WEB.\",\"datePublished\":\"2022-04-12T16:05:48+00:00\",\"mainEntityOfPage\":{\"@id\":\"https:\\\/\\\/enterarte.info\\\/press\\\/hecho-con-amor-joven-emprendedora-vende-sus-artesanias-en-feria-y-a-traves-de-la-web\\\/\"},\"wordCount\":97,\"commentCount\":0,\"publisher\":{\"@id\":\"https:\\\/\\\/enterarte.info\\\/press\\\/#organization\"},\"image\":{\"@id\":\"https:\\\/\\\/enterarte.info\\\/press\\\/hecho-con-amor-joven-emprendedora-vende-sus-artesanias-en-feria-y-a-traves-de-la-web\\\/#primaryimage\"},\"thumbnailUrl\":\"https:\\\/\\\/enterarte.info\\\/press\\\/wp-content\\\/uploads\\\/2022\\\/04\\\/aaaaaaaa.jpg\",\"articleSection\":[\"ARTIGAS\",\"Novedades\"],\"inLanguage\":\"es\",\"potentialAction\":[{\"@type\":\"CommentAction\",\"name\":\"Comment\",\"target\":[\"https:\\\/\\\/enterarte.info\\\/press\\\/hecho-con-amor-joven-emprendedora-vende-sus-artesanias-en-feria-y-a-traves-de-la-web\\\/#respond\"]}]},{\"@type\":\"WebPage\",\"@id\":\"https:\\\/\\\/enterarte.info\\\/press\\\/hecho-con-amor-joven-emprendedora-vende-sus-artesanias-en-feria-y-a-traves-de-la-web\\\/\",\"url\":\"https:\\\/\\\/enterarte.info\\\/press\\\/hecho-con-amor-joven-emprendedora-vende-sus-artesanias-en-feria-y-a-traves-de-la-web\\\/\",\"name\":\"HECHO CON AMOR. JOVEN EMPRENDEDORA VENDE SUS ARTESAN\u00cdAS EN FERIA Y A TRAV\u00c9S DE LA WEB. - ENTERARTE\",\"isPartOf\":{\"@id\":\"https:\\\/\\\/enterarte.info\\\/press\\\/#website\"},\"primaryImageOfPage\":{\"@id\":\"https:\\\/\\\/enterarte.info\\\/press\\\/hecho-con-amor-joven-emprendedora-vende-sus-artesanias-en-feria-y-a-traves-de-la-web\\\/#primaryimage\"},\"image\":{\"@id\":\"https:\\\/\\\/enterarte.info\\\/press\\\/hecho-con-amor-joven-emprendedora-vende-sus-artesanias-en-feria-y-a-traves-de-la-web\\\/#primaryimage\"},\"thumbnailUrl\":\"https:\\\/\\\/enterarte.info\\\/press\\\/wp-content\\\/uploads\\\/2022\\\/04\\\/aaaaaaaa.jpg\",\"datePublished\":\"2022-04-12T16:05:48+00:00\",\"inLanguage\":\"es\",\"potentialAction\":[{\"@type\":\"ReadAction\",\"target\":[\"https:\\\/\\\/enterarte.info\\\/press\\\/hecho-con-amor-joven-emprendedora-vende-sus-artesanias-en-feria-y-a-traves-de-la-web\\\/\"]}]},{\"@type\":\"ImageObject\",\"inLanguage\":\"es\",\"@id\":\"https:\\\/\\\/enterarte.info\\\/press\\\/hecho-con-amor-joven-emprendedora-vende-sus-artesanias-en-feria-y-a-traves-de-la-web\\\/#primaryimage\",\"url\":\"https:\\\/\\\/enterarte.info\\\/press\\\/wp-content\\\/uploads\\\/2022\\\/04\\\/aaaaaaaa.jpg\",\"contentUrl\":\"https:\\\/\\\/enterarte.info\\\/press\\\/wp-content\\\/uploads\\\/2022\\\/04\\\/aaaaaaaa.jpg\",\"width\":660,\"height\":370},{\"@type\":\"WebSite\",\"@id\":\"https:\\\/\\\/enterarte.info\\\/press\\\/#website\",\"url\":\"https:\\\/\\\/enterarte.info\\\/press\\\/\",\"name\":\"ENTERARTE\",\"description\":\"Cuando el arte y la inform\u00e1tica son  uno\",\"publisher\":{\"@id\":\"https:\\\/\\\/enterarte.info\\\/press\\\/#organization\"},\"potentialAction\":[{\"@type\":\"SearchAction\",\"target\":{\"@type\":\"EntryPoint\",\"urlTemplate\":\"https:\\\/\\\/enterarte.info\\\/press\\\/?s={search_term_string}\"},\"query-input\":{\"@type\":\"PropertyValueSpecification\",\"valueRequired\":true,\"valueName\":\"search_term_string\"}}],\"inLanguage\":\"es\"},{\"@type\":\"Organization\",\"@id\":\"https:\\\/\\\/enterarte.info\\\/press\\\/#organization\",\"name\":\"ENTERARTE\",\"url\":\"https:\\\/\\\/enterarte.info\\\/press\\\/\",\"logo\":{\"@type\":\"ImageObject\",\"inLanguage\":\"es\",\"@id\":\"https:\\\/\\\/enterarte.info\\\/press\\\/#\\\/schema\\\/logo\\\/image\\\/\",\"url\":\"http:\\\/\\\/enterarte.info\\\/press\\\/wp-content\\\/uploads\\\/2017\\\/09\\\/cabezal_fondo_celeste_final_910.png\",\"contentUrl\":\"http:\\\/\\\/enterarte.info\\\/press\\\/wp-content\\\/uploads\\\/2017\\\/09\\\/cabezal_fondo_celeste_final_910.png\",\"width\":910,\"height\":205,\"caption\":\"ENTERARTE\"},\"image\":{\"@id\":\"https:\\\/\\\/enterarte.info\\\/press\\\/#\\\/schema\\\/logo\\\/image\\\/\"},\"sameAs\":[\"\\\/enterarte.info\\\/\"]},{\"@type\":\"Person\",\"@id\":\"https:\\\/\\\/enterarte.info\\\/press\\\/#\\\/schema\\\/person\\\/390c3cc4b651385ec56aa36c7ac48dda\",\"name\":\"Virginia Vega\",\"image\":{\"@type\":\"ImageObject\",\"inLanguage\":\"es\",\"@id\":\"https:\\\/\\\/secure.gravatar.com\\\/avatar\\\/7ddcd10020d53de62ad0fefe7655bb0f47c6344e827b2ad5669724599ad0e4c2?s=96&d=mm&r=g\",\"url\":\"https:\\\/\\\/secure.gravatar.com\\\/avatar\\\/7ddcd10020d53de62ad0fefe7655bb0f47c6344e827b2ad5669724599ad0e4c2?s=96&d=mm&r=g\",\"contentUrl\":\"https:\\\/\\\/secure.gravatar.com\\\/avatar\\\/7ddcd10020d53de62ad0fefe7655bb0f47c6344e827b2ad5669724599ad0e4c2?s=96&d=mm&r=g\",\"caption\":\"Virginia Vega\"},\"sameAs\":[\"http:\\\/\\\/enterarte.info\"],\"url\":\"https:\\\/\\\/enterarte.info\\\/press\\\/author\\\/vicky\\\/\"}]}<\/script>\n<!-- \/ Yoast SEO plugin. -->","yoast_head_json":{"title":"HECHO CON AMOR. JOVEN EMPRENDEDORA VENDE SUS ARTESAN\u00cdAS EN FERIA Y A TRAV\u00c9S DE LA WEB. - ENTERARTE","robots":{"index":"index","follow":"follow","max-snippet":"max-snippet:-1","max-image-preview":"max-image-preview:large","max-video-preview":"max-video-preview:-1"},"canonical":"https:\/\/enterarte.info\/press\/hecho-con-amor-joven-emprendedora-vende-sus-artesanias-en-feria-y-a-traves-de-la-web\/","og_locale":"es_ES","og_type":"article","og_title":"HECHO CON AMOR. JOVEN EMPRENDEDORA VENDE SUS ARTESAN\u00cdAS EN FERIA Y A TRAV\u00c9S DE LA WEB. - ENTERARTE","og_description":"Continuando con el impulso que brindamos desde ARTIGAS NOTICIAS a diferentes emprendedores de nuestro departamento, hoy conoceremos &hellip;","og_url":"https:\/\/enterarte.info\/press\/hecho-con-amor-joven-emprendedora-vende-sus-artesanias-en-feria-y-a-traves-de-la-web\/","og_site_name":"ENTERARTE","article_publisher":"\/enterarte.info\/","article_published_time":"2022-04-12T16:05:48+00:00","og_image":[{"width":660,"height":370,"url":"https:\/\/enterarte.info\/press\/wp-content\/uploads\/2022\/04\/aaaaaaaa.jpg","type":"image\/jpeg"}],"author":"Virginia Vega","twitter_card":"summary_large_image","twitter_misc":{"Escrito por":"Virginia Vega"},"schema":{"@context":"https:\/\/schema.org","@graph":[{"@type":"Article","@id":"https:\/\/enterarte.info\/press\/hecho-con-amor-joven-emprendedora-vende-sus-artesanias-en-feria-y-a-traves-de-la-web\/#article","isPartOf":{"@id":"https:\/\/enterarte.info\/press\/hecho-con-amor-joven-emprendedora-vende-sus-artesanias-en-feria-y-a-traves-de-la-web\/"},"author":{"name":"Virginia Vega","@id":"https:\/\/enterarte.info\/press\/#\/schema\/person\/390c3cc4b651385ec56aa36c7ac48dda"},"headline":"HECHO CON AMOR. JOVEN EMPRENDEDORA VENDE SUS ARTESAN\u00cdAS EN FERIA Y A TRAV\u00c9S DE LA WEB.","datePublished":"2022-04-12T16:05:48+00:00","mainEntityOfPage":{"@id":"https:\/\/enterarte.info\/press\/hecho-con-amor-joven-emprendedora-vende-sus-artesanias-en-feria-y-a-traves-de-la-web\/"},"wordCount":97,"commentCount":0,"publisher":{"@id":"https:\/\/enterarte.info\/press\/#organization"},"image":{"@id":"https:\/\/enterarte.info\/press\/hecho-con-amor-joven-emprendedora-vende-sus-artesanias-en-feria-y-a-traves-de-la-web\/#primaryimage"},"thumbnailUrl":"https:\/\/enterarte.info\/press\/wp-content\/uploads\/2022\/04\/aaaaaaaa.jpg","articleSection":["ARTIGAS","Novedades"],"inLanguage":"es","potentialAction":[{"@type":"CommentAction","name":"Comment","target":["https:\/\/enterarte.info\/press\/hecho-con-amor-joven-emprendedora-vende-sus-artesanias-en-feria-y-a-traves-de-la-web\/#respond"]}]},{"@type":"WebPage","@id":"https:\/\/enterarte.info\/press\/hecho-con-amor-joven-emprendedora-vende-sus-artesanias-en-feria-y-a-traves-de-la-web\/","url":"https:\/\/enterarte.info\/press\/hecho-con-amor-joven-emprendedora-vende-sus-artesanias-en-feria-y-a-traves-de-la-web\/","name":"HECHO CON AMOR. JOVEN EMPRENDEDORA VENDE SUS ARTESAN\u00cdAS EN FERIA Y A TRAV\u00c9S DE LA WEB. - ENTERARTE","isPartOf":{"@id":"https:\/\/enterarte.info\/press\/#website"},"primaryImageOfPage":{"@id":"https:\/\/enterarte.info\/press\/hecho-con-amor-joven-emprendedora-vende-sus-artesanias-en-feria-y-a-traves-de-la-web\/#primaryimage"},"image":{"@id":"https:\/\/enterarte.info\/press\/hecho-con-amor-joven-emprendedora-vende-sus-artesanias-en-feria-y-a-traves-de-la-web\/#primaryimage"},"thumbnailUrl":"https:\/\/enterarte.info\/press\/wp-content\/uploads\/2022\/04\/aaaaaaaa.jpg","datePublished":"2022-04-12T16:05:48+00:00","inLanguage":"es","potentialAction":[{"@type":"ReadAction","target":["https:\/\/enterarte.info\/press\/hecho-con-amor-joven-emprendedora-vende-sus-artesanias-en-feria-y-a-traves-de-la-web\/"]}]},{"@type":"ImageObject","inLanguage":"es","@id":"https:\/\/enterarte.info\/press\/hecho-con-amor-joven-emprendedora-vende-sus-artesanias-en-feria-y-a-traves-de-la-web\/#primaryimage","url":"https:\/\/enterarte.info\/press\/wp-content\/uploads\/2022\/04\/aaaaaaaa.jpg","contentUrl":"https:\/\/enterarte.info\/press\/wp-content\/uploads\/2022\/04\/aaaaaaaa.jpg","width":660,"height":370},{"@type":"WebSite","@id":"https:\/\/enterarte.info\/press\/#website","url":"https:\/\/enterarte.info\/press\/","name":"ENTERARTE","description":"Cuando el arte y la inform\u00e1tica son  uno","publisher":{"@id":"https:\/\/enterarte.info\/press\/#organization"},"potentialAction":[{"@type":"SearchAction","target":{"@type":"EntryPoint","urlTemplate":"https:\/\/enterarte.info\/press\/?s={search_term_string}"},"query-input":{"@type":"PropertyValueSpecification","valueRequired":true,"valueName":"search_term_string"}}],"inLanguage":"es"},{"@type":"Organization","@id":"https:\/\/enterarte.info\/press\/#organization","name":"ENTERARTE","url":"https:\/\/enterarte.info\/press\/","logo":{"@type":"ImageObject","inLanguage":"es","@id":"https:\/\/enterarte.info\/press\/#\/schema\/logo\/image\/","url":"http:\/\/enterarte.info\/press\/wp-content\/uploads\/2017\/09\/cabezal_fondo_celeste_final_910.png","contentUrl":"http:\/\/enterarte.info\/press\/wp-content\/uploads\/2017\/09\/cabezal_fondo_celeste_final_910.png","width":910,"height":205,"caption":"ENTERARTE"},"image":{"@id":"https:\/\/enterarte.info\/press\/#\/schema\/logo\/image\/"},"sameAs":["\/enterarte.info\/"]},{"@type":"Person","@id":"https:\/\/enterarte.info\/press\/#\/schema\/person\/390c3cc4b651385ec56aa36c7ac48dda","name":"Virginia Vega","image":{"@type":"ImageObject","inLanguage":"es","@id":"https:\/\/secure.gravatar.com\/avatar\/7ddcd10020d53de62ad0fefe7655bb0f47c6344e827b2ad5669724599ad0e4c2?s=96&d=mm&r=g","url":"https:\/\/secure.gravatar.com\/avatar\/7ddcd10020d53de62ad0fefe7655bb0f47c6344e827b2ad5669724599ad0e4c2?s=96&d=mm&r=g","contentUrl":"https:\/\/secure.gravatar.com\/avatar\/7ddcd10020d53de62ad0fefe7655bb0f47c6344e827b2ad5669724599ad0e4c2?s=96&d=mm&r=g","caption":"Virginia Vega"},"sameAs":["http:\/\/enterarte.info"],"url":"https:\/\/enterarte.info\/press\/author\/vicky\/"}]}},"jetpack_publicize_connections":[],"_links":{"self":[{"href":"https:\/\/enterarte.info\/press\/wp-json\/wp\/v2\/posts\/5271","targetHints":{"allow":["GET"]}}],"collection":[{"href":"https:\/\/enterarte.info\/press\/wp-json\/wp\/v2\/posts"}],"about":[{"href":"https:\/\/enterarte.info\/press\/wp-json\/wp\/v2\/types\/post"}],"author":[{"embeddable":true,"href":"https:\/\/enterarte.info\/press\/wp-json\/wp\/v2\/users\/5"}],"replies":[{"embeddable":true,"href":"https:\/\/enterarte.info\/press\/wp-json\/wp\/v2\/comments?post=5271"}],"version-history":[{"count":1,"href":"https:\/\/enterarte.info\/press\/wp-json\/wp\/v2\/posts\/5271\/revisions"}],"predecessor-version":[{"id":5273,"href":"https:\/\/enterarte.info\/press\/wp-json\/wp\/v2\/posts\/5271\/revisions\/5273"}],"wp:featuredmedia":[{"embeddable":true,"href":"https:\/\/enterarte.info\/press\/wp-json\/wp\/v2\/media\/5272"}],"wp:attachment":[{"href":"https:\/\/enterarte.info\/press\/wp-json\/wp\/v2\/media?parent=5271"}],"wp:term":[{"taxonomy":"category","embeddable":true,"href":"https:\/\/enterarte.info\/press\/wp-json\/wp\/v2\/categories?post=5271"},{"taxonomy":"post_tag","embeddable":true,"href":"https:\/\/enterarte.info\/press\/wp-json\/wp\/v2\/tags?post=5271"}],"curies":[{"name":"wp","href":"https:\/\/api.w.org\/{rel}","templated":true}]}}