{"id":5132,"date":"2022-01-31T12:29:54","date_gmt":"2022-01-31T15:29:54","guid":{"rendered":"http:\/\/enterarte.info\/press\/?p=5132"},"modified":"2022-01-31T12:29:54","modified_gmt":"2022-01-31T15:29:54","slug":"federacion-primera-noche-del-carnaval-mas-divertido-del-pais","status":"publish","type":"post","link":"https:\/\/enterarte.info\/press\/federacion-primera-noche-del-carnaval-mas-divertido-del-pais\/","title":{"rendered":"Federaci\u00f3n: Primera noche del carnaval m\u00e1s divertido del pa\u00eds"},"content":{"rendered":"<p><span style=\"font-weight: 400;\">Vecinos y el turismo disfrutaron de una verdadera fiesta.<\/span><\/p>\n<p style=\"font-weight: 400;\">Todo comenz\u00f3 con el acto de apertura en el desfilodromo \u00abJos\u00e9 Lu\u00eds Silvestri\u00bb, que cont\u00f3 con la presencia de la Directora Municipal de Cultura Silvana Monzon, la reina del carnaval Lucia Acevedo y el Presidente Municipal Ricardo Bravo.<\/p>\n<p style=\"font-weight: 400;\">El Intendente de Federacion hizo entrega de un reconocimiento al se\u00f1or Jorge Casta\u00f1o por su aporte y participaci\u00f3n en el carnaval.<\/p>\n<p style=\"font-weight: 400;\">Previo al inicio del paso de las tres comparsas que compiten en este carnaval y luego de dejar inaugurada esta nueva edici\u00f3n, Ricardo Bravo a trav\u00e9s de la pagina \u201cFederaci\u00f3n Te enamora\u201d, expres\u00f3 estar muy feliz por la posibilidad de poder organizar nuevamente este evento y sobre todo por el marco de publico que acompa\u00f1o el primer desfile, \u201cporque trabajamos para que el carnaval de Federaci\u00f3n siga creciendo y por eso toda esta puesta a punto del desfilodromo, adem\u00e1s del esfuerzo que han hecho las comparsas\u201d, subray\u00f3.<\/p>\n<p>Finalmente, el intendente de la ciudad termal, resalto la labor que realiz\u00f3 la directora de Cultura Silvana Monz\u00f3n y las distintas \u00e1reas del municipio, \u201chan trabajado much\u00edsimas horas para lograr tener a punto este escenario, as\u00ed que no tengo m\u00e1s que felicitarlos, porque con esto se est\u00e1 demostrando que en esta gesti\u00f3n hay organizaci\u00f3n\u201d.<\/p>\n<p>Por su parte, la directora de cultura y a su vez a cargo de la organizaci\u00f3n de esta edici\u00f3n del carnaval federaense, tambi\u00e9n manifest\u00f3 estar muy contenta \u201cporque ampliamente se han superado nuestras expectativas y en particular por el alto nivel que han mostrado cada una de las comparsas en esta primera noche\u201d.<\/p>\n<p>Por su parte, la directora de cultura y a su vez a cargo de la organizaci\u00f3n de esta edici\u00f3n del carnaval federaense, tambi\u00e9n manifest\u00f3 estar muy contenta \u201cporque ampliamente se han superado nuestras expectativas y en particular por el alto nivel que han mostrado cada una de las comparsas en esta primera noche\u201d.<\/p>\n<p style=\"font-weight: 400;\">Adem\u00e1s, la funcionara municipal dijo que un p\u00e1rrafo aparte fue la alegr\u00eda que vivi\u00f3 el p\u00fablico \u201cseguramente despu\u00e9s de estar un poco reprimido por la pandemia, as\u00ed que fue necesario un evento de esta magnitud, porque todos lo necesit\u00e1bamos\u201d.<\/p>\n<p>Tambi\u00e9n indic\u00f3 que atr\u00e1s quedaron todas esas reuniones con los comparseros y el equipo de trabajo \u201cdonde analiz\u00e1bamos si est\u00e1bamos en condiciones de volver a vivir el carnaval, as\u00ed que este es un logro en conjunto con cada una de las comparsas, por eso que estamos en condiciones que ha sido todo un \u00e9xito esta edici\u00f3n del reencuentro\u201d, remarc\u00f3.<\/p>\n<p>Por \u00faltimo, Silvana Monz\u00f3n, no dejo pasar por alto el reconocimiento al trabajo de los encargados y trabajadores municipales de cada \u00e1rea y en particular a la labor incondicional de los miembros de la comisi\u00f3n organizadora y colaboradores.<\/p>\n<p><a href=\"https:\/\/enterarte.info\/press\/wp-content\/uploads\/2022\/01\/2.jpg\"><img loading=\"lazy\" decoding=\"async\" class=\"alignnone size-full wp-image-5133\" src=\"https:\/\/enterarte.info\/press\/wp-content\/uploads\/2022\/01\/2.jpg\" alt=\"\" width=\"800\" height=\"450\" srcset=\"https:\/\/enterarte.info\/press\/wp-content\/uploads\/2022\/01\/2.jpg 800w, https:\/\/enterarte.info\/press\/wp-content\/uploads\/2022\/01\/2-300x169.jpg 300w, https:\/\/enterarte.info\/press\/wp-content\/uploads\/2022\/01\/2-768x432.jpg 768w\" sizes=\"auto, (max-width: 800px) 100vw, 800px\" \/><\/a><\/p>\n<div id='gallery-1' class='gallery galleryid-5132 gallery-columns-2 gallery-size-large'><figure class='gallery-item'>\n\t\t\t<div class='gallery-icon landscape'>\n\t\t\t\t<a href='https:\/\/enterarte.info\/press\/federacion-primera-noche-del-carnaval-mas-divertido-del-pais\/1-1-copia\/'><img loading=\"lazy\" decoding=\"async\" width=\"400\" height=\"400\" src=\"https:\/\/enterarte.info\/press\/wp-content\/uploads\/2022\/01\/1-1-copia.jpg\" class=\"attachment-large size-large\" alt=\"\" srcset=\"https:\/\/enterarte.info\/press\/wp-content\/uploads\/2022\/01\/1-1-copia.jpg 400w, https:\/\/enterarte.info\/press\/wp-content\/uploads\/2022\/01\/1-1-copia-300x300.jpg 300w, https:\/\/enterarte.info\/press\/wp-content\/uploads\/2022\/01\/1-1-copia-150x150.jpg 150w\" sizes=\"auto, (max-width: 400px) 100vw, 400px\" \/><\/a>\n\t\t\t<\/div><\/figure><figure class='gallery-item'>\n\t\t\t<div class='gallery-icon landscape'>\n\t\t\t\t<a href='https:\/\/enterarte.info\/press\/federacion-primera-noche-del-carnaval-mas-divertido-del-pais\/3-copia\/'><img loading=\"lazy\" decoding=\"async\" width=\"400\" height=\"400\" src=\"https:\/\/enterarte.info\/press\/wp-content\/uploads\/2022\/01\/3-copia.jpg\" class=\"attachment-large size-large\" alt=\"\" srcset=\"https:\/\/enterarte.info\/press\/wp-content\/uploads\/2022\/01\/3-copia.jpg 400w, https:\/\/enterarte.info\/press\/wp-content\/uploads\/2022\/01\/3-copia-300x300.jpg 300w, https:\/\/enterarte.info\/press\/wp-content\/uploads\/2022\/01\/3-copia-150x150.jpg 150w\" sizes=\"auto, (max-width: 400px) 100vw, 400px\" \/><\/a>\n\t\t\t<\/div><\/figure><figure class='gallery-item'>\n\t\t\t<div class='gallery-icon landscape'>\n\t\t\t\t<a href='https:\/\/enterarte.info\/press\/federacion-primera-noche-del-carnaval-mas-divertido-del-pais\/4-2\/'><img loading=\"lazy\" decoding=\"async\" width=\"400\" height=\"400\" src=\"https:\/\/enterarte.info\/press\/wp-content\/uploads\/2022\/01\/4.jpg\" class=\"attachment-large size-large\" alt=\"\" srcset=\"https:\/\/enterarte.info\/press\/wp-content\/uploads\/2022\/01\/4.jpg 400w, https:\/\/enterarte.info\/press\/wp-content\/uploads\/2022\/01\/4-300x300.jpg 300w, https:\/\/enterarte.info\/press\/wp-content\/uploads\/2022\/01\/4-150x150.jpg 150w\" sizes=\"auto, (max-width: 400px) 100vw, 400px\" \/><\/a>\n\t\t\t<\/div><\/figure><figure class='gallery-item'>\n\t\t\t<div class='gallery-icon landscape'>\n\t\t\t\t<a href='https:\/\/enterarte.info\/press\/federacion-primera-noche-del-carnaval-mas-divertido-del-pais\/5-2\/'><img loading=\"lazy\" decoding=\"async\" width=\"400\" height=\"400\" src=\"https:\/\/enterarte.info\/press\/wp-content\/uploads\/2022\/01\/5.jpg\" class=\"attachment-large size-large\" alt=\"\" srcset=\"https:\/\/enterarte.info\/press\/wp-content\/uploads\/2022\/01\/5.jpg 400w, https:\/\/enterarte.info\/press\/wp-content\/uploads\/2022\/01\/5-300x300.jpg 300w, https:\/\/enterarte.info\/press\/wp-content\/uploads\/2022\/01\/5-150x150.jpg 150w\" sizes=\"auto, (max-width: 400px) 100vw, 400px\" \/><\/a>\n\t\t\t<\/div><\/figure><figure class='gallery-item'>\n\t\t\t<div class='gallery-icon landscape'>\n\t\t\t\t<a href='https:\/\/enterarte.info\/press\/federacion-primera-noche-del-carnaval-mas-divertido-del-pais\/attachment\/6\/'><img loading=\"lazy\" decoding=\"async\" width=\"400\" height=\"400\" src=\"https:\/\/enterarte.info\/press\/wp-content\/uploads\/2022\/01\/6.jpg\" class=\"attachment-large size-large\" alt=\"\" srcset=\"https:\/\/enterarte.info\/press\/wp-content\/uploads\/2022\/01\/6.jpg 400w, https:\/\/enterarte.info\/press\/wp-content\/uploads\/2022\/01\/6-300x300.jpg 300w, https:\/\/enterarte.info\/press\/wp-content\/uploads\/2022\/01\/6-150x150.jpg 150w\" sizes=\"auto, (max-width: 400px) 100vw, 400px\" \/><\/a>\n\t\t\t<\/div><\/figure><figure class='gallery-item'>\n\t\t\t<div class='gallery-icon landscape'>\n\t\t\t\t<a href='https:\/\/enterarte.info\/press\/federacion-primera-noche-del-carnaval-mas-divertido-del-pais\/attachment\/7\/'><img loading=\"lazy\" decoding=\"async\" width=\"400\" height=\"400\" src=\"https:\/\/enterarte.info\/press\/wp-content\/uploads\/2022\/01\/7.jpg\" class=\"attachment-large size-large\" alt=\"\" srcset=\"https:\/\/enterarte.info\/press\/wp-content\/uploads\/2022\/01\/7.jpg 400w, https:\/\/enterarte.info\/press\/wp-content\/uploads\/2022\/01\/7-300x300.jpg 300w, https:\/\/enterarte.info\/press\/wp-content\/uploads\/2022\/01\/7-150x150.jpg 150w\" sizes=\"auto, (max-width: 400px) 100vw, 400px\" \/><\/a>\n\t\t\t<\/div><\/figure><figure class='gallery-item'>\n\t\t\t<div class='gallery-icon landscape'>\n\t\t\t\t<a href='https:\/\/enterarte.info\/press\/federacion-primera-noche-del-carnaval-mas-divertido-del-pais\/attachment\/8\/'><img loading=\"lazy\" decoding=\"async\" width=\"400\" height=\"400\" src=\"https:\/\/enterarte.info\/press\/wp-content\/uploads\/2022\/01\/8.jpg\" class=\"attachment-large size-large\" alt=\"\" srcset=\"https:\/\/enterarte.info\/press\/wp-content\/uploads\/2022\/01\/8.jpg 400w, https:\/\/enterarte.info\/press\/wp-content\/uploads\/2022\/01\/8-300x300.jpg 300w, https:\/\/enterarte.info\/press\/wp-content\/uploads\/2022\/01\/8-150x150.jpg 150w\" sizes=\"auto, (max-width: 400px) 100vw, 400px\" \/><\/a>\n\t\t\t<\/div><\/figure><figure class='gallery-item'>\n\t\t\t<div class='gallery-icon landscape'>\n\t\t\t\t<a href='https:\/\/enterarte.info\/press\/federacion-primera-noche-del-carnaval-mas-divertido-del-pais\/attachment\/10\/'><img loading=\"lazy\" decoding=\"async\" width=\"400\" height=\"400\" src=\"https:\/\/enterarte.info\/press\/wp-content\/uploads\/2022\/01\/10.jpg\" class=\"attachment-large size-large\" alt=\"\" srcset=\"https:\/\/enterarte.info\/press\/wp-content\/uploads\/2022\/01\/10.jpg 400w, https:\/\/enterarte.info\/press\/wp-content\/uploads\/2022\/01\/10-300x300.jpg 300w, https:\/\/enterarte.info\/press\/wp-content\/uploads\/2022\/01\/10-150x150.jpg 150w\" sizes=\"auto, (max-width: 400px) 100vw, 400px\" \/><\/a>\n\t\t\t<\/div><\/figure>\n\t\t<\/div>\n\n<p>&nbsp;<\/p>\n","protected":false},"excerpt":{"rendered":"<p>Vecinos y el turismo disfrutaron de una verdadera fiesta. Todo comenz\u00f3 con el acto de apertura en &hellip; <\/p>\n","protected":false},"author":5,"featured_media":5142,"comment_status":"open","ping_status":"open","sticky":false,"template":"","format":"standard","meta":{"rop_custom_images_group":[],"rop_custom_messages_group":[],"rop_publish_now":"initial","rop_publish_now_accounts":[],"rop_publish_now_history":[],"rop_publish_now_status":"pending","fifu_image_url":"","fifu_image_alt":"","footnotes":"","jetpack_publicize_message":"","jetpack_publicize_feature_enabled":true,"jetpack_social_post_already_shared":true,"jetpack_social_options":{"image_generator_settings":{"template":"highway","default_image_id":0,"font":"","enabled":false},"version":2}},"categories":[16,1],"tags":[],"class_list":["post-5132","post","type-post","status-publish","format-standard","has-post-thumbnail","hentry","category-federacion","category-novedades"],"yoast_head":"<!-- This site is optimized with the Yoast SEO plugin v27.4 - https:\/\/yoast.com\/product\/yoast-seo-wordpress\/ -->\n<title>Federaci\u00f3n: Primera noche del carnaval m\u00e1s divertido del pa\u00eds - ENTERARTE<\/title>\n<meta name=\"robots\" content=\"index, follow, max-snippet:-1, max-image-preview:large, max-video-preview:-1\" \/>\n<link rel=\"canonical\" href=\"https:\/\/enterarte.info\/press\/federacion-primera-noche-del-carnaval-mas-divertido-del-pais\/\" \/>\n<meta property=\"og:locale\" content=\"es_ES\" \/>\n<meta property=\"og:type\" content=\"article\" \/>\n<meta property=\"og:title\" content=\"Federaci\u00f3n: Primera noche del carnaval m\u00e1s divertido del pa\u00eds - ENTERARTE\" \/>\n<meta property=\"og:description\" content=\"Vecinos y el turismo disfrutaron de una verdadera fiesta. Todo comenz\u00f3 con el acto de apertura en &hellip;\" \/>\n<meta property=\"og:url\" content=\"https:\/\/enterarte.info\/press\/federacion-primera-noche-del-carnaval-mas-divertido-del-pais\/\" \/>\n<meta property=\"og:site_name\" content=\"ENTERARTE\" \/>\n<meta property=\"article:publisher\" content=\"\/enterarte.info\/\" \/>\n<meta property=\"article:published_time\" content=\"2022-01-31T15:29:54+00:00\" \/>\n<meta property=\"og:image\" content=\"https:\/\/enterarte.info\/press\/wp-content\/uploads\/2022\/01\/9.jpg\" \/>\n\t<meta property=\"og:image:width\" content=\"660\" \/>\n\t<meta property=\"og:image:height\" content=\"376\" \/>\n\t<meta property=\"og:image:type\" content=\"image\/jpeg\" \/>\n<meta name=\"author\" content=\"Virginia Vega\" \/>\n<meta name=\"twitter:card\" content=\"summary_large_image\" \/>\n<meta name=\"twitter:label1\" content=\"Escrito por\" \/>\n\t<meta name=\"twitter:data1\" content=\"Virginia Vega\" \/>\n\t<meta name=\"twitter:label2\" content=\"Tiempo de lectura\" \/>\n\t<meta name=\"twitter:data2\" content=\"2 minutos\" \/>\n<script type=\"application\/ld+json\" class=\"yoast-schema-graph\">{\"@context\":\"https:\\\/\\\/schema.org\",\"@graph\":[{\"@type\":\"Article\",\"@id\":\"https:\\\/\\\/enterarte.info\\\/press\\\/federacion-primera-noche-del-carnaval-mas-divertido-del-pais\\\/#article\",\"isPartOf\":{\"@id\":\"https:\\\/\\\/enterarte.info\\\/press\\\/federacion-primera-noche-del-carnaval-mas-divertido-del-pais\\\/\"},\"author\":{\"name\":\"Virginia Vega\",\"@id\":\"https:\\\/\\\/enterarte.info\\\/press\\\/#\\\/schema\\\/person\\\/390c3cc4b651385ec56aa36c7ac48dda\"},\"headline\":\"Federaci\u00f3n: Primera noche del carnaval m\u00e1s divertido del pa\u00eds\",\"datePublished\":\"2022-01-31T15:29:54+00:00\",\"mainEntityOfPage\":{\"@id\":\"https:\\\/\\\/enterarte.info\\\/press\\\/federacion-primera-noche-del-carnaval-mas-divertido-del-pais\\\/\"},\"wordCount\":503,\"commentCount\":0,\"publisher\":{\"@id\":\"https:\\\/\\\/enterarte.info\\\/press\\\/#organization\"},\"image\":{\"@id\":\"https:\\\/\\\/enterarte.info\\\/press\\\/federacion-primera-noche-del-carnaval-mas-divertido-del-pais\\\/#primaryimage\"},\"thumbnailUrl\":\"https:\\\/\\\/enterarte.info\\\/press\\\/wp-content\\\/uploads\\\/2022\\\/01\\\/9.jpg\",\"articleSection\":[\"FEDERACION\",\"Novedades\"],\"inLanguage\":\"es\",\"potentialAction\":[{\"@type\":\"CommentAction\",\"name\":\"Comment\",\"target\":[\"https:\\\/\\\/enterarte.info\\\/press\\\/federacion-primera-noche-del-carnaval-mas-divertido-del-pais\\\/#respond\"]}]},{\"@type\":\"WebPage\",\"@id\":\"https:\\\/\\\/enterarte.info\\\/press\\\/federacion-primera-noche-del-carnaval-mas-divertido-del-pais\\\/\",\"url\":\"https:\\\/\\\/enterarte.info\\\/press\\\/federacion-primera-noche-del-carnaval-mas-divertido-del-pais\\\/\",\"name\":\"Federaci\u00f3n: Primera noche del carnaval m\u00e1s divertido del pa\u00eds - ENTERARTE\",\"isPartOf\":{\"@id\":\"https:\\\/\\\/enterarte.info\\\/press\\\/#website\"},\"primaryImageOfPage\":{\"@id\":\"https:\\\/\\\/enterarte.info\\\/press\\\/federacion-primera-noche-del-carnaval-mas-divertido-del-pais\\\/#primaryimage\"},\"image\":{\"@id\":\"https:\\\/\\\/enterarte.info\\\/press\\\/federacion-primera-noche-del-carnaval-mas-divertido-del-pais\\\/#primaryimage\"},\"thumbnailUrl\":\"https:\\\/\\\/enterarte.info\\\/press\\\/wp-content\\\/uploads\\\/2022\\\/01\\\/9.jpg\",\"datePublished\":\"2022-01-31T15:29:54+00:00\",\"inLanguage\":\"es\",\"potentialAction\":[{\"@type\":\"ReadAction\",\"target\":[\"https:\\\/\\\/enterarte.info\\\/press\\\/federacion-primera-noche-del-carnaval-mas-divertido-del-pais\\\/\"]}]},{\"@type\":\"ImageObject\",\"inLanguage\":\"es\",\"@id\":\"https:\\\/\\\/enterarte.info\\\/press\\\/federacion-primera-noche-del-carnaval-mas-divertido-del-pais\\\/#primaryimage\",\"url\":\"https:\\\/\\\/enterarte.info\\\/press\\\/wp-content\\\/uploads\\\/2022\\\/01\\\/9.jpg\",\"contentUrl\":\"https:\\\/\\\/enterarte.info\\\/press\\\/wp-content\\\/uploads\\\/2022\\\/01\\\/9.jpg\",\"width\":660,\"height\":376},{\"@type\":\"WebSite\",\"@id\":\"https:\\\/\\\/enterarte.info\\\/press\\\/#website\",\"url\":\"https:\\\/\\\/enterarte.info\\\/press\\\/\",\"name\":\"ENTERARTE\",\"description\":\"Cuando el arte y la inform\u00e1tica son  uno\",\"publisher\":{\"@id\":\"https:\\\/\\\/enterarte.info\\\/press\\\/#organization\"},\"potentialAction\":[{\"@type\":\"SearchAction\",\"target\":{\"@type\":\"EntryPoint\",\"urlTemplate\":\"https:\\\/\\\/enterarte.info\\\/press\\\/?s={search_term_string}\"},\"query-input\":{\"@type\":\"PropertyValueSpecification\",\"valueRequired\":true,\"valueName\":\"search_term_string\"}}],\"inLanguage\":\"es\"},{\"@type\":\"Organization\",\"@id\":\"https:\\\/\\\/enterarte.info\\\/press\\\/#organization\",\"name\":\"ENTERARTE\",\"url\":\"https:\\\/\\\/enterarte.info\\\/press\\\/\",\"logo\":{\"@type\":\"ImageObject\",\"inLanguage\":\"es\",\"@id\":\"https:\\\/\\\/enterarte.info\\\/press\\\/#\\\/schema\\\/logo\\\/image\\\/\",\"url\":\"http:\\\/\\\/enterarte.info\\\/press\\\/wp-content\\\/uploads\\\/2017\\\/09\\\/cabezal_fondo_celeste_final_910.png\",\"contentUrl\":\"http:\\\/\\\/enterarte.info\\\/press\\\/wp-content\\\/uploads\\\/2017\\\/09\\\/cabezal_fondo_celeste_final_910.png\",\"width\":910,\"height\":205,\"caption\":\"ENTERARTE\"},\"image\":{\"@id\":\"https:\\\/\\\/enterarte.info\\\/press\\\/#\\\/schema\\\/logo\\\/image\\\/\"},\"sameAs\":[\"\\\/enterarte.info\\\/\"]},{\"@type\":\"Person\",\"@id\":\"https:\\\/\\\/enterarte.info\\\/press\\\/#\\\/schema\\\/person\\\/390c3cc4b651385ec56aa36c7ac48dda\",\"name\":\"Virginia Vega\",\"image\":{\"@type\":\"ImageObject\",\"inLanguage\":\"es\",\"@id\":\"https:\\\/\\\/secure.gravatar.com\\\/avatar\\\/7ddcd10020d53de62ad0fefe7655bb0f47c6344e827b2ad5669724599ad0e4c2?s=96&d=mm&r=g\",\"url\":\"https:\\\/\\\/secure.gravatar.com\\\/avatar\\\/7ddcd10020d53de62ad0fefe7655bb0f47c6344e827b2ad5669724599ad0e4c2?s=96&d=mm&r=g\",\"contentUrl\":\"https:\\\/\\\/secure.gravatar.com\\\/avatar\\\/7ddcd10020d53de62ad0fefe7655bb0f47c6344e827b2ad5669724599ad0e4c2?s=96&d=mm&r=g\",\"caption\":\"Virginia Vega\"},\"sameAs\":[\"http:\\\/\\\/enterarte.info\"],\"url\":\"https:\\\/\\\/enterarte.info\\\/press\\\/author\\\/vicky\\\/\"}]}<\/script>\n<!-- \/ Yoast SEO plugin. -->","yoast_head_json":{"title":"Federaci\u00f3n: Primera noche del carnaval m\u00e1s divertido del pa\u00eds - ENTERARTE","robots":{"index":"index","follow":"follow","max-snippet":"max-snippet:-1","max-image-preview":"max-image-preview:large","max-video-preview":"max-video-preview:-1"},"canonical":"https:\/\/enterarte.info\/press\/federacion-primera-noche-del-carnaval-mas-divertido-del-pais\/","og_locale":"es_ES","og_type":"article","og_title":"Federaci\u00f3n: Primera noche del carnaval m\u00e1s divertido del pa\u00eds - ENTERARTE","og_description":"Vecinos y el turismo disfrutaron de una verdadera fiesta. Todo comenz\u00f3 con el acto de apertura en &hellip;","og_url":"https:\/\/enterarte.info\/press\/federacion-primera-noche-del-carnaval-mas-divertido-del-pais\/","og_site_name":"ENTERARTE","article_publisher":"\/enterarte.info\/","article_published_time":"2022-01-31T15:29:54+00:00","og_image":[{"width":660,"height":376,"url":"https:\/\/enterarte.info\/press\/wp-content\/uploads\/2022\/01\/9.jpg","type":"image\/jpeg"}],"author":"Virginia Vega","twitter_card":"summary_large_image","twitter_misc":{"Escrito por":"Virginia Vega","Tiempo de lectura":"2 minutos"},"schema":{"@context":"https:\/\/schema.org","@graph":[{"@type":"Article","@id":"https:\/\/enterarte.info\/press\/federacion-primera-noche-del-carnaval-mas-divertido-del-pais\/#article","isPartOf":{"@id":"https:\/\/enterarte.info\/press\/federacion-primera-noche-del-carnaval-mas-divertido-del-pais\/"},"author":{"name":"Virginia Vega","@id":"https:\/\/enterarte.info\/press\/#\/schema\/person\/390c3cc4b651385ec56aa36c7ac48dda"},"headline":"Federaci\u00f3n: Primera noche del carnaval m\u00e1s divertido del pa\u00eds","datePublished":"2022-01-31T15:29:54+00:00","mainEntityOfPage":{"@id":"https:\/\/enterarte.info\/press\/federacion-primera-noche-del-carnaval-mas-divertido-del-pais\/"},"wordCount":503,"commentCount":0,"publisher":{"@id":"https:\/\/enterarte.info\/press\/#organization"},"image":{"@id":"https:\/\/enterarte.info\/press\/federacion-primera-noche-del-carnaval-mas-divertido-del-pais\/#primaryimage"},"thumbnailUrl":"https:\/\/enterarte.info\/press\/wp-content\/uploads\/2022\/01\/9.jpg","articleSection":["FEDERACION","Novedades"],"inLanguage":"es","potentialAction":[{"@type":"CommentAction","name":"Comment","target":["https:\/\/enterarte.info\/press\/federacion-primera-noche-del-carnaval-mas-divertido-del-pais\/#respond"]}]},{"@type":"WebPage","@id":"https:\/\/enterarte.info\/press\/federacion-primera-noche-del-carnaval-mas-divertido-del-pais\/","url":"https:\/\/enterarte.info\/press\/federacion-primera-noche-del-carnaval-mas-divertido-del-pais\/","name":"Federaci\u00f3n: Primera noche del carnaval m\u00e1s divertido del pa\u00eds - ENTERARTE","isPartOf":{"@id":"https:\/\/enterarte.info\/press\/#website"},"primaryImageOfPage":{"@id":"https:\/\/enterarte.info\/press\/federacion-primera-noche-del-carnaval-mas-divertido-del-pais\/#primaryimage"},"image":{"@id":"https:\/\/enterarte.info\/press\/federacion-primera-noche-del-carnaval-mas-divertido-del-pais\/#primaryimage"},"thumbnailUrl":"https:\/\/enterarte.info\/press\/wp-content\/uploads\/2022\/01\/9.jpg","datePublished":"2022-01-31T15:29:54+00:00","inLanguage":"es","potentialAction":[{"@type":"ReadAction","target":["https:\/\/enterarte.info\/press\/federacion-primera-noche-del-carnaval-mas-divertido-del-pais\/"]}]},{"@type":"ImageObject","inLanguage":"es","@id":"https:\/\/enterarte.info\/press\/federacion-primera-noche-del-carnaval-mas-divertido-del-pais\/#primaryimage","url":"https:\/\/enterarte.info\/press\/wp-content\/uploads\/2022\/01\/9.jpg","contentUrl":"https:\/\/enterarte.info\/press\/wp-content\/uploads\/2022\/01\/9.jpg","width":660,"height":376},{"@type":"WebSite","@id":"https:\/\/enterarte.info\/press\/#website","url":"https:\/\/enterarte.info\/press\/","name":"ENTERARTE","description":"Cuando el arte y la inform\u00e1tica son  uno","publisher":{"@id":"https:\/\/enterarte.info\/press\/#organization"},"potentialAction":[{"@type":"SearchAction","target":{"@type":"EntryPoint","urlTemplate":"https:\/\/enterarte.info\/press\/?s={search_term_string}"},"query-input":{"@type":"PropertyValueSpecification","valueRequired":true,"valueName":"search_term_string"}}],"inLanguage":"es"},{"@type":"Organization","@id":"https:\/\/enterarte.info\/press\/#organization","name":"ENTERARTE","url":"https:\/\/enterarte.info\/press\/","logo":{"@type":"ImageObject","inLanguage":"es","@id":"https:\/\/enterarte.info\/press\/#\/schema\/logo\/image\/","url":"http:\/\/enterarte.info\/press\/wp-content\/uploads\/2017\/09\/cabezal_fondo_celeste_final_910.png","contentUrl":"http:\/\/enterarte.info\/press\/wp-content\/uploads\/2017\/09\/cabezal_fondo_celeste_final_910.png","width":910,"height":205,"caption":"ENTERARTE"},"image":{"@id":"https:\/\/enterarte.info\/press\/#\/schema\/logo\/image\/"},"sameAs":["\/enterarte.info\/"]},{"@type":"Person","@id":"https:\/\/enterarte.info\/press\/#\/schema\/person\/390c3cc4b651385ec56aa36c7ac48dda","name":"Virginia Vega","image":{"@type":"ImageObject","inLanguage":"es","@id":"https:\/\/secure.gravatar.com\/avatar\/7ddcd10020d53de62ad0fefe7655bb0f47c6344e827b2ad5669724599ad0e4c2?s=96&d=mm&r=g","url":"https:\/\/secure.gravatar.com\/avatar\/7ddcd10020d53de62ad0fefe7655bb0f47c6344e827b2ad5669724599ad0e4c2?s=96&d=mm&r=g","contentUrl":"https:\/\/secure.gravatar.com\/avatar\/7ddcd10020d53de62ad0fefe7655bb0f47c6344e827b2ad5669724599ad0e4c2?s=96&d=mm&r=g","caption":"Virginia Vega"},"sameAs":["http:\/\/enterarte.info"],"url":"https:\/\/enterarte.info\/press\/author\/vicky\/"}]}},"jetpack_publicize_connections":[],"_links":{"self":[{"href":"https:\/\/enterarte.info\/press\/wp-json\/wp\/v2\/posts\/5132","targetHints":{"allow":["GET"]}}],"collection":[{"href":"https:\/\/enterarte.info\/press\/wp-json\/wp\/v2\/posts"}],"about":[{"href":"https:\/\/enterarte.info\/press\/wp-json\/wp\/v2\/types\/post"}],"author":[{"embeddable":true,"href":"https:\/\/enterarte.info\/press\/wp-json\/wp\/v2\/users\/5"}],"replies":[{"embeddable":true,"href":"https:\/\/enterarte.info\/press\/wp-json\/wp\/v2\/comments?post=5132"}],"version-history":[{"count":1,"href":"https:\/\/enterarte.info\/press\/wp-json\/wp\/v2\/posts\/5132\/revisions"}],"predecessor-version":[{"id":5143,"href":"https:\/\/enterarte.info\/press\/wp-json\/wp\/v2\/posts\/5132\/revisions\/5143"}],"wp:featuredmedia":[{"embeddable":true,"href":"https:\/\/enterarte.info\/press\/wp-json\/wp\/v2\/media\/5142"}],"wp:attachment":[{"href":"https:\/\/enterarte.info\/press\/wp-json\/wp\/v2\/media?parent=5132"}],"wp:term":[{"taxonomy":"category","embeddable":true,"href":"https:\/\/enterarte.info\/press\/wp-json\/wp\/v2\/categories?post=5132"},{"taxonomy":"post_tag","embeddable":true,"href":"https:\/\/enterarte.info\/press\/wp-json\/wp\/v2\/tags?post=5132"}],"curies":[{"name":"wp","href":"https:\/\/api.w.org\/{rel}","templated":true}]}}