{"id":4964,"date":"2021-11-29T11:33:12","date_gmt":"2021-11-29T14:33:12","guid":{"rendered":"http:\/\/enterarte.info\/press\/?p=4964"},"modified":"2021-11-29T11:33:12","modified_gmt":"2021-11-29T14:33:12","slug":"fallecio-nancy-guguich-creadora-de-canciones-para-no-dormir-la-siesta-y-cantacuentos","status":"publish","type":"post","link":"https:\/\/enterarte.info\/press\/fallecio-nancy-guguich-creadora-de-canciones-para-no-dormir-la-siesta-y-cantacuentos\/","title":{"rendered":"Falleci\u00f3 Nancy Guguich creadora de \u201cCanciones para no dormir la siesta\u201d y \u201cCantacuentos\u201d"},"content":{"rendered":"<p><em><strong>La actriz, compositora y docente ten\u00eda 76 a\u00f1os.<\/strong><\/em><br \/>\n<em><strong>Falleci\u00f3 a los 76 a\u00f1os, Nancy Guguich, integrante de Canciones para no dormir la siesta y Cantacuentos. El grupo formado tambi\u00e9n con Susana Bosch, Jorge Bonaldi, Horacio Buscaglia y Gonzalo Moreira, comenz\u00f3 su actividad en 1975 y marc\u00f3 la infancia de miles de ni\u00f1os<\/strong><\/em><\/p>\n<p>Algunas de las canciones m\u00e1s emblem\u00e1ticas fueron \u00abAl bot\u00f3n de la botonera\u00bb, \u00abEl pa\u00eds de las maravillas\u00bb o \u00abSal de ah\u00ed, chivita, chivita\u00bb. Tras la disoluci\u00f3n de Canciones, Guguich cre\u00f3 Cantacuentos, junto a su hijo Mart\u00edn Buscaglia. El grupo tuvo una trayectoria de m\u00e1s de 20 a\u00f1os, un aniversario que se festej\u00f3 con un show especial.<\/p>\n<div style=\"width: 640px;\" class=\"wp-video\"><video class=\"wp-video-shortcode\" id=\"video-4964-1\" width=\"640\" height=\"360\" preload=\"metadata\" controls=\"controls\"><source type=\"video\/mp4\" src=\"http:\/\/emisiones.uy:81\/archivos\/manu\/5966.mp4?_=1\" \/><a href=\"http:\/\/emisiones.uy:81\/archivos\/manu\/5966.mp4\">http:\/\/emisiones.uy:81\/archivos\/manu\/5966.mp4<\/a><\/video><\/div>\n<p>Guguich adem\u00e1s era docente, actriz, compositora de m\u00fasica y profesora de m\u00fasica y de expresi\u00f3n corporal. Su hijo, la despidi\u00f3 en las redes sociales:<\/p>\n<p><iframe id=\"instagram-embed-0\" class=\"instagram-media instagram-media-rendered\" src=\"https:\/\/www.instagram.com\/p\/CW15a3aIszp\/embed\/captioned\/?cr=1&amp;v=14&amp;wp=658&amp;rd=https%3A%2F%2F970universal.com&amp;rp=%2F2021%2F11%2F29%2Ffallecio-nancy-guguich-creadora-de-canciones-para-no-dormir-la-siesta-y-cantacuentos%2F#%7B%22ci%22%3A0%2C%22os%22%3A9250%7D\" height=\"1027\" frameborder=\"0\" scrolling=\"no\" allowfullscreen=\"allowfullscreen\" data-instgrm-payload-id=\"instagram-media-payload-0\" data-mce-fragment=\"1\"><\/iframe><\/p>\n<p>&nbsp;<\/p>\n<p>Autor:\u00a0Lucia Betancur<\/p>\n","protected":false},"excerpt":{"rendered":"<p>La actriz, compositora y docente ten\u00eda 76 a\u00f1os. Falleci\u00f3 a los 76 a\u00f1os, Nancy Guguich, integrante de &hellip; <\/p>\n","protected":false},"author":2,"featured_media":4965,"comment_status":"open","ping_status":"open","sticky":false,"template":"","format":"standard","meta":{"rop_custom_images_group":[],"rop_custom_messages_group":[],"rop_publish_now":"initial","rop_publish_now_accounts":[],"rop_publish_now_history":[],"rop_publish_now_status":"pending","fifu_image_url":"","fifu_image_alt":"","footnotes":"","jetpack_publicize_message":"","jetpack_publicize_feature_enabled":true,"jetpack_social_post_already_shared":true,"jetpack_social_options":{"image_generator_settings":{"template":"highway","default_image_id":0,"font":"","enabled":false},"version":2}},"categories":[5,1],"tags":[],"class_list":["post-4964","post","type-post","status-publish","format-standard","has-post-thumbnail","hentry","category-montevideo","category-novedades"],"yoast_head":"<!-- This site is optimized with the Yoast SEO plugin v27.4 - https:\/\/yoast.com\/product\/yoast-seo-wordpress\/ -->\n<title>Falleci\u00f3 Nancy Guguich creadora de \u201cCanciones para no dormir la siesta\u201d y \u201cCantacuentos\u201d - ENTERARTE<\/title>\n<meta name=\"robots\" content=\"index, follow, max-snippet:-1, max-image-preview:large, max-video-preview:-1\" \/>\n<link rel=\"canonical\" href=\"https:\/\/enterarte.info\/press\/fallecio-nancy-guguich-creadora-de-canciones-para-no-dormir-la-siesta-y-cantacuentos\/\" \/>\n<meta property=\"og:locale\" content=\"es_ES\" \/>\n<meta property=\"og:type\" content=\"article\" \/>\n<meta property=\"og:title\" content=\"Falleci\u00f3 Nancy Guguich creadora de \u201cCanciones para no dormir la siesta\u201d y \u201cCantacuentos\u201d - ENTERARTE\" \/>\n<meta property=\"og:description\" content=\"La actriz, compositora y docente ten\u00eda 76 a\u00f1os. Falleci\u00f3 a los 76 a\u00f1os, Nancy Guguich, integrante de &hellip;\" \/>\n<meta property=\"og:url\" content=\"https:\/\/enterarte.info\/press\/fallecio-nancy-guguich-creadora-de-canciones-para-no-dormir-la-siesta-y-cantacuentos\/\" \/>\n<meta property=\"og:site_name\" content=\"ENTERARTE\" \/>\n<meta property=\"article:publisher\" content=\"\/enterarte.info\/\" \/>\n<meta property=\"article:published_time\" content=\"2021-11-29T14:33:12+00:00\" \/>\n<meta property=\"og:image\" content=\"https:\/\/enterarte.info\/press\/wp-content\/uploads\/2021\/11\/enterarte.jpg\" \/>\n\t<meta property=\"og:image:width\" content=\"660\" \/>\n\t<meta property=\"og:image:height\" content=\"372\" \/>\n\t<meta property=\"og:image:type\" content=\"image\/jpeg\" \/>\n<meta name=\"author\" content=\"cama20\" \/>\n<meta name=\"twitter:card\" content=\"summary_large_image\" \/>\n<meta name=\"twitter:label1\" content=\"Escrito por\" \/>\n\t<meta name=\"twitter:data1\" content=\"cama20\" \/>\n\t<meta name=\"twitter:label2\" content=\"Tiempo de lectura\" \/>\n\t<meta name=\"twitter:data2\" content=\"1 minuto\" \/>\n<script type=\"application\/ld+json\" class=\"yoast-schema-graph\">{\"@context\":\"https:\\\/\\\/schema.org\",\"@graph\":[{\"@type\":\"Article\",\"@id\":\"https:\\\/\\\/enterarte.info\\\/press\\\/fallecio-nancy-guguich-creadora-de-canciones-para-no-dormir-la-siesta-y-cantacuentos\\\/#article\",\"isPartOf\":{\"@id\":\"https:\\\/\\\/enterarte.info\\\/press\\\/fallecio-nancy-guguich-creadora-de-canciones-para-no-dormir-la-siesta-y-cantacuentos\\\/\"},\"author\":{\"name\":\"cama20\",\"@id\":\"https:\\\/\\\/enterarte.info\\\/press\\\/#\\\/schema\\\/person\\\/fa2f105d12625996bb3b7ec9ee879090\"},\"headline\":\"Falleci\u00f3 Nancy Guguich creadora de \u201cCanciones para no dormir la siesta\u201d y \u201cCantacuentos\u201d\",\"datePublished\":\"2021-11-29T14:33:12+00:00\",\"mainEntityOfPage\":{\"@id\":\"https:\\\/\\\/enterarte.info\\\/press\\\/fallecio-nancy-guguich-creadora-de-canciones-para-no-dormir-la-siesta-y-cantacuentos\\\/\"},\"wordCount\":168,\"commentCount\":0,\"publisher\":{\"@id\":\"https:\\\/\\\/enterarte.info\\\/press\\\/#organization\"},\"image\":{\"@id\":\"https:\\\/\\\/enterarte.info\\\/press\\\/fallecio-nancy-guguich-creadora-de-canciones-para-no-dormir-la-siesta-y-cantacuentos\\\/#primaryimage\"},\"thumbnailUrl\":\"https:\\\/\\\/enterarte.info\\\/press\\\/wp-content\\\/uploads\\\/2021\\\/11\\\/enterarte.jpg\",\"articleSection\":[\"MONTEVIDEO\",\"Novedades\"],\"inLanguage\":\"es\",\"potentialAction\":[{\"@type\":\"CommentAction\",\"name\":\"Comment\",\"target\":[\"https:\\\/\\\/enterarte.info\\\/press\\\/fallecio-nancy-guguich-creadora-de-canciones-para-no-dormir-la-siesta-y-cantacuentos\\\/#respond\"]}]},{\"@type\":\"WebPage\",\"@id\":\"https:\\\/\\\/enterarte.info\\\/press\\\/fallecio-nancy-guguich-creadora-de-canciones-para-no-dormir-la-siesta-y-cantacuentos\\\/\",\"url\":\"https:\\\/\\\/enterarte.info\\\/press\\\/fallecio-nancy-guguich-creadora-de-canciones-para-no-dormir-la-siesta-y-cantacuentos\\\/\",\"name\":\"Falleci\u00f3 Nancy Guguich creadora de \u201cCanciones para no dormir la siesta\u201d y \u201cCantacuentos\u201d - ENTERARTE\",\"isPartOf\":{\"@id\":\"https:\\\/\\\/enterarte.info\\\/press\\\/#website\"},\"primaryImageOfPage\":{\"@id\":\"https:\\\/\\\/enterarte.info\\\/press\\\/fallecio-nancy-guguich-creadora-de-canciones-para-no-dormir-la-siesta-y-cantacuentos\\\/#primaryimage\"},\"image\":{\"@id\":\"https:\\\/\\\/enterarte.info\\\/press\\\/fallecio-nancy-guguich-creadora-de-canciones-para-no-dormir-la-siesta-y-cantacuentos\\\/#primaryimage\"},\"thumbnailUrl\":\"https:\\\/\\\/enterarte.info\\\/press\\\/wp-content\\\/uploads\\\/2021\\\/11\\\/enterarte.jpg\",\"datePublished\":\"2021-11-29T14:33:12+00:00\",\"inLanguage\":\"es\",\"potentialAction\":[{\"@type\":\"ReadAction\",\"target\":[\"https:\\\/\\\/enterarte.info\\\/press\\\/fallecio-nancy-guguich-creadora-de-canciones-para-no-dormir-la-siesta-y-cantacuentos\\\/\"]}]},{\"@type\":\"ImageObject\",\"inLanguage\":\"es\",\"@id\":\"https:\\\/\\\/enterarte.info\\\/press\\\/fallecio-nancy-guguich-creadora-de-canciones-para-no-dormir-la-siesta-y-cantacuentos\\\/#primaryimage\",\"url\":\"https:\\\/\\\/enterarte.info\\\/press\\\/wp-content\\\/uploads\\\/2021\\\/11\\\/enterarte.jpg\",\"contentUrl\":\"https:\\\/\\\/enterarte.info\\\/press\\\/wp-content\\\/uploads\\\/2021\\\/11\\\/enterarte.jpg\",\"width\":660,\"height\":372},{\"@type\":\"WebSite\",\"@id\":\"https:\\\/\\\/enterarte.info\\\/press\\\/#website\",\"url\":\"https:\\\/\\\/enterarte.info\\\/press\\\/\",\"name\":\"ENTERARTE\",\"description\":\"Cuando el arte y la inform\u00e1tica son  uno\",\"publisher\":{\"@id\":\"https:\\\/\\\/enterarte.info\\\/press\\\/#organization\"},\"potentialAction\":[{\"@type\":\"SearchAction\",\"target\":{\"@type\":\"EntryPoint\",\"urlTemplate\":\"https:\\\/\\\/enterarte.info\\\/press\\\/?s={search_term_string}\"},\"query-input\":{\"@type\":\"PropertyValueSpecification\",\"valueRequired\":true,\"valueName\":\"search_term_string\"}}],\"inLanguage\":\"es\"},{\"@type\":\"Organization\",\"@id\":\"https:\\\/\\\/enterarte.info\\\/press\\\/#organization\",\"name\":\"ENTERARTE\",\"url\":\"https:\\\/\\\/enterarte.info\\\/press\\\/\",\"logo\":{\"@type\":\"ImageObject\",\"inLanguage\":\"es\",\"@id\":\"https:\\\/\\\/enterarte.info\\\/press\\\/#\\\/schema\\\/logo\\\/image\\\/\",\"url\":\"http:\\\/\\\/enterarte.info\\\/press\\\/wp-content\\\/uploads\\\/2017\\\/09\\\/cabezal_fondo_celeste_final_910.png\",\"contentUrl\":\"http:\\\/\\\/enterarte.info\\\/press\\\/wp-content\\\/uploads\\\/2017\\\/09\\\/cabezal_fondo_celeste_final_910.png\",\"width\":910,\"height\":205,\"caption\":\"ENTERARTE\"},\"image\":{\"@id\":\"https:\\\/\\\/enterarte.info\\\/press\\\/#\\\/schema\\\/logo\\\/image\\\/\"},\"sameAs\":[\"\\\/enterarte.info\\\/\"]},{\"@type\":\"Person\",\"@id\":\"https:\\\/\\\/enterarte.info\\\/press\\\/#\\\/schema\\\/person\\\/fa2f105d12625996bb3b7ec9ee879090\",\"name\":\"cama20\",\"image\":{\"@type\":\"ImageObject\",\"inLanguage\":\"es\",\"@id\":\"https:\\\/\\\/secure.gravatar.com\\\/avatar\\\/30240d3fd91f678e10f564ecb18d1f3d74d03864f7653792bea90f91c9965095?s=96&d=mm&r=g\",\"url\":\"https:\\\/\\\/secure.gravatar.com\\\/avatar\\\/30240d3fd91f678e10f564ecb18d1f3d74d03864f7653792bea90f91c9965095?s=96&d=mm&r=g\",\"contentUrl\":\"https:\\\/\\\/secure.gravatar.com\\\/avatar\\\/30240d3fd91f678e10f564ecb18d1f3d74d03864f7653792bea90f91c9965095?s=96&d=mm&r=g\",\"caption\":\"cama20\"},\"url\":\"https:\\\/\\\/enterarte.info\\\/press\\\/author\\\/cama20\\\/\"}]}<\/script>\n<!-- \/ Yoast SEO plugin. -->","yoast_head_json":{"title":"Falleci\u00f3 Nancy Guguich creadora de \u201cCanciones para no dormir la siesta\u201d y \u201cCantacuentos\u201d - ENTERARTE","robots":{"index":"index","follow":"follow","max-snippet":"max-snippet:-1","max-image-preview":"max-image-preview:large","max-video-preview":"max-video-preview:-1"},"canonical":"https:\/\/enterarte.info\/press\/fallecio-nancy-guguich-creadora-de-canciones-para-no-dormir-la-siesta-y-cantacuentos\/","og_locale":"es_ES","og_type":"article","og_title":"Falleci\u00f3 Nancy Guguich creadora de \u201cCanciones para no dormir la siesta\u201d y \u201cCantacuentos\u201d - ENTERARTE","og_description":"La actriz, compositora y docente ten\u00eda 76 a\u00f1os. Falleci\u00f3 a los 76 a\u00f1os, Nancy Guguich, integrante de &hellip;","og_url":"https:\/\/enterarte.info\/press\/fallecio-nancy-guguich-creadora-de-canciones-para-no-dormir-la-siesta-y-cantacuentos\/","og_site_name":"ENTERARTE","article_publisher":"\/enterarte.info\/","article_published_time":"2021-11-29T14:33:12+00:00","og_image":[{"width":660,"height":372,"url":"https:\/\/enterarte.info\/press\/wp-content\/uploads\/2021\/11\/enterarte.jpg","type":"image\/jpeg"}],"author":"cama20","twitter_card":"summary_large_image","twitter_misc":{"Escrito por":"cama20","Tiempo de lectura":"1 minuto"},"schema":{"@context":"https:\/\/schema.org","@graph":[{"@type":"Article","@id":"https:\/\/enterarte.info\/press\/fallecio-nancy-guguich-creadora-de-canciones-para-no-dormir-la-siesta-y-cantacuentos\/#article","isPartOf":{"@id":"https:\/\/enterarte.info\/press\/fallecio-nancy-guguich-creadora-de-canciones-para-no-dormir-la-siesta-y-cantacuentos\/"},"author":{"name":"cama20","@id":"https:\/\/enterarte.info\/press\/#\/schema\/person\/fa2f105d12625996bb3b7ec9ee879090"},"headline":"Falleci\u00f3 Nancy Guguich creadora de \u201cCanciones para no dormir la siesta\u201d y \u201cCantacuentos\u201d","datePublished":"2021-11-29T14:33:12+00:00","mainEntityOfPage":{"@id":"https:\/\/enterarte.info\/press\/fallecio-nancy-guguich-creadora-de-canciones-para-no-dormir-la-siesta-y-cantacuentos\/"},"wordCount":168,"commentCount":0,"publisher":{"@id":"https:\/\/enterarte.info\/press\/#organization"},"image":{"@id":"https:\/\/enterarte.info\/press\/fallecio-nancy-guguich-creadora-de-canciones-para-no-dormir-la-siesta-y-cantacuentos\/#primaryimage"},"thumbnailUrl":"https:\/\/enterarte.info\/press\/wp-content\/uploads\/2021\/11\/enterarte.jpg","articleSection":["MONTEVIDEO","Novedades"],"inLanguage":"es","potentialAction":[{"@type":"CommentAction","name":"Comment","target":["https:\/\/enterarte.info\/press\/fallecio-nancy-guguich-creadora-de-canciones-para-no-dormir-la-siesta-y-cantacuentos\/#respond"]}]},{"@type":"WebPage","@id":"https:\/\/enterarte.info\/press\/fallecio-nancy-guguich-creadora-de-canciones-para-no-dormir-la-siesta-y-cantacuentos\/","url":"https:\/\/enterarte.info\/press\/fallecio-nancy-guguich-creadora-de-canciones-para-no-dormir-la-siesta-y-cantacuentos\/","name":"Falleci\u00f3 Nancy Guguich creadora de \u201cCanciones para no dormir la siesta\u201d y \u201cCantacuentos\u201d - ENTERARTE","isPartOf":{"@id":"https:\/\/enterarte.info\/press\/#website"},"primaryImageOfPage":{"@id":"https:\/\/enterarte.info\/press\/fallecio-nancy-guguich-creadora-de-canciones-para-no-dormir-la-siesta-y-cantacuentos\/#primaryimage"},"image":{"@id":"https:\/\/enterarte.info\/press\/fallecio-nancy-guguich-creadora-de-canciones-para-no-dormir-la-siesta-y-cantacuentos\/#primaryimage"},"thumbnailUrl":"https:\/\/enterarte.info\/press\/wp-content\/uploads\/2021\/11\/enterarte.jpg","datePublished":"2021-11-29T14:33:12+00:00","inLanguage":"es","potentialAction":[{"@type":"ReadAction","target":["https:\/\/enterarte.info\/press\/fallecio-nancy-guguich-creadora-de-canciones-para-no-dormir-la-siesta-y-cantacuentos\/"]}]},{"@type":"ImageObject","inLanguage":"es","@id":"https:\/\/enterarte.info\/press\/fallecio-nancy-guguich-creadora-de-canciones-para-no-dormir-la-siesta-y-cantacuentos\/#primaryimage","url":"https:\/\/enterarte.info\/press\/wp-content\/uploads\/2021\/11\/enterarte.jpg","contentUrl":"https:\/\/enterarte.info\/press\/wp-content\/uploads\/2021\/11\/enterarte.jpg","width":660,"height":372},{"@type":"WebSite","@id":"https:\/\/enterarte.info\/press\/#website","url":"https:\/\/enterarte.info\/press\/","name":"ENTERARTE","description":"Cuando el arte y la inform\u00e1tica son  uno","publisher":{"@id":"https:\/\/enterarte.info\/press\/#organization"},"potentialAction":[{"@type":"SearchAction","target":{"@type":"EntryPoint","urlTemplate":"https:\/\/enterarte.info\/press\/?s={search_term_string}"},"query-input":{"@type":"PropertyValueSpecification","valueRequired":true,"valueName":"search_term_string"}}],"inLanguage":"es"},{"@type":"Organization","@id":"https:\/\/enterarte.info\/press\/#organization","name":"ENTERARTE","url":"https:\/\/enterarte.info\/press\/","logo":{"@type":"ImageObject","inLanguage":"es","@id":"https:\/\/enterarte.info\/press\/#\/schema\/logo\/image\/","url":"http:\/\/enterarte.info\/press\/wp-content\/uploads\/2017\/09\/cabezal_fondo_celeste_final_910.png","contentUrl":"http:\/\/enterarte.info\/press\/wp-content\/uploads\/2017\/09\/cabezal_fondo_celeste_final_910.png","width":910,"height":205,"caption":"ENTERARTE"},"image":{"@id":"https:\/\/enterarte.info\/press\/#\/schema\/logo\/image\/"},"sameAs":["\/enterarte.info\/"]},{"@type":"Person","@id":"https:\/\/enterarte.info\/press\/#\/schema\/person\/fa2f105d12625996bb3b7ec9ee879090","name":"cama20","image":{"@type":"ImageObject","inLanguage":"es","@id":"https:\/\/secure.gravatar.com\/avatar\/30240d3fd91f678e10f564ecb18d1f3d74d03864f7653792bea90f91c9965095?s=96&d=mm&r=g","url":"https:\/\/secure.gravatar.com\/avatar\/30240d3fd91f678e10f564ecb18d1f3d74d03864f7653792bea90f91c9965095?s=96&d=mm&r=g","contentUrl":"https:\/\/secure.gravatar.com\/avatar\/30240d3fd91f678e10f564ecb18d1f3d74d03864f7653792bea90f91c9965095?s=96&d=mm&r=g","caption":"cama20"},"url":"https:\/\/enterarte.info\/press\/author\/cama20\/"}]}},"jetpack_publicize_connections":[],"_links":{"self":[{"href":"https:\/\/enterarte.info\/press\/wp-json\/wp\/v2\/posts\/4964","targetHints":{"allow":["GET"]}}],"collection":[{"href":"https:\/\/enterarte.info\/press\/wp-json\/wp\/v2\/posts"}],"about":[{"href":"https:\/\/enterarte.info\/press\/wp-json\/wp\/v2\/types\/post"}],"author":[{"embeddable":true,"href":"https:\/\/enterarte.info\/press\/wp-json\/wp\/v2\/users\/2"}],"replies":[{"embeddable":true,"href":"https:\/\/enterarte.info\/press\/wp-json\/wp\/v2\/comments?post=4964"}],"version-history":[{"count":1,"href":"https:\/\/enterarte.info\/press\/wp-json\/wp\/v2\/posts\/4964\/revisions"}],"predecessor-version":[{"id":4966,"href":"https:\/\/enterarte.info\/press\/wp-json\/wp\/v2\/posts\/4964\/revisions\/4966"}],"wp:featuredmedia":[{"embeddable":true,"href":"https:\/\/enterarte.info\/press\/wp-json\/wp\/v2\/media\/4965"}],"wp:attachment":[{"href":"https:\/\/enterarte.info\/press\/wp-json\/wp\/v2\/media?parent=4964"}],"wp:term":[{"taxonomy":"category","embeddable":true,"href":"https:\/\/enterarte.info\/press\/wp-json\/wp\/v2\/categories?post=4964"},{"taxonomy":"post_tag","embeddable":true,"href":"https:\/\/enterarte.info\/press\/wp-json\/wp\/v2\/tags?post=4964"}],"curies":[{"name":"wp","href":"https:\/\/api.w.org\/{rel}","templated":true}]}}