{"id":4149,"date":"2020-04-20T11:55:50","date_gmt":"2020-04-20T14:55:50","guid":{"rendered":"http:\/\/enterarte.info\/press\/?p=4149"},"modified":"2020-04-20T11:55:50","modified_gmt":"2020-04-20T14:55:50","slug":"murio-horacio-fontova","status":"publish","type":"post","link":"https:\/\/enterarte.info\/press\/murio-horacio-fontova\/","title":{"rendered":"Muri\u00f3 Horacio Fontova"},"content":{"rendered":"<h2>Horacio Fontova ten\u00eda 73 a\u00f1os, fue m\u00fasico, dibujante y actor. Sin dudas, un artista muy reconocido que hizo re\u00edr a toda una generaci\u00f3n con su humor.<\/h2>\n<p><strong>Horacio Fontova<\/strong>\u00a0o El Negro, como se lo conoc\u00eda, muri\u00f3 hoy lunes a la ma\u00f1ana en el Hospital Finochietto, donde estaba internado desde hac\u00eda tiempo.<\/p>\n<div id=\"hybs-mslot-895-8\" class=\"hybs-mslot\"><\/div>\n<p>El talentoso artista fue cantante, m\u00fasico y compositor,\u00a0<a href=\"https:\/\/la100.cienradios.com\/emotivo-mensaje-de-malena-guinzburg-por-el-cumpleanos-de-papa-jorge\/\">hizo re\u00edr a una generaci\u00f3n en televisi\u00f3n junto a Jorge Guinzburg,<\/a>\u00a0y sus ilustraciones en la revista El Expreso Imaginario son recordadas por su vuelo.<\/p>\n<div id=\"hybs-mslot-895-7\" class=\"hybs-mslot\"><\/div>\n<div>\n<div id=\"dfpAds_video_in_read\" class=\"dfpAds \" data-google-query-id=\"CN-06Omf9-gCFQIFuQYdNggCIw\">\n<div id=\"google_ads_iframe_\/39380843\/sitios_principales\/la_100\/notas\/video_in_read_0__container__\"><iframe id=\"google_ads_iframe_\/39380843\/sitios_principales\/la_100\/notas\/video_in_read_0\" title=\"3rd party ad content\" name=\"google_ads_iframe_\/39380843\/sitios_principales\/la_100\/notas\/video_in_read_0\" width=\"1\" height=\"1\" frameborder=\"0\" marginwidth=\"0\" marginheight=\"0\" scrolling=\"no\" data-google-container-id=\"5\" data-load-complete=\"true\" data-mce-fragment=\"1\"><\/iframe><\/div>\n<\/div>\n<\/div>\n<div class=\"genoa_player_video_wrapper \"><iframe class=\"genoa_player genoa_player_video genoaVideo_915945\" src=\"https:\/\/api.vodgc.net\/player\/v2\/embed\/playerId\/TQ6WCP1515090666\/contentId\/915945?pvast=cust_params=fan=5431399859606989448\" width=\"100%\" frameborder=\"0\" scrolling=\"no\" allowfullscreen=\"allowfullscreen\" data-player-id=\"915945\" data-player-type=\"Video\" data-source=\"https:\/\/api.vodgc.net\/player\/v2\/embed\/playerId\/TQ6WCP1515090666\/contentId\/915945\" data-url=\"https:\/\/api.vodgc.net\/player\/v2\/embed\/playerId\/TQ6WCP1515090666\/contentId\/915945?pvast=cust_params=fan=nobid\" data-mce-fragment=\"1\"><\/iframe><\/div>\n<p>Adem\u00e1s, en la m\u00fasica, su momento de mayor exposici\u00f3n fue con<strong>\u00a0Horacio Fontova<\/strong>\u00a0y sus Sobrinos, en los \u201980, gracias a la canci\u00f3n \u201cMe siento bien\u201d. Sin embargo, su trayectoria hab\u00eda empezado antes, con bandas como Patada de Mosca y el D\u00fao Nagual, y antes del \u00e9xito hab\u00eda armado Fontova y La Foca y Fontova Tr\u00edo.<\/p>\n<div id=\"hybs-mslot-895-6\" class=\"hybs-mslot\"><\/div>\n<div>\n<div id=\"dfpAds_native\" class=\"dfpAds \"><\/div>\n<\/div>\n<p>Pero eso no fue todo ya que pas\u00f3 por per\u00edodos en los que investig\u00f3\u00a0<a href=\"https:\/\/la100.cienradios.com\/367470-2\/\">el folklore argentino<\/a>, aunque su mayor suceso lo consigui\u00f3 con los ritmos caribe\u00f1os, a los que les agregaba su humor.<\/p>\n<div id=\"hybs-mslot-895-5\" class=\"hybs-mslot\"><\/div>\n<h2><strong>Trayectoria y actuaci\u00f3n<\/strong><\/h2>\n<p>Como actor, tuvo gran llegada y gan\u00f3 dos Mart\u00edn Fierro con el personaje de Sonia Braguetti en el programa Peor es nada, con Guinzburg. Sus antecedentes lo ubican en las obras Hair y Jesucristo Superstar y con hitos como reemplazar a Daniel Rabinovich en Les Luthiers durante una gira por Espa\u00f1a.<\/p>\n<div id=\"hybs-mslot-895-4\" class=\"hybs-mslot\"><\/div>\n<p>En teatro hizo Porte\u00f1os, Orquesta de se\u00f1oritas, Malos h\u00e1bitos y La corte del fara\u00f3n. Tambi\u00e9n particip\u00f3 en pel\u00edculas como Aballay y Metegol, entre otras.<\/p>\n<p>Fuente: la100.cienradios.com<\/p>\n","protected":false},"excerpt":{"rendered":"<p>Horacio Fontova ten\u00eda 73 a\u00f1os, fue m\u00fasico, dibujante y actor. Sin dudas, un artista muy reconocido que &hellip; <\/p>\n","protected":false},"author":2,"featured_media":4150,"comment_status":"open","ping_status":"open","sticky":false,"template":"","format":"standard","meta":{"rop_custom_images_group":[],"rop_custom_messages_group":[],"rop_publish_now":"initial","rop_publish_now_accounts":[],"rop_publish_now_history":[],"rop_publish_now_status":"pending","fifu_image_url":"","fifu_image_alt":"","footnotes":"","jetpack_publicize_message":"","jetpack_publicize_feature_enabled":true,"jetpack_social_post_already_shared":true,"jetpack_social_options":{"image_generator_settings":{"template":"highway","default_image_id":0,"font":"","enabled":false},"version":2}},"categories":[6,1],"tags":[],"class_list":["post-4149","post","type-post","status-publish","format-standard","has-post-thumbnail","hentry","category-buenos-aires","category-novedades"],"yoast_head":"<!-- This site is optimized with the Yoast SEO plugin v27.4 - https:\/\/yoast.com\/product\/yoast-seo-wordpress\/ -->\n<title>Muri\u00f3 Horacio Fontova - ENTERARTE<\/title>\n<meta name=\"robots\" content=\"index, follow, max-snippet:-1, max-image-preview:large, max-video-preview:-1\" \/>\n<link rel=\"canonical\" href=\"https:\/\/enterarte.info\/press\/murio-horacio-fontova\/\" \/>\n<meta property=\"og:locale\" content=\"es_ES\" \/>\n<meta property=\"og:type\" content=\"article\" \/>\n<meta property=\"og:title\" content=\"Muri\u00f3 Horacio Fontova - ENTERARTE\" \/>\n<meta property=\"og:description\" content=\"Horacio Fontova ten\u00eda 73 a\u00f1os, fue m\u00fasico, dibujante y actor. Sin dudas, un artista muy reconocido que &hellip;\" \/>\n<meta property=\"og:url\" content=\"https:\/\/enterarte.info\/press\/murio-horacio-fontova\/\" \/>\n<meta property=\"og:site_name\" content=\"ENTERARTE\" \/>\n<meta property=\"article:publisher\" content=\"\/enterarte.info\/\" \/>\n<meta property=\"article:published_time\" content=\"2020-04-20T14:55:50+00:00\" \/>\n<meta property=\"og:image\" content=\"https:\/\/enterarte.info\/press\/wp-content\/uploads\/2020\/04\/2020-04-20-fontova.jpg\" \/>\n\t<meta property=\"og:image:width\" content=\"660\" \/>\n\t<meta property=\"og:image:height\" content=\"372\" \/>\n\t<meta property=\"og:image:type\" content=\"image\/jpeg\" \/>\n<meta name=\"author\" content=\"cama20\" \/>\n<meta name=\"twitter:card\" content=\"summary_large_image\" \/>\n<meta name=\"twitter:label1\" content=\"Escrito por\" \/>\n\t<meta name=\"twitter:data1\" content=\"cama20\" \/>\n\t<meta name=\"twitter:label2\" content=\"Tiempo de lectura\" \/>\n\t<meta name=\"twitter:data2\" content=\"1 minuto\" \/>\n<script type=\"application\/ld+json\" class=\"yoast-schema-graph\">{\"@context\":\"https:\\\/\\\/schema.org\",\"@graph\":[{\"@type\":\"Article\",\"@id\":\"https:\\\/\\\/enterarte.info\\\/press\\\/murio-horacio-fontova\\\/#article\",\"isPartOf\":{\"@id\":\"https:\\\/\\\/enterarte.info\\\/press\\\/murio-horacio-fontova\\\/\"},\"author\":{\"name\":\"cama20\",\"@id\":\"https:\\\/\\\/enterarte.info\\\/press\\\/#\\\/schema\\\/person\\\/fa2f105d12625996bb3b7ec9ee879090\"},\"headline\":\"Muri\u00f3 Horacio Fontova\",\"datePublished\":\"2020-04-20T14:55:50+00:00\",\"mainEntityOfPage\":{\"@id\":\"https:\\\/\\\/enterarte.info\\\/press\\\/murio-horacio-fontova\\\/\"},\"wordCount\":288,\"commentCount\":0,\"publisher\":{\"@id\":\"https:\\\/\\\/enterarte.info\\\/press\\\/#organization\"},\"image\":{\"@id\":\"https:\\\/\\\/enterarte.info\\\/press\\\/murio-horacio-fontova\\\/#primaryimage\"},\"thumbnailUrl\":\"https:\\\/\\\/enterarte.info\\\/press\\\/wp-content\\\/uploads\\\/2020\\\/04\\\/2020-04-20-fontova.jpg\",\"articleSection\":[\"Buenos Aires\",\"Novedades\"],\"inLanguage\":\"es\",\"potentialAction\":[{\"@type\":\"CommentAction\",\"name\":\"Comment\",\"target\":[\"https:\\\/\\\/enterarte.info\\\/press\\\/murio-horacio-fontova\\\/#respond\"]}]},{\"@type\":\"WebPage\",\"@id\":\"https:\\\/\\\/enterarte.info\\\/press\\\/murio-horacio-fontova\\\/\",\"url\":\"https:\\\/\\\/enterarte.info\\\/press\\\/murio-horacio-fontova\\\/\",\"name\":\"Muri\u00f3 Horacio Fontova - ENTERARTE\",\"isPartOf\":{\"@id\":\"https:\\\/\\\/enterarte.info\\\/press\\\/#website\"},\"primaryImageOfPage\":{\"@id\":\"https:\\\/\\\/enterarte.info\\\/press\\\/murio-horacio-fontova\\\/#primaryimage\"},\"image\":{\"@id\":\"https:\\\/\\\/enterarte.info\\\/press\\\/murio-horacio-fontova\\\/#primaryimage\"},\"thumbnailUrl\":\"https:\\\/\\\/enterarte.info\\\/press\\\/wp-content\\\/uploads\\\/2020\\\/04\\\/2020-04-20-fontova.jpg\",\"datePublished\":\"2020-04-20T14:55:50+00:00\",\"inLanguage\":\"es\",\"potentialAction\":[{\"@type\":\"ReadAction\",\"target\":[\"https:\\\/\\\/enterarte.info\\\/press\\\/murio-horacio-fontova\\\/\"]}]},{\"@type\":\"ImageObject\",\"inLanguage\":\"es\",\"@id\":\"https:\\\/\\\/enterarte.info\\\/press\\\/murio-horacio-fontova\\\/#primaryimage\",\"url\":\"https:\\\/\\\/enterarte.info\\\/press\\\/wp-content\\\/uploads\\\/2020\\\/04\\\/2020-04-20-fontova.jpg\",\"contentUrl\":\"https:\\\/\\\/enterarte.info\\\/press\\\/wp-content\\\/uploads\\\/2020\\\/04\\\/2020-04-20-fontova.jpg\",\"width\":660,\"height\":372},{\"@type\":\"WebSite\",\"@id\":\"https:\\\/\\\/enterarte.info\\\/press\\\/#website\",\"url\":\"https:\\\/\\\/enterarte.info\\\/press\\\/\",\"name\":\"ENTERARTE\",\"description\":\"Cuando el arte y la inform\u00e1tica son  uno\",\"publisher\":{\"@id\":\"https:\\\/\\\/enterarte.info\\\/press\\\/#organization\"},\"potentialAction\":[{\"@type\":\"SearchAction\",\"target\":{\"@type\":\"EntryPoint\",\"urlTemplate\":\"https:\\\/\\\/enterarte.info\\\/press\\\/?s={search_term_string}\"},\"query-input\":{\"@type\":\"PropertyValueSpecification\",\"valueRequired\":true,\"valueName\":\"search_term_string\"}}],\"inLanguage\":\"es\"},{\"@type\":\"Organization\",\"@id\":\"https:\\\/\\\/enterarte.info\\\/press\\\/#organization\",\"name\":\"ENTERARTE\",\"url\":\"https:\\\/\\\/enterarte.info\\\/press\\\/\",\"logo\":{\"@type\":\"ImageObject\",\"inLanguage\":\"es\",\"@id\":\"https:\\\/\\\/enterarte.info\\\/press\\\/#\\\/schema\\\/logo\\\/image\\\/\",\"url\":\"http:\\\/\\\/enterarte.info\\\/press\\\/wp-content\\\/uploads\\\/2017\\\/09\\\/cabezal_fondo_celeste_final_910.png\",\"contentUrl\":\"http:\\\/\\\/enterarte.info\\\/press\\\/wp-content\\\/uploads\\\/2017\\\/09\\\/cabezal_fondo_celeste_final_910.png\",\"width\":910,\"height\":205,\"caption\":\"ENTERARTE\"},\"image\":{\"@id\":\"https:\\\/\\\/enterarte.info\\\/press\\\/#\\\/schema\\\/logo\\\/image\\\/\"},\"sameAs\":[\"\\\/enterarte.info\\\/\"]},{\"@type\":\"Person\",\"@id\":\"https:\\\/\\\/enterarte.info\\\/press\\\/#\\\/schema\\\/person\\\/fa2f105d12625996bb3b7ec9ee879090\",\"name\":\"cama20\",\"image\":{\"@type\":\"ImageObject\",\"inLanguage\":\"es\",\"@id\":\"https:\\\/\\\/secure.gravatar.com\\\/avatar\\\/30240d3fd91f678e10f564ecb18d1f3d74d03864f7653792bea90f91c9965095?s=96&d=mm&r=g\",\"url\":\"https:\\\/\\\/secure.gravatar.com\\\/avatar\\\/30240d3fd91f678e10f564ecb18d1f3d74d03864f7653792bea90f91c9965095?s=96&d=mm&r=g\",\"contentUrl\":\"https:\\\/\\\/secure.gravatar.com\\\/avatar\\\/30240d3fd91f678e10f564ecb18d1f3d74d03864f7653792bea90f91c9965095?s=96&d=mm&r=g\",\"caption\":\"cama20\"},\"url\":\"https:\\\/\\\/enterarte.info\\\/press\\\/author\\\/cama20\\\/\"}]}<\/script>\n<!-- \/ Yoast SEO plugin. -->","yoast_head_json":{"title":"Muri\u00f3 Horacio Fontova - ENTERARTE","robots":{"index":"index","follow":"follow","max-snippet":"max-snippet:-1","max-image-preview":"max-image-preview:large","max-video-preview":"max-video-preview:-1"},"canonical":"https:\/\/enterarte.info\/press\/murio-horacio-fontova\/","og_locale":"es_ES","og_type":"article","og_title":"Muri\u00f3 Horacio Fontova - ENTERARTE","og_description":"Horacio Fontova ten\u00eda 73 a\u00f1os, fue m\u00fasico, dibujante y actor. Sin dudas, un artista muy reconocido que &hellip;","og_url":"https:\/\/enterarte.info\/press\/murio-horacio-fontova\/","og_site_name":"ENTERARTE","article_publisher":"\/enterarte.info\/","article_published_time":"2020-04-20T14:55:50+00:00","og_image":[{"width":660,"height":372,"url":"https:\/\/enterarte.info\/press\/wp-content\/uploads\/2020\/04\/2020-04-20-fontova.jpg","type":"image\/jpeg"}],"author":"cama20","twitter_card":"summary_large_image","twitter_misc":{"Escrito por":"cama20","Tiempo de lectura":"1 minuto"},"schema":{"@context":"https:\/\/schema.org","@graph":[{"@type":"Article","@id":"https:\/\/enterarte.info\/press\/murio-horacio-fontova\/#article","isPartOf":{"@id":"https:\/\/enterarte.info\/press\/murio-horacio-fontova\/"},"author":{"name":"cama20","@id":"https:\/\/enterarte.info\/press\/#\/schema\/person\/fa2f105d12625996bb3b7ec9ee879090"},"headline":"Muri\u00f3 Horacio Fontova","datePublished":"2020-04-20T14:55:50+00:00","mainEntityOfPage":{"@id":"https:\/\/enterarte.info\/press\/murio-horacio-fontova\/"},"wordCount":288,"commentCount":0,"publisher":{"@id":"https:\/\/enterarte.info\/press\/#organization"},"image":{"@id":"https:\/\/enterarte.info\/press\/murio-horacio-fontova\/#primaryimage"},"thumbnailUrl":"https:\/\/enterarte.info\/press\/wp-content\/uploads\/2020\/04\/2020-04-20-fontova.jpg","articleSection":["Buenos Aires","Novedades"],"inLanguage":"es","potentialAction":[{"@type":"CommentAction","name":"Comment","target":["https:\/\/enterarte.info\/press\/murio-horacio-fontova\/#respond"]}]},{"@type":"WebPage","@id":"https:\/\/enterarte.info\/press\/murio-horacio-fontova\/","url":"https:\/\/enterarte.info\/press\/murio-horacio-fontova\/","name":"Muri\u00f3 Horacio Fontova - ENTERARTE","isPartOf":{"@id":"https:\/\/enterarte.info\/press\/#website"},"primaryImageOfPage":{"@id":"https:\/\/enterarte.info\/press\/murio-horacio-fontova\/#primaryimage"},"image":{"@id":"https:\/\/enterarte.info\/press\/murio-horacio-fontova\/#primaryimage"},"thumbnailUrl":"https:\/\/enterarte.info\/press\/wp-content\/uploads\/2020\/04\/2020-04-20-fontova.jpg","datePublished":"2020-04-20T14:55:50+00:00","inLanguage":"es","potentialAction":[{"@type":"ReadAction","target":["https:\/\/enterarte.info\/press\/murio-horacio-fontova\/"]}]},{"@type":"ImageObject","inLanguage":"es","@id":"https:\/\/enterarte.info\/press\/murio-horacio-fontova\/#primaryimage","url":"https:\/\/enterarte.info\/press\/wp-content\/uploads\/2020\/04\/2020-04-20-fontova.jpg","contentUrl":"https:\/\/enterarte.info\/press\/wp-content\/uploads\/2020\/04\/2020-04-20-fontova.jpg","width":660,"height":372},{"@type":"WebSite","@id":"https:\/\/enterarte.info\/press\/#website","url":"https:\/\/enterarte.info\/press\/","name":"ENTERARTE","description":"Cuando el arte y la inform\u00e1tica son  uno","publisher":{"@id":"https:\/\/enterarte.info\/press\/#organization"},"potentialAction":[{"@type":"SearchAction","target":{"@type":"EntryPoint","urlTemplate":"https:\/\/enterarte.info\/press\/?s={search_term_string}"},"query-input":{"@type":"PropertyValueSpecification","valueRequired":true,"valueName":"search_term_string"}}],"inLanguage":"es"},{"@type":"Organization","@id":"https:\/\/enterarte.info\/press\/#organization","name":"ENTERARTE","url":"https:\/\/enterarte.info\/press\/","logo":{"@type":"ImageObject","inLanguage":"es","@id":"https:\/\/enterarte.info\/press\/#\/schema\/logo\/image\/","url":"http:\/\/enterarte.info\/press\/wp-content\/uploads\/2017\/09\/cabezal_fondo_celeste_final_910.png","contentUrl":"http:\/\/enterarte.info\/press\/wp-content\/uploads\/2017\/09\/cabezal_fondo_celeste_final_910.png","width":910,"height":205,"caption":"ENTERARTE"},"image":{"@id":"https:\/\/enterarte.info\/press\/#\/schema\/logo\/image\/"},"sameAs":["\/enterarte.info\/"]},{"@type":"Person","@id":"https:\/\/enterarte.info\/press\/#\/schema\/person\/fa2f105d12625996bb3b7ec9ee879090","name":"cama20","image":{"@type":"ImageObject","inLanguage":"es","@id":"https:\/\/secure.gravatar.com\/avatar\/30240d3fd91f678e10f564ecb18d1f3d74d03864f7653792bea90f91c9965095?s=96&d=mm&r=g","url":"https:\/\/secure.gravatar.com\/avatar\/30240d3fd91f678e10f564ecb18d1f3d74d03864f7653792bea90f91c9965095?s=96&d=mm&r=g","contentUrl":"https:\/\/secure.gravatar.com\/avatar\/30240d3fd91f678e10f564ecb18d1f3d74d03864f7653792bea90f91c9965095?s=96&d=mm&r=g","caption":"cama20"},"url":"https:\/\/enterarte.info\/press\/author\/cama20\/"}]}},"jetpack_publicize_connections":[],"_links":{"self":[{"href":"https:\/\/enterarte.info\/press\/wp-json\/wp\/v2\/posts\/4149","targetHints":{"allow":["GET"]}}],"collection":[{"href":"https:\/\/enterarte.info\/press\/wp-json\/wp\/v2\/posts"}],"about":[{"href":"https:\/\/enterarte.info\/press\/wp-json\/wp\/v2\/types\/post"}],"author":[{"embeddable":true,"href":"https:\/\/enterarte.info\/press\/wp-json\/wp\/v2\/users\/2"}],"replies":[{"embeddable":true,"href":"https:\/\/enterarte.info\/press\/wp-json\/wp\/v2\/comments?post=4149"}],"version-history":[{"count":1,"href":"https:\/\/enterarte.info\/press\/wp-json\/wp\/v2\/posts\/4149\/revisions"}],"predecessor-version":[{"id":4151,"href":"https:\/\/enterarte.info\/press\/wp-json\/wp\/v2\/posts\/4149\/revisions\/4151"}],"wp:featuredmedia":[{"embeddable":true,"href":"https:\/\/enterarte.info\/press\/wp-json\/wp\/v2\/media\/4150"}],"wp:attachment":[{"href":"https:\/\/enterarte.info\/press\/wp-json\/wp\/v2\/media?parent=4149"}],"wp:term":[{"taxonomy":"category","embeddable":true,"href":"https:\/\/enterarte.info\/press\/wp-json\/wp\/v2\/categories?post=4149"},{"taxonomy":"post_tag","embeddable":true,"href":"https:\/\/enterarte.info\/press\/wp-json\/wp\/v2\/tags?post=4149"}],"curies":[{"name":"wp","href":"https:\/\/api.w.org\/{rel}","templated":true}]}}