{"id":4093,"date":"2020-03-12T19:09:30","date_gmt":"2020-03-12T22:09:30","guid":{"rendered":"http:\/\/enterarte.info\/press\/?p=4093"},"modified":"2020-03-12T19:09:30","modified_gmt":"2020-03-12T22:09:30","slug":"federacion-taller-museo-y-comunidad","status":"publish","type":"post","link":"https:\/\/enterarte.info\/press\/federacion-taller-museo-y-comunidad\/","title":{"rendered":"FEDERACI\u00d3N &#8211; TALLER MUSEO Y COMUNIDAD"},"content":{"rendered":"<p>En el marco de las celebraciones por el 41\u00ba aniversario de la Nueva Federaci\u00f3n y del 40\u00ba aniversario del Museo de los Asentamientos.<\/p>\n<p>El taller se realiza el pr\u00f3ximo martes 17 de Marzo a las 19hs en el Museo de los Asentamientos, con cupos limitados.<\/p>\n<div class=\"text_exposed_show\">\n<p>Se realizara trabajo te\u00f3rico y de campo para diagn\u00f3stico sobre la situaci\u00f3n actual del museo y posibles soluciones.<\/p>\n<p>Sera dictado por la T\u00e9cnica en Museolog\u00eda Mar\u00eda Julia Berraz Montyn y est\u00e1 dirigido a personal del museo, de turismo, de cultura y de entidades que est\u00e9n relacionadas con la preservaci\u00f3n del patrimonio (biblioteca, otros museos), estudiantes universitarios y secundarios afines con la tem\u00e1tica.<\/p>\n<p>Inscripciones previas en Secretar\u00eda de Turismo: Telf. 03456-481586 &#8211; turismo@federacion.gob.ar<\/p>\n<p>El taller es organizado por el Honorable Concejo Deliberante, invita Secretar\u00eda de Turismo<\/p>\n<p><img loading=\"lazy\" decoding=\"async\" class=\"alignnone size-full wp-image-4095\" src=\"https:\/\/enterarte.info\/press\/wp-content\/uploads\/2020\/03\/2020-03-12-asentamientos-federacion.jpg\" alt=\"\" width=\"552\" height=\"599\" srcset=\"https:\/\/enterarte.info\/press\/wp-content\/uploads\/2020\/03\/2020-03-12-asentamientos-federacion.jpg 552w, https:\/\/enterarte.info\/press\/wp-content\/uploads\/2020\/03\/2020-03-12-asentamientos-federacion-276x300.jpg 276w\" sizes=\"auto, (max-width: 552px) 100vw, 552px\" \/><\/p>\n<p>Fuente:\u00a0 https:\/\/www.facebook.com\/munifederacion<\/p>\n<\/div>\n","protected":false},"excerpt":{"rendered":"<p>En el marco de las celebraciones por el 41\u00ba aniversario de la Nueva Federaci\u00f3n y del 40\u00ba &hellip; <\/p>\n","protected":false},"author":2,"featured_media":4094,"comment_status":"open","ping_status":"open","sticky":false,"template":"","format":"standard","meta":{"rop_custom_images_group":[],"rop_custom_messages_group":[],"rop_publish_now":"initial","rop_publish_now_accounts":[],"rop_publish_now_history":[],"rop_publish_now_status":"pending","fifu_image_url":"","fifu_image_alt":"","footnotes":"","jetpack_publicize_message":"","jetpack_publicize_feature_enabled":true,"jetpack_social_post_already_shared":true,"jetpack_social_options":{"image_generator_settings":{"template":"highway","default_image_id":0,"font":"","enabled":false},"version":2}},"categories":[16,1],"tags":[],"class_list":["post-4093","post","type-post","status-publish","format-standard","has-post-thumbnail","hentry","category-federacion","category-novedades"],"yoast_head":"<!-- This site is optimized with the Yoast SEO plugin v27.4 - https:\/\/yoast.com\/product\/yoast-seo-wordpress\/ -->\n<title>FEDERACI\u00d3N - TALLER MUSEO Y COMUNIDAD - ENTERARTE<\/title>\n<meta name=\"robots\" content=\"index, follow, max-snippet:-1, max-image-preview:large, max-video-preview:-1\" \/>\n<link rel=\"canonical\" href=\"https:\/\/enterarte.info\/press\/federacion-taller-museo-y-comunidad\/\" \/>\n<meta property=\"og:locale\" content=\"es_ES\" \/>\n<meta property=\"og:type\" content=\"article\" \/>\n<meta property=\"og:title\" content=\"FEDERACI\u00d3N - TALLER MUSEO Y COMUNIDAD - ENTERARTE\" \/>\n<meta property=\"og:description\" content=\"En el marco de las celebraciones por el 41\u00ba aniversario de la Nueva Federaci\u00f3n y del 40\u00ba &hellip;\" \/>\n<meta property=\"og:url\" content=\"https:\/\/enterarte.info\/press\/federacion-taller-museo-y-comunidad\/\" \/>\n<meta property=\"og:site_name\" content=\"ENTERARTE\" \/>\n<meta property=\"article:publisher\" content=\"\/enterarte.info\/\" \/>\n<meta property=\"article:published_time\" content=\"2020-03-12T22:09:30+00:00\" \/>\n<meta property=\"og:image\" content=\"https:\/\/enterarte.info\/press\/wp-content\/uploads\/2020\/03\/2020-03-12-asentamientos-federacion-portada.jpg\" \/>\n\t<meta property=\"og:image:width\" content=\"660\" \/>\n\t<meta property=\"og:image:height\" content=\"372\" \/>\n\t<meta property=\"og:image:type\" content=\"image\/jpeg\" \/>\n<meta name=\"author\" content=\"cama20\" \/>\n<meta name=\"twitter:card\" content=\"summary_large_image\" \/>\n<meta name=\"twitter:label1\" content=\"Escrito por\" \/>\n\t<meta name=\"twitter:data1\" content=\"cama20\" \/>\n\t<meta name=\"twitter:label2\" content=\"Tiempo de lectura\" \/>\n\t<meta name=\"twitter:data2\" content=\"1 minuto\" \/>\n<script type=\"application\/ld+json\" class=\"yoast-schema-graph\">{\"@context\":\"https:\\\/\\\/schema.org\",\"@graph\":[{\"@type\":\"Article\",\"@id\":\"https:\\\/\\\/enterarte.info\\\/press\\\/federacion-taller-museo-y-comunidad\\\/#article\",\"isPartOf\":{\"@id\":\"https:\\\/\\\/enterarte.info\\\/press\\\/federacion-taller-museo-y-comunidad\\\/\"},\"author\":{\"name\":\"cama20\",\"@id\":\"https:\\\/\\\/enterarte.info\\\/press\\\/#\\\/schema\\\/person\\\/fa2f105d12625996bb3b7ec9ee879090\"},\"headline\":\"FEDERACI\u00d3N &#8211; TALLER MUSEO Y COMUNIDAD\",\"datePublished\":\"2020-03-12T22:09:30+00:00\",\"mainEntityOfPage\":{\"@id\":\"https:\\\/\\\/enterarte.info\\\/press\\\/federacion-taller-museo-y-comunidad\\\/\"},\"wordCount\":156,\"commentCount\":0,\"publisher\":{\"@id\":\"https:\\\/\\\/enterarte.info\\\/press\\\/#organization\"},\"image\":{\"@id\":\"https:\\\/\\\/enterarte.info\\\/press\\\/federacion-taller-museo-y-comunidad\\\/#primaryimage\"},\"thumbnailUrl\":\"https:\\\/\\\/enterarte.info\\\/press\\\/wp-content\\\/uploads\\\/2020\\\/03\\\/2020-03-12-asentamientos-federacion-portada.jpg\",\"articleSection\":[\"FEDERACION\",\"Novedades\"],\"inLanguage\":\"es\",\"potentialAction\":[{\"@type\":\"CommentAction\",\"name\":\"Comment\",\"target\":[\"https:\\\/\\\/enterarte.info\\\/press\\\/federacion-taller-museo-y-comunidad\\\/#respond\"]}]},{\"@type\":\"WebPage\",\"@id\":\"https:\\\/\\\/enterarte.info\\\/press\\\/federacion-taller-museo-y-comunidad\\\/\",\"url\":\"https:\\\/\\\/enterarte.info\\\/press\\\/federacion-taller-museo-y-comunidad\\\/\",\"name\":\"FEDERACI\u00d3N - TALLER MUSEO Y COMUNIDAD - ENTERARTE\",\"isPartOf\":{\"@id\":\"https:\\\/\\\/enterarte.info\\\/press\\\/#website\"},\"primaryImageOfPage\":{\"@id\":\"https:\\\/\\\/enterarte.info\\\/press\\\/federacion-taller-museo-y-comunidad\\\/#primaryimage\"},\"image\":{\"@id\":\"https:\\\/\\\/enterarte.info\\\/press\\\/federacion-taller-museo-y-comunidad\\\/#primaryimage\"},\"thumbnailUrl\":\"https:\\\/\\\/enterarte.info\\\/press\\\/wp-content\\\/uploads\\\/2020\\\/03\\\/2020-03-12-asentamientos-federacion-portada.jpg\",\"datePublished\":\"2020-03-12T22:09:30+00:00\",\"inLanguage\":\"es\",\"potentialAction\":[{\"@type\":\"ReadAction\",\"target\":[\"https:\\\/\\\/enterarte.info\\\/press\\\/federacion-taller-museo-y-comunidad\\\/\"]}]},{\"@type\":\"ImageObject\",\"inLanguage\":\"es\",\"@id\":\"https:\\\/\\\/enterarte.info\\\/press\\\/federacion-taller-museo-y-comunidad\\\/#primaryimage\",\"url\":\"https:\\\/\\\/enterarte.info\\\/press\\\/wp-content\\\/uploads\\\/2020\\\/03\\\/2020-03-12-asentamientos-federacion-portada.jpg\",\"contentUrl\":\"https:\\\/\\\/enterarte.info\\\/press\\\/wp-content\\\/uploads\\\/2020\\\/03\\\/2020-03-12-asentamientos-federacion-portada.jpg\",\"width\":660,\"height\":372},{\"@type\":\"WebSite\",\"@id\":\"https:\\\/\\\/enterarte.info\\\/press\\\/#website\",\"url\":\"https:\\\/\\\/enterarte.info\\\/press\\\/\",\"name\":\"ENTERARTE\",\"description\":\"Cuando el arte y la inform\u00e1tica son  uno\",\"publisher\":{\"@id\":\"https:\\\/\\\/enterarte.info\\\/press\\\/#organization\"},\"potentialAction\":[{\"@type\":\"SearchAction\",\"target\":{\"@type\":\"EntryPoint\",\"urlTemplate\":\"https:\\\/\\\/enterarte.info\\\/press\\\/?s={search_term_string}\"},\"query-input\":{\"@type\":\"PropertyValueSpecification\",\"valueRequired\":true,\"valueName\":\"search_term_string\"}}],\"inLanguage\":\"es\"},{\"@type\":\"Organization\",\"@id\":\"https:\\\/\\\/enterarte.info\\\/press\\\/#organization\",\"name\":\"ENTERARTE\",\"url\":\"https:\\\/\\\/enterarte.info\\\/press\\\/\",\"logo\":{\"@type\":\"ImageObject\",\"inLanguage\":\"es\",\"@id\":\"https:\\\/\\\/enterarte.info\\\/press\\\/#\\\/schema\\\/logo\\\/image\\\/\",\"url\":\"http:\\\/\\\/enterarte.info\\\/press\\\/wp-content\\\/uploads\\\/2017\\\/09\\\/cabezal_fondo_celeste_final_910.png\",\"contentUrl\":\"http:\\\/\\\/enterarte.info\\\/press\\\/wp-content\\\/uploads\\\/2017\\\/09\\\/cabezal_fondo_celeste_final_910.png\",\"width\":910,\"height\":205,\"caption\":\"ENTERARTE\"},\"image\":{\"@id\":\"https:\\\/\\\/enterarte.info\\\/press\\\/#\\\/schema\\\/logo\\\/image\\\/\"},\"sameAs\":[\"\\\/enterarte.info\\\/\"]},{\"@type\":\"Person\",\"@id\":\"https:\\\/\\\/enterarte.info\\\/press\\\/#\\\/schema\\\/person\\\/fa2f105d12625996bb3b7ec9ee879090\",\"name\":\"cama20\",\"image\":{\"@type\":\"ImageObject\",\"inLanguage\":\"es\",\"@id\":\"https:\\\/\\\/secure.gravatar.com\\\/avatar\\\/30240d3fd91f678e10f564ecb18d1f3d74d03864f7653792bea90f91c9965095?s=96&d=mm&r=g\",\"url\":\"https:\\\/\\\/secure.gravatar.com\\\/avatar\\\/30240d3fd91f678e10f564ecb18d1f3d74d03864f7653792bea90f91c9965095?s=96&d=mm&r=g\",\"contentUrl\":\"https:\\\/\\\/secure.gravatar.com\\\/avatar\\\/30240d3fd91f678e10f564ecb18d1f3d74d03864f7653792bea90f91c9965095?s=96&d=mm&r=g\",\"caption\":\"cama20\"},\"url\":\"https:\\\/\\\/enterarte.info\\\/press\\\/author\\\/cama20\\\/\"}]}<\/script>\n<!-- \/ Yoast SEO plugin. -->","yoast_head_json":{"title":"FEDERACI\u00d3N - TALLER MUSEO Y COMUNIDAD - ENTERARTE","robots":{"index":"index","follow":"follow","max-snippet":"max-snippet:-1","max-image-preview":"max-image-preview:large","max-video-preview":"max-video-preview:-1"},"canonical":"https:\/\/enterarte.info\/press\/federacion-taller-museo-y-comunidad\/","og_locale":"es_ES","og_type":"article","og_title":"FEDERACI\u00d3N - TALLER MUSEO Y COMUNIDAD - ENTERARTE","og_description":"En el marco de las celebraciones por el 41\u00ba aniversario de la Nueva Federaci\u00f3n y del 40\u00ba &hellip;","og_url":"https:\/\/enterarte.info\/press\/federacion-taller-museo-y-comunidad\/","og_site_name":"ENTERARTE","article_publisher":"\/enterarte.info\/","article_published_time":"2020-03-12T22:09:30+00:00","og_image":[{"width":660,"height":372,"url":"https:\/\/enterarte.info\/press\/wp-content\/uploads\/2020\/03\/2020-03-12-asentamientos-federacion-portada.jpg","type":"image\/jpeg"}],"author":"cama20","twitter_card":"summary_large_image","twitter_misc":{"Escrito por":"cama20","Tiempo de lectura":"1 minuto"},"schema":{"@context":"https:\/\/schema.org","@graph":[{"@type":"Article","@id":"https:\/\/enterarte.info\/press\/federacion-taller-museo-y-comunidad\/#article","isPartOf":{"@id":"https:\/\/enterarte.info\/press\/federacion-taller-museo-y-comunidad\/"},"author":{"name":"cama20","@id":"https:\/\/enterarte.info\/press\/#\/schema\/person\/fa2f105d12625996bb3b7ec9ee879090"},"headline":"FEDERACI\u00d3N &#8211; TALLER MUSEO Y COMUNIDAD","datePublished":"2020-03-12T22:09:30+00:00","mainEntityOfPage":{"@id":"https:\/\/enterarte.info\/press\/federacion-taller-museo-y-comunidad\/"},"wordCount":156,"commentCount":0,"publisher":{"@id":"https:\/\/enterarte.info\/press\/#organization"},"image":{"@id":"https:\/\/enterarte.info\/press\/federacion-taller-museo-y-comunidad\/#primaryimage"},"thumbnailUrl":"https:\/\/enterarte.info\/press\/wp-content\/uploads\/2020\/03\/2020-03-12-asentamientos-federacion-portada.jpg","articleSection":["FEDERACION","Novedades"],"inLanguage":"es","potentialAction":[{"@type":"CommentAction","name":"Comment","target":["https:\/\/enterarte.info\/press\/federacion-taller-museo-y-comunidad\/#respond"]}]},{"@type":"WebPage","@id":"https:\/\/enterarte.info\/press\/federacion-taller-museo-y-comunidad\/","url":"https:\/\/enterarte.info\/press\/federacion-taller-museo-y-comunidad\/","name":"FEDERACI\u00d3N - TALLER MUSEO Y COMUNIDAD - ENTERARTE","isPartOf":{"@id":"https:\/\/enterarte.info\/press\/#website"},"primaryImageOfPage":{"@id":"https:\/\/enterarte.info\/press\/federacion-taller-museo-y-comunidad\/#primaryimage"},"image":{"@id":"https:\/\/enterarte.info\/press\/federacion-taller-museo-y-comunidad\/#primaryimage"},"thumbnailUrl":"https:\/\/enterarte.info\/press\/wp-content\/uploads\/2020\/03\/2020-03-12-asentamientos-federacion-portada.jpg","datePublished":"2020-03-12T22:09:30+00:00","inLanguage":"es","potentialAction":[{"@type":"ReadAction","target":["https:\/\/enterarte.info\/press\/federacion-taller-museo-y-comunidad\/"]}]},{"@type":"ImageObject","inLanguage":"es","@id":"https:\/\/enterarte.info\/press\/federacion-taller-museo-y-comunidad\/#primaryimage","url":"https:\/\/enterarte.info\/press\/wp-content\/uploads\/2020\/03\/2020-03-12-asentamientos-federacion-portada.jpg","contentUrl":"https:\/\/enterarte.info\/press\/wp-content\/uploads\/2020\/03\/2020-03-12-asentamientos-federacion-portada.jpg","width":660,"height":372},{"@type":"WebSite","@id":"https:\/\/enterarte.info\/press\/#website","url":"https:\/\/enterarte.info\/press\/","name":"ENTERARTE","description":"Cuando el arte y la inform\u00e1tica son  uno","publisher":{"@id":"https:\/\/enterarte.info\/press\/#organization"},"potentialAction":[{"@type":"SearchAction","target":{"@type":"EntryPoint","urlTemplate":"https:\/\/enterarte.info\/press\/?s={search_term_string}"},"query-input":{"@type":"PropertyValueSpecification","valueRequired":true,"valueName":"search_term_string"}}],"inLanguage":"es"},{"@type":"Organization","@id":"https:\/\/enterarte.info\/press\/#organization","name":"ENTERARTE","url":"https:\/\/enterarte.info\/press\/","logo":{"@type":"ImageObject","inLanguage":"es","@id":"https:\/\/enterarte.info\/press\/#\/schema\/logo\/image\/","url":"http:\/\/enterarte.info\/press\/wp-content\/uploads\/2017\/09\/cabezal_fondo_celeste_final_910.png","contentUrl":"http:\/\/enterarte.info\/press\/wp-content\/uploads\/2017\/09\/cabezal_fondo_celeste_final_910.png","width":910,"height":205,"caption":"ENTERARTE"},"image":{"@id":"https:\/\/enterarte.info\/press\/#\/schema\/logo\/image\/"},"sameAs":["\/enterarte.info\/"]},{"@type":"Person","@id":"https:\/\/enterarte.info\/press\/#\/schema\/person\/fa2f105d12625996bb3b7ec9ee879090","name":"cama20","image":{"@type":"ImageObject","inLanguage":"es","@id":"https:\/\/secure.gravatar.com\/avatar\/30240d3fd91f678e10f564ecb18d1f3d74d03864f7653792bea90f91c9965095?s=96&d=mm&r=g","url":"https:\/\/secure.gravatar.com\/avatar\/30240d3fd91f678e10f564ecb18d1f3d74d03864f7653792bea90f91c9965095?s=96&d=mm&r=g","contentUrl":"https:\/\/secure.gravatar.com\/avatar\/30240d3fd91f678e10f564ecb18d1f3d74d03864f7653792bea90f91c9965095?s=96&d=mm&r=g","caption":"cama20"},"url":"https:\/\/enterarte.info\/press\/author\/cama20\/"}]}},"jetpack_publicize_connections":[],"_links":{"self":[{"href":"https:\/\/enterarte.info\/press\/wp-json\/wp\/v2\/posts\/4093","targetHints":{"allow":["GET"]}}],"collection":[{"href":"https:\/\/enterarte.info\/press\/wp-json\/wp\/v2\/posts"}],"about":[{"href":"https:\/\/enterarte.info\/press\/wp-json\/wp\/v2\/types\/post"}],"author":[{"embeddable":true,"href":"https:\/\/enterarte.info\/press\/wp-json\/wp\/v2\/users\/2"}],"replies":[{"embeddable":true,"href":"https:\/\/enterarte.info\/press\/wp-json\/wp\/v2\/comments?post=4093"}],"version-history":[{"count":1,"href":"https:\/\/enterarte.info\/press\/wp-json\/wp\/v2\/posts\/4093\/revisions"}],"predecessor-version":[{"id":4096,"href":"https:\/\/enterarte.info\/press\/wp-json\/wp\/v2\/posts\/4093\/revisions\/4096"}],"wp:featuredmedia":[{"embeddable":true,"href":"https:\/\/enterarte.info\/press\/wp-json\/wp\/v2\/media\/4094"}],"wp:attachment":[{"href":"https:\/\/enterarte.info\/press\/wp-json\/wp\/v2\/media?parent=4093"}],"wp:term":[{"taxonomy":"category","embeddable":true,"href":"https:\/\/enterarte.info\/press\/wp-json\/wp\/v2\/categories?post=4093"},{"taxonomy":"post_tag","embeddable":true,"href":"https:\/\/enterarte.info\/press\/wp-json\/wp\/v2\/tags?post=4093"}],"curies":[{"name":"wp","href":"https:\/\/api.w.org\/{rel}","templated":true}]}}