{"id":4033,"date":"2020-03-03T17:55:39","date_gmt":"2020-03-03T20:55:39","guid":{"rendered":"http:\/\/enterarte.info\/press\/?p=4033"},"modified":"2020-03-03T17:55:39","modified_gmt":"2020-03-03T20:55:39","slug":"fallecio-a-los-63-anos-el-musico-y-artista-uruguayo-luis-trochon","status":"publish","type":"post","link":"https:\/\/enterarte.info\/press\/fallecio-a-los-63-anos-el-musico-y-artista-uruguayo-luis-trochon\/","title":{"rendered":"Falleci\u00f3 a los 63 a\u00f1os el m\u00fasico y artista uruguayo Luis Troch\u00f3n"},"content":{"rendered":"<p><strong><em>El artista y director de la escuela de arte y comedia musical que lleva su nombre luchaba contra un c\u00e1ncer y estaba internado desde hace d\u00edas.<\/em><\/strong><\/p>\n<p>En las \u00faltimas horas falleci\u00f3 a los 63 a\u00f1os el m\u00fasico y docente Luis Troch\u00f3n, que estaba internado en estado delicado desde hace varios d\u00edas a causa de un c\u00e1ncer.<\/p>\n<p>La noticia fue dada a conocer por el periodista Fernando Tetes, y confirmada por\u00a0<em>Montevideo Portal<\/em>\u00a0con fuentes allegadas al artista.<\/p>\n<p>De larga trayectoria, Troch\u00f3n particip\u00f3 en 1977 de la creaci\u00f3n de \u00abLos que iban cantando\u00bb, un grupo que marc\u00f3 la m\u00fasica de protesta a la dictadura c\u00edvico-militar, junto a Jorge Lazaroff, Jorge Bonaldi y Jorge Di P\u00f3lito.<\/p>\n<p>En 1978 comenz\u00f3 su trabajo como docente de m\u00fasica y en 1983 fund\u00f3 el Taller Uruguayo de M\u00fasica Popular, y a\u00f1os m\u00e1s tarde la \u00abEscuela de Acci\u00f3n Art\u00edstica Luis Troch\u00f3n\u00bb.<\/p>\n<p>Como director, trabaj\u00f3 en varias obras de teatro y elabor\u00f3 las puestas en escena de varias murgas, como Agarrate Catalina, La Gran Mu\u00f1eca, Don Timoteo, Curtidores de Hongos, Araca La Cana, y otros conjuntos de carnaval.<\/p>\n<p>Fuente: www.montevideo.com.uy<\/p>\n","protected":false},"excerpt":{"rendered":"<p>El artista y director de la escuela de arte y comedia musical que lleva su nombre luchaba &hellip; <\/p>\n","protected":false},"author":2,"featured_media":4034,"comment_status":"open","ping_status":"open","sticky":false,"template":"","format":"standard","meta":{"rop_custom_images_group":[],"rop_custom_messages_group":[],"rop_publish_now":"initial","rop_publish_now_accounts":[],"rop_publish_now_history":[],"rop_publish_now_status":"pending","fifu_image_url":"","fifu_image_alt":"","footnotes":"","jetpack_publicize_message":"","jetpack_publicize_feature_enabled":true,"jetpack_social_post_already_shared":true,"jetpack_social_options":{"image_generator_settings":{"template":"highway","default_image_id":0,"font":"","enabled":false},"version":2}},"categories":[5,1],"tags":[],"class_list":["post-4033","post","type-post","status-publish","format-standard","has-post-thumbnail","hentry","category-montevideo","category-novedades"],"yoast_head":"<!-- This site is optimized with the Yoast SEO plugin v27.4 - https:\/\/yoast.com\/product\/yoast-seo-wordpress\/ -->\n<title>Falleci\u00f3 a los 63 a\u00f1os el m\u00fasico y artista uruguayo Luis Troch\u00f3n - ENTERARTE<\/title>\n<meta name=\"robots\" content=\"index, follow, max-snippet:-1, max-image-preview:large, max-video-preview:-1\" \/>\n<link rel=\"canonical\" href=\"https:\/\/enterarte.info\/press\/fallecio-a-los-63-anos-el-musico-y-artista-uruguayo-luis-trochon\/\" \/>\n<meta property=\"og:locale\" content=\"es_ES\" \/>\n<meta property=\"og:type\" content=\"article\" \/>\n<meta property=\"og:title\" content=\"Falleci\u00f3 a los 63 a\u00f1os el m\u00fasico y artista uruguayo Luis Troch\u00f3n - ENTERARTE\" \/>\n<meta property=\"og:description\" content=\"El artista y director de la escuela de arte y comedia musical que lleva su nombre luchaba &hellip;\" \/>\n<meta property=\"og:url\" content=\"https:\/\/enterarte.info\/press\/fallecio-a-los-63-anos-el-musico-y-artista-uruguayo-luis-trochon\/\" \/>\n<meta property=\"og:site_name\" content=\"ENTERARTE\" \/>\n<meta property=\"article:publisher\" content=\"\/enterarte.info\/\" \/>\n<meta property=\"article:published_time\" content=\"2020-03-03T20:55:39+00:00\" \/>\n<meta property=\"og:image\" content=\"https:\/\/enterarte.info\/press\/wp-content\/uploads\/2020\/03\/2020-03-03-trochon-fallece.jpg\" \/>\n\t<meta property=\"og:image:width\" content=\"660\" \/>\n\t<meta property=\"og:image:height\" content=\"372\" \/>\n\t<meta property=\"og:image:type\" content=\"image\/jpeg\" \/>\n<meta name=\"author\" content=\"cama20\" \/>\n<meta name=\"twitter:card\" content=\"summary_large_image\" \/>\n<meta name=\"twitter:label1\" content=\"Escrito por\" \/>\n\t<meta name=\"twitter:data1\" content=\"cama20\" \/>\n\t<meta name=\"twitter:label2\" content=\"Tiempo de lectura\" \/>\n\t<meta name=\"twitter:data2\" content=\"1 minuto\" \/>\n<script type=\"application\/ld+json\" class=\"yoast-schema-graph\">{\"@context\":\"https:\\\/\\\/schema.org\",\"@graph\":[{\"@type\":\"Article\",\"@id\":\"https:\\\/\\\/enterarte.info\\\/press\\\/fallecio-a-los-63-anos-el-musico-y-artista-uruguayo-luis-trochon\\\/#article\",\"isPartOf\":{\"@id\":\"https:\\\/\\\/enterarte.info\\\/press\\\/fallecio-a-los-63-anos-el-musico-y-artista-uruguayo-luis-trochon\\\/\"},\"author\":{\"name\":\"cama20\",\"@id\":\"https:\\\/\\\/enterarte.info\\\/press\\\/#\\\/schema\\\/person\\\/fa2f105d12625996bb3b7ec9ee879090\"},\"headline\":\"Falleci\u00f3 a los 63 a\u00f1os el m\u00fasico y artista uruguayo Luis Troch\u00f3n\",\"datePublished\":\"2020-03-03T20:55:39+00:00\",\"mainEntityOfPage\":{\"@id\":\"https:\\\/\\\/enterarte.info\\\/press\\\/fallecio-a-los-63-anos-el-musico-y-artista-uruguayo-luis-trochon\\\/\"},\"wordCount\":215,\"commentCount\":0,\"publisher\":{\"@id\":\"https:\\\/\\\/enterarte.info\\\/press\\\/#organization\"},\"image\":{\"@id\":\"https:\\\/\\\/enterarte.info\\\/press\\\/fallecio-a-los-63-anos-el-musico-y-artista-uruguayo-luis-trochon\\\/#primaryimage\"},\"thumbnailUrl\":\"https:\\\/\\\/enterarte.info\\\/press\\\/wp-content\\\/uploads\\\/2020\\\/03\\\/2020-03-03-trochon-fallece.jpg\",\"articleSection\":[\"MONTEVIDEO\",\"Novedades\"],\"inLanguage\":\"es\",\"potentialAction\":[{\"@type\":\"CommentAction\",\"name\":\"Comment\",\"target\":[\"https:\\\/\\\/enterarte.info\\\/press\\\/fallecio-a-los-63-anos-el-musico-y-artista-uruguayo-luis-trochon\\\/#respond\"]}]},{\"@type\":\"WebPage\",\"@id\":\"https:\\\/\\\/enterarte.info\\\/press\\\/fallecio-a-los-63-anos-el-musico-y-artista-uruguayo-luis-trochon\\\/\",\"url\":\"https:\\\/\\\/enterarte.info\\\/press\\\/fallecio-a-los-63-anos-el-musico-y-artista-uruguayo-luis-trochon\\\/\",\"name\":\"Falleci\u00f3 a los 63 a\u00f1os el m\u00fasico y artista uruguayo Luis Troch\u00f3n - ENTERARTE\",\"isPartOf\":{\"@id\":\"https:\\\/\\\/enterarte.info\\\/press\\\/#website\"},\"primaryImageOfPage\":{\"@id\":\"https:\\\/\\\/enterarte.info\\\/press\\\/fallecio-a-los-63-anos-el-musico-y-artista-uruguayo-luis-trochon\\\/#primaryimage\"},\"image\":{\"@id\":\"https:\\\/\\\/enterarte.info\\\/press\\\/fallecio-a-los-63-anos-el-musico-y-artista-uruguayo-luis-trochon\\\/#primaryimage\"},\"thumbnailUrl\":\"https:\\\/\\\/enterarte.info\\\/press\\\/wp-content\\\/uploads\\\/2020\\\/03\\\/2020-03-03-trochon-fallece.jpg\",\"datePublished\":\"2020-03-03T20:55:39+00:00\",\"inLanguage\":\"es\",\"potentialAction\":[{\"@type\":\"ReadAction\",\"target\":[\"https:\\\/\\\/enterarte.info\\\/press\\\/fallecio-a-los-63-anos-el-musico-y-artista-uruguayo-luis-trochon\\\/\"]}]},{\"@type\":\"ImageObject\",\"inLanguage\":\"es\",\"@id\":\"https:\\\/\\\/enterarte.info\\\/press\\\/fallecio-a-los-63-anos-el-musico-y-artista-uruguayo-luis-trochon\\\/#primaryimage\",\"url\":\"https:\\\/\\\/enterarte.info\\\/press\\\/wp-content\\\/uploads\\\/2020\\\/03\\\/2020-03-03-trochon-fallece.jpg\",\"contentUrl\":\"https:\\\/\\\/enterarte.info\\\/press\\\/wp-content\\\/uploads\\\/2020\\\/03\\\/2020-03-03-trochon-fallece.jpg\",\"width\":660,\"height\":372},{\"@type\":\"WebSite\",\"@id\":\"https:\\\/\\\/enterarte.info\\\/press\\\/#website\",\"url\":\"https:\\\/\\\/enterarte.info\\\/press\\\/\",\"name\":\"ENTERARTE\",\"description\":\"Cuando el arte y la inform\u00e1tica son  uno\",\"publisher\":{\"@id\":\"https:\\\/\\\/enterarte.info\\\/press\\\/#organization\"},\"potentialAction\":[{\"@type\":\"SearchAction\",\"target\":{\"@type\":\"EntryPoint\",\"urlTemplate\":\"https:\\\/\\\/enterarte.info\\\/press\\\/?s={search_term_string}\"},\"query-input\":{\"@type\":\"PropertyValueSpecification\",\"valueRequired\":true,\"valueName\":\"search_term_string\"}}],\"inLanguage\":\"es\"},{\"@type\":\"Organization\",\"@id\":\"https:\\\/\\\/enterarte.info\\\/press\\\/#organization\",\"name\":\"ENTERARTE\",\"url\":\"https:\\\/\\\/enterarte.info\\\/press\\\/\",\"logo\":{\"@type\":\"ImageObject\",\"inLanguage\":\"es\",\"@id\":\"https:\\\/\\\/enterarte.info\\\/press\\\/#\\\/schema\\\/logo\\\/image\\\/\",\"url\":\"http:\\\/\\\/enterarte.info\\\/press\\\/wp-content\\\/uploads\\\/2017\\\/09\\\/cabezal_fondo_celeste_final_910.png\",\"contentUrl\":\"http:\\\/\\\/enterarte.info\\\/press\\\/wp-content\\\/uploads\\\/2017\\\/09\\\/cabezal_fondo_celeste_final_910.png\",\"width\":910,\"height\":205,\"caption\":\"ENTERARTE\"},\"image\":{\"@id\":\"https:\\\/\\\/enterarte.info\\\/press\\\/#\\\/schema\\\/logo\\\/image\\\/\"},\"sameAs\":[\"\\\/enterarte.info\\\/\"]},{\"@type\":\"Person\",\"@id\":\"https:\\\/\\\/enterarte.info\\\/press\\\/#\\\/schema\\\/person\\\/fa2f105d12625996bb3b7ec9ee879090\",\"name\":\"cama20\",\"image\":{\"@type\":\"ImageObject\",\"inLanguage\":\"es\",\"@id\":\"https:\\\/\\\/secure.gravatar.com\\\/avatar\\\/30240d3fd91f678e10f564ecb18d1f3d74d03864f7653792bea90f91c9965095?s=96&d=mm&r=g\",\"url\":\"https:\\\/\\\/secure.gravatar.com\\\/avatar\\\/30240d3fd91f678e10f564ecb18d1f3d74d03864f7653792bea90f91c9965095?s=96&d=mm&r=g\",\"contentUrl\":\"https:\\\/\\\/secure.gravatar.com\\\/avatar\\\/30240d3fd91f678e10f564ecb18d1f3d74d03864f7653792bea90f91c9965095?s=96&d=mm&r=g\",\"caption\":\"cama20\"},\"url\":\"https:\\\/\\\/enterarte.info\\\/press\\\/author\\\/cama20\\\/\"}]}<\/script>\n<!-- \/ Yoast SEO plugin. -->","yoast_head_json":{"title":"Falleci\u00f3 a los 63 a\u00f1os el m\u00fasico y artista uruguayo Luis Troch\u00f3n - ENTERARTE","robots":{"index":"index","follow":"follow","max-snippet":"max-snippet:-1","max-image-preview":"max-image-preview:large","max-video-preview":"max-video-preview:-1"},"canonical":"https:\/\/enterarte.info\/press\/fallecio-a-los-63-anos-el-musico-y-artista-uruguayo-luis-trochon\/","og_locale":"es_ES","og_type":"article","og_title":"Falleci\u00f3 a los 63 a\u00f1os el m\u00fasico y artista uruguayo Luis Troch\u00f3n - ENTERARTE","og_description":"El artista y director de la escuela de arte y comedia musical que lleva su nombre luchaba &hellip;","og_url":"https:\/\/enterarte.info\/press\/fallecio-a-los-63-anos-el-musico-y-artista-uruguayo-luis-trochon\/","og_site_name":"ENTERARTE","article_publisher":"\/enterarte.info\/","article_published_time":"2020-03-03T20:55:39+00:00","og_image":[{"width":660,"height":372,"url":"https:\/\/enterarte.info\/press\/wp-content\/uploads\/2020\/03\/2020-03-03-trochon-fallece.jpg","type":"image\/jpeg"}],"author":"cama20","twitter_card":"summary_large_image","twitter_misc":{"Escrito por":"cama20","Tiempo de lectura":"1 minuto"},"schema":{"@context":"https:\/\/schema.org","@graph":[{"@type":"Article","@id":"https:\/\/enterarte.info\/press\/fallecio-a-los-63-anos-el-musico-y-artista-uruguayo-luis-trochon\/#article","isPartOf":{"@id":"https:\/\/enterarte.info\/press\/fallecio-a-los-63-anos-el-musico-y-artista-uruguayo-luis-trochon\/"},"author":{"name":"cama20","@id":"https:\/\/enterarte.info\/press\/#\/schema\/person\/fa2f105d12625996bb3b7ec9ee879090"},"headline":"Falleci\u00f3 a los 63 a\u00f1os el m\u00fasico y artista uruguayo Luis Troch\u00f3n","datePublished":"2020-03-03T20:55:39+00:00","mainEntityOfPage":{"@id":"https:\/\/enterarte.info\/press\/fallecio-a-los-63-anos-el-musico-y-artista-uruguayo-luis-trochon\/"},"wordCount":215,"commentCount":0,"publisher":{"@id":"https:\/\/enterarte.info\/press\/#organization"},"image":{"@id":"https:\/\/enterarte.info\/press\/fallecio-a-los-63-anos-el-musico-y-artista-uruguayo-luis-trochon\/#primaryimage"},"thumbnailUrl":"https:\/\/enterarte.info\/press\/wp-content\/uploads\/2020\/03\/2020-03-03-trochon-fallece.jpg","articleSection":["MONTEVIDEO","Novedades"],"inLanguage":"es","potentialAction":[{"@type":"CommentAction","name":"Comment","target":["https:\/\/enterarte.info\/press\/fallecio-a-los-63-anos-el-musico-y-artista-uruguayo-luis-trochon\/#respond"]}]},{"@type":"WebPage","@id":"https:\/\/enterarte.info\/press\/fallecio-a-los-63-anos-el-musico-y-artista-uruguayo-luis-trochon\/","url":"https:\/\/enterarte.info\/press\/fallecio-a-los-63-anos-el-musico-y-artista-uruguayo-luis-trochon\/","name":"Falleci\u00f3 a los 63 a\u00f1os el m\u00fasico y artista uruguayo Luis Troch\u00f3n - ENTERARTE","isPartOf":{"@id":"https:\/\/enterarte.info\/press\/#website"},"primaryImageOfPage":{"@id":"https:\/\/enterarte.info\/press\/fallecio-a-los-63-anos-el-musico-y-artista-uruguayo-luis-trochon\/#primaryimage"},"image":{"@id":"https:\/\/enterarte.info\/press\/fallecio-a-los-63-anos-el-musico-y-artista-uruguayo-luis-trochon\/#primaryimage"},"thumbnailUrl":"https:\/\/enterarte.info\/press\/wp-content\/uploads\/2020\/03\/2020-03-03-trochon-fallece.jpg","datePublished":"2020-03-03T20:55:39+00:00","inLanguage":"es","potentialAction":[{"@type":"ReadAction","target":["https:\/\/enterarte.info\/press\/fallecio-a-los-63-anos-el-musico-y-artista-uruguayo-luis-trochon\/"]}]},{"@type":"ImageObject","inLanguage":"es","@id":"https:\/\/enterarte.info\/press\/fallecio-a-los-63-anos-el-musico-y-artista-uruguayo-luis-trochon\/#primaryimage","url":"https:\/\/enterarte.info\/press\/wp-content\/uploads\/2020\/03\/2020-03-03-trochon-fallece.jpg","contentUrl":"https:\/\/enterarte.info\/press\/wp-content\/uploads\/2020\/03\/2020-03-03-trochon-fallece.jpg","width":660,"height":372},{"@type":"WebSite","@id":"https:\/\/enterarte.info\/press\/#website","url":"https:\/\/enterarte.info\/press\/","name":"ENTERARTE","description":"Cuando el arte y la inform\u00e1tica son  uno","publisher":{"@id":"https:\/\/enterarte.info\/press\/#organization"},"potentialAction":[{"@type":"SearchAction","target":{"@type":"EntryPoint","urlTemplate":"https:\/\/enterarte.info\/press\/?s={search_term_string}"},"query-input":{"@type":"PropertyValueSpecification","valueRequired":true,"valueName":"search_term_string"}}],"inLanguage":"es"},{"@type":"Organization","@id":"https:\/\/enterarte.info\/press\/#organization","name":"ENTERARTE","url":"https:\/\/enterarte.info\/press\/","logo":{"@type":"ImageObject","inLanguage":"es","@id":"https:\/\/enterarte.info\/press\/#\/schema\/logo\/image\/","url":"http:\/\/enterarte.info\/press\/wp-content\/uploads\/2017\/09\/cabezal_fondo_celeste_final_910.png","contentUrl":"http:\/\/enterarte.info\/press\/wp-content\/uploads\/2017\/09\/cabezal_fondo_celeste_final_910.png","width":910,"height":205,"caption":"ENTERARTE"},"image":{"@id":"https:\/\/enterarte.info\/press\/#\/schema\/logo\/image\/"},"sameAs":["\/enterarte.info\/"]},{"@type":"Person","@id":"https:\/\/enterarte.info\/press\/#\/schema\/person\/fa2f105d12625996bb3b7ec9ee879090","name":"cama20","image":{"@type":"ImageObject","inLanguage":"es","@id":"https:\/\/secure.gravatar.com\/avatar\/30240d3fd91f678e10f564ecb18d1f3d74d03864f7653792bea90f91c9965095?s=96&d=mm&r=g","url":"https:\/\/secure.gravatar.com\/avatar\/30240d3fd91f678e10f564ecb18d1f3d74d03864f7653792bea90f91c9965095?s=96&d=mm&r=g","contentUrl":"https:\/\/secure.gravatar.com\/avatar\/30240d3fd91f678e10f564ecb18d1f3d74d03864f7653792bea90f91c9965095?s=96&d=mm&r=g","caption":"cama20"},"url":"https:\/\/enterarte.info\/press\/author\/cama20\/"}]}},"jetpack_publicize_connections":[],"_links":{"self":[{"href":"https:\/\/enterarte.info\/press\/wp-json\/wp\/v2\/posts\/4033","targetHints":{"allow":["GET"]}}],"collection":[{"href":"https:\/\/enterarte.info\/press\/wp-json\/wp\/v2\/posts"}],"about":[{"href":"https:\/\/enterarte.info\/press\/wp-json\/wp\/v2\/types\/post"}],"author":[{"embeddable":true,"href":"https:\/\/enterarte.info\/press\/wp-json\/wp\/v2\/users\/2"}],"replies":[{"embeddable":true,"href":"https:\/\/enterarte.info\/press\/wp-json\/wp\/v2\/comments?post=4033"}],"version-history":[{"count":1,"href":"https:\/\/enterarte.info\/press\/wp-json\/wp\/v2\/posts\/4033\/revisions"}],"predecessor-version":[{"id":4035,"href":"https:\/\/enterarte.info\/press\/wp-json\/wp\/v2\/posts\/4033\/revisions\/4035"}],"wp:featuredmedia":[{"embeddable":true,"href":"https:\/\/enterarte.info\/press\/wp-json\/wp\/v2\/media\/4034"}],"wp:attachment":[{"href":"https:\/\/enterarte.info\/press\/wp-json\/wp\/v2\/media?parent=4033"}],"wp:term":[{"taxonomy":"category","embeddable":true,"href":"https:\/\/enterarte.info\/press\/wp-json\/wp\/v2\/categories?post=4033"},{"taxonomy":"post_tag","embeddable":true,"href":"https:\/\/enterarte.info\/press\/wp-json\/wp\/v2\/tags?post=4033"}],"curies":[{"name":"wp","href":"https:\/\/api.w.org\/{rel}","templated":true}]}}