{"id":3843,"date":"2020-01-30T08:34:08","date_gmt":"2020-01-30T11:34:08","guid":{"rendered":"http:\/\/enterarte.info\/press\/?p=3843"},"modified":"2020-01-30T08:34:08","modified_gmt":"2020-01-30T11:34:08","slug":"cursos-y-talleres-de-la-casa-de-la-cultura-del-prado","status":"publish","type":"post","link":"https:\/\/enterarte.info\/press\/cursos-y-talleres-de-la-casa-de-la-cultura-del-prado\/","title":{"rendered":"Cursos y talleres de la Casa de la Cultura del Prado"},"content":{"rendered":"<div class=\"field field-name-field-not-copete field-type-text-long field-label-hidden\">\n<div class=\"field-items\">\n<div class=\"field-item even\">M\u00e1s de 30 propuestas integran la grilla de cursos y talleres que se dictar\u00e1n durante 2020 en este centro cultural ubicado en Lucas Obes esquina 19 de abril.<\/div>\n<\/div>\n<\/div>\n<div class=\"field field-name-field-not-cuerpo field-type-text-long field-label-hidden\">\n<div class=\"field-items\">\n<div class=\"field-item even\">\n<p>Las inscripciones comienzan el <strong>martes 4 de febrero<\/strong> y se extender\u00e1n <strong>hasta el lunes 17<\/strong> del mismo mes.<\/p>\n<p>Estas podr\u00e1n realizarse de manera <strong>presencial <\/strong>, de<strong> lunes a viernes<\/strong>, en el lugar o a trav\u00e9s de un <strong>formulario web<\/strong> que se <strong>habilitar\u00e1 en los pr\u00f3ximos d\u00edas<\/strong>.<\/p>\n<p>Para inscribirse presencialmente se deber\u00e1 presentar la <strong>c\u00e9dula junto con una fotocopia de ella,<\/strong> en el horario de 11 a 17.<\/p>\n<p>La <strong>grilla de cursos<\/strong> es la siguiente:<\/p>\n<ul>\n<li>Portugu\u00e9s<\/li>\n<li>Ingl\u00e9s para adolescentes<\/li>\n<li>Guitarra<\/li>\n<li>Arte, dibujo y pintura<\/li>\n<li>Teatro<\/li>\n<li>Rinc\u00f3n literario<\/li>\n<li>Italiano<\/li>\n<li>Taller de escritura creativa y narrativa<\/li>\n<li>Acci\u00f3n teatral II<\/li>\n<li>Historia del arte<\/li>\n<li>Artes pl\u00e1sticas<\/li>\n<li>Dibujo y pintura al \u00f3leo<\/li>\n<li>Cer\u00e1mica<\/li>\n<li>Torno alfarero<\/li>\n<li>Escultura<\/li>\n<li>Percusi\u00f3n<\/li>\n<li>Fotograf\u00eda<\/li>\n<li>Tango, milonga y vals<\/li>\n<li>Canto<\/li>\n<li>Yoga<\/li>\n<li>Ingl\u00e9s para adultos<\/li>\n<li>Estimulaci\u00f3n de habilidades cognitivas<\/li>\n<li>Coro folkl\u00f3rico<\/li>\n<li>Danza<\/li>\n<li>Coro<\/li>\n<li>Bater\u00eda<\/li>\n<li>Telar y fieltro<\/li>\n<li>Tejido<\/li>\n<li>Expresi\u00f3n art\u00edstica<\/li>\n<li>Percusi\u00f3n<\/li>\n<li>T\u00e9cnica vocal<\/li>\n<li>Danza contempor\u00e1nea<\/li>\n<li>Alem\u00e1n<\/li>\n<\/ul>\n<p>La <strong>descripci\u00f3n<\/strong> de cada curso, junto con <strong>d\u00edas<\/strong>, <strong>horarios<\/strong> y <strong>docentes<\/strong>, pueden encontrarse en <a href=\"http:\/\/montevideo.gub.uy\/sites\/default\/files\/biblioteca\/cursos2020casadeculturadetalle.pdf\"><strong>este sitio web<\/strong><\/a>.<\/p>\n<p>Todos los cursos tienen un <strong>costo de $800<\/strong>, excepto Danza, Coro folkl\u00f3rico y Coro, que cuestan <strong>$700<\/strong>; y Alem\u00e1n que tiene un costo de <strong>$600<\/strong>.<\/p>\n<p>Por<strong> dudas o consultas<\/strong> comunicarse con el centro cultural al <strong>tel\u00e9fono:<\/strong> <strong>2336 65 77<\/strong>.<\/p>\n<\/div>\n<\/div>\n<\/div>\n<div class=\"field field-name-field-cmp-documentos field-type-file field-label-above\">\n<div class=\"field-label\">Descargas:<\/div>\n<div class=\"field-items\">\n<div class=\"field-item even\"><a title=\"Descargar Grilla de cursos 2020 - Casa de la Cultura del Prado (Archivo pdf de 413.81 KB)\" href=\"http:\/\/montevideo.gub.uy\/sites\/default\/files\/biblioteca\/cursos2020casadeculturadetalle.pdf\">Grilla de cursos 2020 &#8211; Casa de la Cultura del Prado (.pdf &#8211; 413.81 KB)<\/a><\/div>\n<div>Fuente: www.montevideo.gub.uy<\/div>\n<\/div>\n<\/div>\n","protected":false},"excerpt":{"rendered":"<p>M\u00e1s de 30 propuestas integran la grilla de cursos y talleres que se dictar\u00e1n durante 2020 en &hellip; <\/p>\n","protected":false},"author":2,"featured_media":3844,"comment_status":"open","ping_status":"open","sticky":false,"template":"","format":"standard","meta":{"rop_custom_images_group":[],"rop_custom_messages_group":[],"rop_publish_now":"initial","rop_publish_now_accounts":[],"rop_publish_now_history":[],"rop_publish_now_status":"pending","fifu_image_url":"","fifu_image_alt":"","footnotes":"","jetpack_publicize_message":"","jetpack_publicize_feature_enabled":true,"jetpack_social_post_already_shared":true,"jetpack_social_options":{"image_generator_settings":{"template":"highway","default_image_id":0,"font":"","enabled":false},"version":2}},"categories":[5,1],"tags":[],"class_list":["post-3843","post","type-post","status-publish","format-standard","has-post-thumbnail","hentry","category-montevideo","category-novedades"],"yoast_head":"<!-- This site is optimized with the Yoast SEO plugin v27.4 - https:\/\/yoast.com\/product\/yoast-seo-wordpress\/ -->\n<title>Cursos y talleres de la Casa de la Cultura del Prado - ENTERARTE<\/title>\n<meta name=\"robots\" content=\"index, follow, max-snippet:-1, max-image-preview:large, max-video-preview:-1\" \/>\n<link rel=\"canonical\" href=\"https:\/\/enterarte.info\/press\/cursos-y-talleres-de-la-casa-de-la-cultura-del-prado\/\" \/>\n<meta property=\"og:locale\" content=\"es_ES\" \/>\n<meta property=\"og:type\" content=\"article\" \/>\n<meta property=\"og:title\" content=\"Cursos y talleres de la Casa de la Cultura del Prado - ENTERARTE\" \/>\n<meta property=\"og:description\" content=\"M\u00e1s de 30 propuestas integran la grilla de cursos y talleres que se dictar\u00e1n durante 2020 en &hellip;\" \/>\n<meta property=\"og:url\" content=\"https:\/\/enterarte.info\/press\/cursos-y-talleres-de-la-casa-de-la-cultura-del-prado\/\" \/>\n<meta property=\"og:site_name\" content=\"ENTERARTE\" \/>\n<meta property=\"article:publisher\" content=\"\/enterarte.info\/\" \/>\n<meta property=\"article:published_time\" content=\"2020-01-30T11:34:08+00:00\" \/>\n<meta property=\"og:image\" content=\"https:\/\/enterarte.info\/press\/wp-content\/uploads\/2020\/01\/2020-01-30-talleres-prado-montevideo.jpg\" \/>\n\t<meta property=\"og:image:width\" content=\"660\" \/>\n\t<meta property=\"og:image:height\" content=\"380\" \/>\n\t<meta property=\"og:image:type\" content=\"image\/jpeg\" \/>\n<meta name=\"author\" content=\"cama20\" \/>\n<meta name=\"twitter:card\" content=\"summary_large_image\" \/>\n<meta name=\"twitter:label1\" content=\"Escrito por\" \/>\n\t<meta name=\"twitter:data1\" content=\"cama20\" \/>\n\t<meta name=\"twitter:label2\" content=\"Tiempo de lectura\" \/>\n\t<meta name=\"twitter:data2\" content=\"1 minuto\" \/>\n<script type=\"application\/ld+json\" class=\"yoast-schema-graph\">{\"@context\":\"https:\\\/\\\/schema.org\",\"@graph\":[{\"@type\":\"Article\",\"@id\":\"https:\\\/\\\/enterarte.info\\\/press\\\/cursos-y-talleres-de-la-casa-de-la-cultura-del-prado\\\/#article\",\"isPartOf\":{\"@id\":\"https:\\\/\\\/enterarte.info\\\/press\\\/cursos-y-talleres-de-la-casa-de-la-cultura-del-prado\\\/\"},\"author\":{\"name\":\"cama20\",\"@id\":\"https:\\\/\\\/enterarte.info\\\/press\\\/#\\\/schema\\\/person\\\/fa2f105d12625996bb3b7ec9ee879090\"},\"headline\":\"Cursos y talleres de la Casa de la Cultura del Prado\",\"datePublished\":\"2020-01-30T11:34:08+00:00\",\"mainEntityOfPage\":{\"@id\":\"https:\\\/\\\/enterarte.info\\\/press\\\/cursos-y-talleres-de-la-casa-de-la-cultura-del-prado\\\/\"},\"wordCount\":273,\"commentCount\":0,\"publisher\":{\"@id\":\"https:\\\/\\\/enterarte.info\\\/press\\\/#organization\"},\"image\":{\"@id\":\"https:\\\/\\\/enterarte.info\\\/press\\\/cursos-y-talleres-de-la-casa-de-la-cultura-del-prado\\\/#primaryimage\"},\"thumbnailUrl\":\"https:\\\/\\\/enterarte.info\\\/press\\\/wp-content\\\/uploads\\\/2020\\\/01\\\/2020-01-30-talleres-prado-montevideo.jpg\",\"articleSection\":[\"MONTEVIDEO\",\"Novedades\"],\"inLanguage\":\"es\",\"potentialAction\":[{\"@type\":\"CommentAction\",\"name\":\"Comment\",\"target\":[\"https:\\\/\\\/enterarte.info\\\/press\\\/cursos-y-talleres-de-la-casa-de-la-cultura-del-prado\\\/#respond\"]}]},{\"@type\":\"WebPage\",\"@id\":\"https:\\\/\\\/enterarte.info\\\/press\\\/cursos-y-talleres-de-la-casa-de-la-cultura-del-prado\\\/\",\"url\":\"https:\\\/\\\/enterarte.info\\\/press\\\/cursos-y-talleres-de-la-casa-de-la-cultura-del-prado\\\/\",\"name\":\"Cursos y talleres de la Casa de la Cultura del Prado - ENTERARTE\",\"isPartOf\":{\"@id\":\"https:\\\/\\\/enterarte.info\\\/press\\\/#website\"},\"primaryImageOfPage\":{\"@id\":\"https:\\\/\\\/enterarte.info\\\/press\\\/cursos-y-talleres-de-la-casa-de-la-cultura-del-prado\\\/#primaryimage\"},\"image\":{\"@id\":\"https:\\\/\\\/enterarte.info\\\/press\\\/cursos-y-talleres-de-la-casa-de-la-cultura-del-prado\\\/#primaryimage\"},\"thumbnailUrl\":\"https:\\\/\\\/enterarte.info\\\/press\\\/wp-content\\\/uploads\\\/2020\\\/01\\\/2020-01-30-talleres-prado-montevideo.jpg\",\"datePublished\":\"2020-01-30T11:34:08+00:00\",\"inLanguage\":\"es\",\"potentialAction\":[{\"@type\":\"ReadAction\",\"target\":[\"https:\\\/\\\/enterarte.info\\\/press\\\/cursos-y-talleres-de-la-casa-de-la-cultura-del-prado\\\/\"]}]},{\"@type\":\"ImageObject\",\"inLanguage\":\"es\",\"@id\":\"https:\\\/\\\/enterarte.info\\\/press\\\/cursos-y-talleres-de-la-casa-de-la-cultura-del-prado\\\/#primaryimage\",\"url\":\"https:\\\/\\\/enterarte.info\\\/press\\\/wp-content\\\/uploads\\\/2020\\\/01\\\/2020-01-30-talleres-prado-montevideo.jpg\",\"contentUrl\":\"https:\\\/\\\/enterarte.info\\\/press\\\/wp-content\\\/uploads\\\/2020\\\/01\\\/2020-01-30-talleres-prado-montevideo.jpg\",\"width\":660,\"height\":380},{\"@type\":\"WebSite\",\"@id\":\"https:\\\/\\\/enterarte.info\\\/press\\\/#website\",\"url\":\"https:\\\/\\\/enterarte.info\\\/press\\\/\",\"name\":\"ENTERARTE\",\"description\":\"Cuando el arte y la inform\u00e1tica son  uno\",\"publisher\":{\"@id\":\"https:\\\/\\\/enterarte.info\\\/press\\\/#organization\"},\"potentialAction\":[{\"@type\":\"SearchAction\",\"target\":{\"@type\":\"EntryPoint\",\"urlTemplate\":\"https:\\\/\\\/enterarte.info\\\/press\\\/?s={search_term_string}\"},\"query-input\":{\"@type\":\"PropertyValueSpecification\",\"valueRequired\":true,\"valueName\":\"search_term_string\"}}],\"inLanguage\":\"es\"},{\"@type\":\"Organization\",\"@id\":\"https:\\\/\\\/enterarte.info\\\/press\\\/#organization\",\"name\":\"ENTERARTE\",\"url\":\"https:\\\/\\\/enterarte.info\\\/press\\\/\",\"logo\":{\"@type\":\"ImageObject\",\"inLanguage\":\"es\",\"@id\":\"https:\\\/\\\/enterarte.info\\\/press\\\/#\\\/schema\\\/logo\\\/image\\\/\",\"url\":\"http:\\\/\\\/enterarte.info\\\/press\\\/wp-content\\\/uploads\\\/2017\\\/09\\\/cabezal_fondo_celeste_final_910.png\",\"contentUrl\":\"http:\\\/\\\/enterarte.info\\\/press\\\/wp-content\\\/uploads\\\/2017\\\/09\\\/cabezal_fondo_celeste_final_910.png\",\"width\":910,\"height\":205,\"caption\":\"ENTERARTE\"},\"image\":{\"@id\":\"https:\\\/\\\/enterarte.info\\\/press\\\/#\\\/schema\\\/logo\\\/image\\\/\"},\"sameAs\":[\"\\\/enterarte.info\\\/\"]},{\"@type\":\"Person\",\"@id\":\"https:\\\/\\\/enterarte.info\\\/press\\\/#\\\/schema\\\/person\\\/fa2f105d12625996bb3b7ec9ee879090\",\"name\":\"cama20\",\"image\":{\"@type\":\"ImageObject\",\"inLanguage\":\"es\",\"@id\":\"https:\\\/\\\/secure.gravatar.com\\\/avatar\\\/30240d3fd91f678e10f564ecb18d1f3d74d03864f7653792bea90f91c9965095?s=96&d=mm&r=g\",\"url\":\"https:\\\/\\\/secure.gravatar.com\\\/avatar\\\/30240d3fd91f678e10f564ecb18d1f3d74d03864f7653792bea90f91c9965095?s=96&d=mm&r=g\",\"contentUrl\":\"https:\\\/\\\/secure.gravatar.com\\\/avatar\\\/30240d3fd91f678e10f564ecb18d1f3d74d03864f7653792bea90f91c9965095?s=96&d=mm&r=g\",\"caption\":\"cama20\"},\"url\":\"https:\\\/\\\/enterarte.info\\\/press\\\/author\\\/cama20\\\/\"}]}<\/script>\n<!-- \/ Yoast SEO plugin. -->","yoast_head_json":{"title":"Cursos y talleres de la Casa de la Cultura del Prado - ENTERARTE","robots":{"index":"index","follow":"follow","max-snippet":"max-snippet:-1","max-image-preview":"max-image-preview:large","max-video-preview":"max-video-preview:-1"},"canonical":"https:\/\/enterarte.info\/press\/cursos-y-talleres-de-la-casa-de-la-cultura-del-prado\/","og_locale":"es_ES","og_type":"article","og_title":"Cursos y talleres de la Casa de la Cultura del Prado - ENTERARTE","og_description":"M\u00e1s de 30 propuestas integran la grilla de cursos y talleres que se dictar\u00e1n durante 2020 en &hellip;","og_url":"https:\/\/enterarte.info\/press\/cursos-y-talleres-de-la-casa-de-la-cultura-del-prado\/","og_site_name":"ENTERARTE","article_publisher":"\/enterarte.info\/","article_published_time":"2020-01-30T11:34:08+00:00","og_image":[{"width":660,"height":380,"url":"https:\/\/enterarte.info\/press\/wp-content\/uploads\/2020\/01\/2020-01-30-talleres-prado-montevideo.jpg","type":"image\/jpeg"}],"author":"cama20","twitter_card":"summary_large_image","twitter_misc":{"Escrito por":"cama20","Tiempo de lectura":"1 minuto"},"schema":{"@context":"https:\/\/schema.org","@graph":[{"@type":"Article","@id":"https:\/\/enterarte.info\/press\/cursos-y-talleres-de-la-casa-de-la-cultura-del-prado\/#article","isPartOf":{"@id":"https:\/\/enterarte.info\/press\/cursos-y-talleres-de-la-casa-de-la-cultura-del-prado\/"},"author":{"name":"cama20","@id":"https:\/\/enterarte.info\/press\/#\/schema\/person\/fa2f105d12625996bb3b7ec9ee879090"},"headline":"Cursos y talleres de la Casa de la Cultura del Prado","datePublished":"2020-01-30T11:34:08+00:00","mainEntityOfPage":{"@id":"https:\/\/enterarte.info\/press\/cursos-y-talleres-de-la-casa-de-la-cultura-del-prado\/"},"wordCount":273,"commentCount":0,"publisher":{"@id":"https:\/\/enterarte.info\/press\/#organization"},"image":{"@id":"https:\/\/enterarte.info\/press\/cursos-y-talleres-de-la-casa-de-la-cultura-del-prado\/#primaryimage"},"thumbnailUrl":"https:\/\/enterarte.info\/press\/wp-content\/uploads\/2020\/01\/2020-01-30-talleres-prado-montevideo.jpg","articleSection":["MONTEVIDEO","Novedades"],"inLanguage":"es","potentialAction":[{"@type":"CommentAction","name":"Comment","target":["https:\/\/enterarte.info\/press\/cursos-y-talleres-de-la-casa-de-la-cultura-del-prado\/#respond"]}]},{"@type":"WebPage","@id":"https:\/\/enterarte.info\/press\/cursos-y-talleres-de-la-casa-de-la-cultura-del-prado\/","url":"https:\/\/enterarte.info\/press\/cursos-y-talleres-de-la-casa-de-la-cultura-del-prado\/","name":"Cursos y talleres de la Casa de la Cultura del Prado - ENTERARTE","isPartOf":{"@id":"https:\/\/enterarte.info\/press\/#website"},"primaryImageOfPage":{"@id":"https:\/\/enterarte.info\/press\/cursos-y-talleres-de-la-casa-de-la-cultura-del-prado\/#primaryimage"},"image":{"@id":"https:\/\/enterarte.info\/press\/cursos-y-talleres-de-la-casa-de-la-cultura-del-prado\/#primaryimage"},"thumbnailUrl":"https:\/\/enterarte.info\/press\/wp-content\/uploads\/2020\/01\/2020-01-30-talleres-prado-montevideo.jpg","datePublished":"2020-01-30T11:34:08+00:00","inLanguage":"es","potentialAction":[{"@type":"ReadAction","target":["https:\/\/enterarte.info\/press\/cursos-y-talleres-de-la-casa-de-la-cultura-del-prado\/"]}]},{"@type":"ImageObject","inLanguage":"es","@id":"https:\/\/enterarte.info\/press\/cursos-y-talleres-de-la-casa-de-la-cultura-del-prado\/#primaryimage","url":"https:\/\/enterarte.info\/press\/wp-content\/uploads\/2020\/01\/2020-01-30-talleres-prado-montevideo.jpg","contentUrl":"https:\/\/enterarte.info\/press\/wp-content\/uploads\/2020\/01\/2020-01-30-talleres-prado-montevideo.jpg","width":660,"height":380},{"@type":"WebSite","@id":"https:\/\/enterarte.info\/press\/#website","url":"https:\/\/enterarte.info\/press\/","name":"ENTERARTE","description":"Cuando el arte y la inform\u00e1tica son  uno","publisher":{"@id":"https:\/\/enterarte.info\/press\/#organization"},"potentialAction":[{"@type":"SearchAction","target":{"@type":"EntryPoint","urlTemplate":"https:\/\/enterarte.info\/press\/?s={search_term_string}"},"query-input":{"@type":"PropertyValueSpecification","valueRequired":true,"valueName":"search_term_string"}}],"inLanguage":"es"},{"@type":"Organization","@id":"https:\/\/enterarte.info\/press\/#organization","name":"ENTERARTE","url":"https:\/\/enterarte.info\/press\/","logo":{"@type":"ImageObject","inLanguage":"es","@id":"https:\/\/enterarte.info\/press\/#\/schema\/logo\/image\/","url":"http:\/\/enterarte.info\/press\/wp-content\/uploads\/2017\/09\/cabezal_fondo_celeste_final_910.png","contentUrl":"http:\/\/enterarte.info\/press\/wp-content\/uploads\/2017\/09\/cabezal_fondo_celeste_final_910.png","width":910,"height":205,"caption":"ENTERARTE"},"image":{"@id":"https:\/\/enterarte.info\/press\/#\/schema\/logo\/image\/"},"sameAs":["\/enterarte.info\/"]},{"@type":"Person","@id":"https:\/\/enterarte.info\/press\/#\/schema\/person\/fa2f105d12625996bb3b7ec9ee879090","name":"cama20","image":{"@type":"ImageObject","inLanguage":"es","@id":"https:\/\/secure.gravatar.com\/avatar\/30240d3fd91f678e10f564ecb18d1f3d74d03864f7653792bea90f91c9965095?s=96&d=mm&r=g","url":"https:\/\/secure.gravatar.com\/avatar\/30240d3fd91f678e10f564ecb18d1f3d74d03864f7653792bea90f91c9965095?s=96&d=mm&r=g","contentUrl":"https:\/\/secure.gravatar.com\/avatar\/30240d3fd91f678e10f564ecb18d1f3d74d03864f7653792bea90f91c9965095?s=96&d=mm&r=g","caption":"cama20"},"url":"https:\/\/enterarte.info\/press\/author\/cama20\/"}]}},"jetpack_publicize_connections":[],"_links":{"self":[{"href":"https:\/\/enterarte.info\/press\/wp-json\/wp\/v2\/posts\/3843","targetHints":{"allow":["GET"]}}],"collection":[{"href":"https:\/\/enterarte.info\/press\/wp-json\/wp\/v2\/posts"}],"about":[{"href":"https:\/\/enterarte.info\/press\/wp-json\/wp\/v2\/types\/post"}],"author":[{"embeddable":true,"href":"https:\/\/enterarte.info\/press\/wp-json\/wp\/v2\/users\/2"}],"replies":[{"embeddable":true,"href":"https:\/\/enterarte.info\/press\/wp-json\/wp\/v2\/comments?post=3843"}],"version-history":[{"count":1,"href":"https:\/\/enterarte.info\/press\/wp-json\/wp\/v2\/posts\/3843\/revisions"}],"predecessor-version":[{"id":3845,"href":"https:\/\/enterarte.info\/press\/wp-json\/wp\/v2\/posts\/3843\/revisions\/3845"}],"wp:featuredmedia":[{"embeddable":true,"href":"https:\/\/enterarte.info\/press\/wp-json\/wp\/v2\/media\/3844"}],"wp:attachment":[{"href":"https:\/\/enterarte.info\/press\/wp-json\/wp\/v2\/media?parent=3843"}],"wp:term":[{"taxonomy":"category","embeddable":true,"href":"https:\/\/enterarte.info\/press\/wp-json\/wp\/v2\/categories?post=3843"},{"taxonomy":"post_tag","embeddable":true,"href":"https:\/\/enterarte.info\/press\/wp-json\/wp\/v2\/tags?post=3843"}],"curies":[{"name":"wp","href":"https:\/\/api.w.org\/{rel}","templated":true}]}}