{"id":3403,"date":"2019-10-15T13:33:16","date_gmt":"2019-10-15T16:33:16","guid":{"rendered":"http:\/\/enterarte.info\/press\/?p=3403"},"modified":"2019-10-15T13:33:16","modified_gmt":"2019-10-15T16:33:16","slug":"murio-cacho-castana","status":"publish","type":"post","link":"https:\/\/enterarte.info\/press\/murio-cacho-castana\/","title":{"rendered":"MURI\u00d3 CACHO CASTA\u00d1A"},"content":{"rendered":"<p><strong><em><span class=\"subheadline\">El popular cantante, due\u00f1o de una carrera que incluye m\u00e1s de 50 discos y compositor de temas como \u201cCaf\u00e9 la humedad\u201d y \u201cGarganta con arena\u201d, falleci\u00f3 hoy a los 77 a\u00f1os en el Sanatorio de Los Arcos de Palermo<\/span><\/em><\/strong><\/p>\n<p><img loading=\"lazy\" decoding=\"async\" class=\"alignnone  wp-image-3405\" src=\"https:\/\/enterarte.info\/press\/wp-content\/uploads\/2019\/10\/2019-10-15-cacho-casta\u00f1a.jpg\" alt=\"\" width=\"727\" height=\"426\" srcset=\"https:\/\/enterarte.info\/press\/wp-content\/uploads\/2019\/10\/2019-10-15-cacho-casta\u00f1a.jpg 660w, https:\/\/enterarte.info\/press\/wp-content\/uploads\/2019\/10\/2019-10-15-cacho-casta\u00f1a-300x176.jpg 300w\" sizes=\"auto, (max-width: 727px) 100vw, 727px\" \/><\/p>\n<p><em>Cacho Casta\u00f1a (Foto: Ver\u00f3nica Guerman \/ Teleshow)<\/em><\/p>\n<p>El popular cantante Humberto Vicente Castagna, m\u00e1s conocido como Cacho Casta\u00f1a, muri\u00f3 hoy a los 77 a\u00f1os en el Sanatorio de Los Arcos, ubicado en el barrio porte\u00f1o de Palermo, donde se encontraba internado desde el s\u00e1bado 28 de septiembre a ra\u00edz de una complicaci\u00f3n en su estado de salud. El cuadro del artista se agrav\u00f3 debido a un virus que ingres\u00f3 en sus pulmones, y otro en la sangre, seg\u00fan averigu\u00f3 Teleshow. Adem\u00e1s, arrastraba serios problemas en sus ri\u00f1ones.<\/p>\n<p>Cacho Casta\u00f1a, compositor de famosas canciones como \u201cCaf\u00e9 La Humedad\u201d, \u201cGarganta con arena\u201d y \u201cPara vivir un gran amor\u201d, estuvo internado por problemas card\u00edacos en 2005 y respiratorios en 2011. Luego, el 24 de diciembre de 2013, ingres\u00f3 al Sanatorio de Los Arcos por una serie de complicaciones derivadas de la enfermedad pulmonar obstructiva cr\u00f3nica (EPOC) que padece.<\/p>\n<p>Pero a fines del 2018 los problemas de salud comenzar a acentuarse. El 7 de noviembre fue internado de urgencia en el Sanatorio de Los Arcos de Palermo por un cuadro bronquial. Mientras se encontraba en el centro m\u00e9dico sufri\u00f3 un robo en su casa de Olivos: delincuentes ingresaron en la propiedad sin forzar ninguna cerradura y se llevaron 25 mil d\u00f3lares y un reloj. El 11 de junio pasado celebr\u00f3 la llegada de sus 77 a\u00f1os acompa\u00f1ado por su pareja y sus amigos, en un evento en el que se lo not\u00f3 sonriente y bien de salud. Pero poco despu\u00e9s, el 5 de agosto, debi\u00f3 ser hospitalizado nuevamente en el centro m\u00e9dico de Palermo, debido a un cuadro de neumon\u00eda.<\/p>\n<p>En aquella ocasi\u00f3n un grupo de usuarios irresponsables de Twitter lo dio por muerto. Teleshow se comunic\u00f3 con su esposa, Marina Rosenthal, en aquella oportunidad, quien aclar\u00f3: \u201cGracias a Dios todo est\u00e1 controlado con la medicaci\u00f3n correspondiente para curarse prontito. \u00c9l est\u00e1 muy bien, descansando\u201d. Con el humor y la iron\u00eda que lo caracterizaban, el cantante tambi\u00e9n se pronunci\u00f3 al respecto en el ciclo radial de Oscar Gonz\u00e1lez Oro, quien introdujo la charla diciendo que tiene la capacidad de revivir gente: \u201cQu\u00e9 poder que ten\u00e9s Negro, menos mal, porque estaba desnudo arriba del m\u00e1rmol de la morgue y estaba cagado de fr\u00edo. Me enter\u00e9 a las siete de la ma\u00f1ana por los llamados. A las 11 me levant\u00e9 y me di cuenta de que ven\u00eda otro candombe m\u00e1s. Hay que jugar al 48, el muerto que parla\u201d.<\/p>\n<p><img loading=\"lazy\" decoding=\"async\" class=\"alignnone size-full wp-image-3406\" src=\"https:\/\/enterarte.info\/press\/wp-content\/uploads\/2019\/10\/2019-10-15-cacho-02.jpg\" alt=\"\" width=\"700\" height=\"465\" srcset=\"https:\/\/enterarte.info\/press\/wp-content\/uploads\/2019\/10\/2019-10-15-cacho-02.jpg 700w, https:\/\/enterarte.info\/press\/wp-content\/uploads\/2019\/10\/2019-10-15-cacho-02-300x199.jpg 300w\" sizes=\"auto, (max-width: 700px) 100vw, 700px\" \/><\/p>\n<div class=\"row pb-content-type-image\">\n<figure class=\"element element-image col-xs-12\"><figcaption class=\"\"><em><span class=\"credit\">El m\u00fasico, con su esposa y sus amigos en el festejo de su cumplea\u00f1os n\u00famero 77 (Foto: Ver\u00f3nica Guerman \/ Teleshow)<\/span><\/em><\/figcaption><\/figure>\n<\/div>\n<div class=\"row pb-content-type-text\">\n<div class=\"col-xs-12 col-print-12\">\n<p class=\"element element-paragraph\">El 9 de agosto le dieron el alta pero\u00a0<b>el 23 volvi\u00f3 a ingresar al Sanatorio de Los Arcos por un virus respiratorio sincitial<\/b>. \u201cSe encuentra internado por un proceso infeccioso respiratorio, al que est\u00e1 predispuesto por sus problemas card\u00edacos y pulmonares preexistentes\u201d, dec\u00eda el comunicado que emiti\u00f3 el centro m\u00e9dico. Por su parte,\u00a0<b>Leticia Gourdin<\/b>, encargada de prensa del reconocido artista, dijo a\u00a0<mark class=\"hl_red\"><b>Teleshow<\/b><\/mark>: \u201cEs una gripe leve que les agarra a los beb\u00e9s, pero en \u00e9l todo se magnifica. No es grave\u201d.<\/p>\n<\/div>\n<\/div>\n<div class=\"row pb-content-type-text\">\n<div class=\"col-xs-12 col-print-12\">\n<p class=\"element element-paragraph\">Despu\u00e9s de casi un mes, el 19 de septiembre, abandon\u00f3 la cl\u00ednica para continuar con su recuperaci\u00f3n en el Remeo Center Pilar,\u00a0<b>un centro de rehabilitaci\u00f3n que se especializa en pacientes con problem\u00e1ticas respiratorias<\/b>, hasta que debieron trasladarlo nuevamente al Sanatorio de Los Arcos.<\/p>\n<p>Fuente: www.infobae.com<\/p>\n<\/div>\n<\/div>\n<p>&nbsp;<\/p>\n","protected":false},"excerpt":{"rendered":"<p>El popular cantante, due\u00f1o de una carrera que incluye m\u00e1s de 50 discos y compositor de temas &hellip; <\/p>\n","protected":false},"author":2,"featured_media":3407,"comment_status":"open","ping_status":"open","sticky":false,"template":"","format":"standard","meta":{"rop_custom_images_group":[],"rop_custom_messages_group":[],"rop_publish_now":"initial","rop_publish_now_accounts":[],"rop_publish_now_history":[],"rop_publish_now_status":"pending","fifu_image_url":"","fifu_image_alt":"","footnotes":"","jetpack_publicize_message":"","jetpack_publicize_feature_enabled":true,"jetpack_social_post_already_shared":true,"jetpack_social_options":{"image_generator_settings":{"template":"highway","default_image_id":0,"font":"","enabled":false},"version":2}},"categories":[6,1],"tags":[],"class_list":["post-3403","post","type-post","status-publish","format-standard","has-post-thumbnail","hentry","category-buenos-aires","category-novedades"],"yoast_head":"<!-- This site is optimized with the Yoast SEO plugin v27.4 - https:\/\/yoast.com\/product\/yoast-seo-wordpress\/ -->\n<title>MURI\u00d3 CACHO CASTA\u00d1A - ENTERARTE<\/title>\n<meta name=\"robots\" content=\"index, follow, max-snippet:-1, max-image-preview:large, max-video-preview:-1\" \/>\n<link rel=\"canonical\" href=\"https:\/\/enterarte.info\/press\/murio-cacho-castana\/\" \/>\n<meta property=\"og:locale\" content=\"es_ES\" \/>\n<meta property=\"og:type\" content=\"article\" \/>\n<meta property=\"og:title\" content=\"MURI\u00d3 CACHO CASTA\u00d1A - ENTERARTE\" \/>\n<meta property=\"og:description\" content=\"El popular cantante, due\u00f1o de una carrera que incluye m\u00e1s de 50 discos y compositor de temas &hellip;\" \/>\n<meta property=\"og:url\" content=\"https:\/\/enterarte.info\/press\/murio-cacho-castana\/\" \/>\n<meta property=\"og:site_name\" content=\"ENTERARTE\" \/>\n<meta property=\"article:publisher\" content=\"\/enterarte.info\/\" \/>\n<meta property=\"article:published_time\" content=\"2019-10-15T16:33:16+00:00\" \/>\n<meta property=\"og:image\" content=\"https:\/\/enterarte.info\/press\/wp-content\/uploads\/2019\/10\/2019-10-15-cacho-casta\u00f1a-portada.jpg\" \/>\n\t<meta property=\"og:image:width\" content=\"660\" \/>\n\t<meta property=\"og:image:height\" content=\"408\" \/>\n\t<meta property=\"og:image:type\" content=\"image\/jpeg\" \/>\n<meta name=\"author\" content=\"cama20\" \/>\n<meta name=\"twitter:card\" content=\"summary_large_image\" \/>\n<meta name=\"twitter:label1\" content=\"Escrito por\" \/>\n\t<meta name=\"twitter:data1\" content=\"cama20\" \/>\n\t<meta name=\"twitter:label2\" content=\"Tiempo de lectura\" \/>\n\t<meta name=\"twitter:data2\" content=\"3 minutos\" \/>\n<script type=\"application\/ld+json\" class=\"yoast-schema-graph\">{\"@context\":\"https:\\\/\\\/schema.org\",\"@graph\":[{\"@type\":\"Article\",\"@id\":\"https:\\\/\\\/enterarte.info\\\/press\\\/murio-cacho-castana\\\/#article\",\"isPartOf\":{\"@id\":\"https:\\\/\\\/enterarte.info\\\/press\\\/murio-cacho-castana\\\/\"},\"author\":{\"name\":\"cama20\",\"@id\":\"https:\\\/\\\/enterarte.info\\\/press\\\/#\\\/schema\\\/person\\\/fa2f105d12625996bb3b7ec9ee879090\"},\"headline\":\"MURI\u00d3 CACHO CASTA\u00d1A\",\"datePublished\":\"2019-10-15T16:33:16+00:00\",\"mainEntityOfPage\":{\"@id\":\"https:\\\/\\\/enterarte.info\\\/press\\\/murio-cacho-castana\\\/\"},\"wordCount\":627,\"commentCount\":0,\"publisher\":{\"@id\":\"https:\\\/\\\/enterarte.info\\\/press\\\/#organization\"},\"image\":{\"@id\":\"https:\\\/\\\/enterarte.info\\\/press\\\/murio-cacho-castana\\\/#primaryimage\"},\"thumbnailUrl\":\"https:\\\/\\\/enterarte.info\\\/press\\\/wp-content\\\/uploads\\\/2019\\\/10\\\/2019-10-15-cacho-casta\u00f1a-portada.jpg\",\"articleSection\":[\"Buenos Aires\",\"Novedades\"],\"inLanguage\":\"es\",\"potentialAction\":[{\"@type\":\"CommentAction\",\"name\":\"Comment\",\"target\":[\"https:\\\/\\\/enterarte.info\\\/press\\\/murio-cacho-castana\\\/#respond\"]}]},{\"@type\":\"WebPage\",\"@id\":\"https:\\\/\\\/enterarte.info\\\/press\\\/murio-cacho-castana\\\/\",\"url\":\"https:\\\/\\\/enterarte.info\\\/press\\\/murio-cacho-castana\\\/\",\"name\":\"MURI\u00d3 CACHO CASTA\u00d1A - ENTERARTE\",\"isPartOf\":{\"@id\":\"https:\\\/\\\/enterarte.info\\\/press\\\/#website\"},\"primaryImageOfPage\":{\"@id\":\"https:\\\/\\\/enterarte.info\\\/press\\\/murio-cacho-castana\\\/#primaryimage\"},\"image\":{\"@id\":\"https:\\\/\\\/enterarte.info\\\/press\\\/murio-cacho-castana\\\/#primaryimage\"},\"thumbnailUrl\":\"https:\\\/\\\/enterarte.info\\\/press\\\/wp-content\\\/uploads\\\/2019\\\/10\\\/2019-10-15-cacho-casta\u00f1a-portada.jpg\",\"datePublished\":\"2019-10-15T16:33:16+00:00\",\"inLanguage\":\"es\",\"potentialAction\":[{\"@type\":\"ReadAction\",\"target\":[\"https:\\\/\\\/enterarte.info\\\/press\\\/murio-cacho-castana\\\/\"]}]},{\"@type\":\"ImageObject\",\"inLanguage\":\"es\",\"@id\":\"https:\\\/\\\/enterarte.info\\\/press\\\/murio-cacho-castana\\\/#primaryimage\",\"url\":\"https:\\\/\\\/enterarte.info\\\/press\\\/wp-content\\\/uploads\\\/2019\\\/10\\\/2019-10-15-cacho-casta\u00f1a-portada.jpg\",\"contentUrl\":\"https:\\\/\\\/enterarte.info\\\/press\\\/wp-content\\\/uploads\\\/2019\\\/10\\\/2019-10-15-cacho-casta\u00f1a-portada.jpg\",\"width\":660,\"height\":408},{\"@type\":\"WebSite\",\"@id\":\"https:\\\/\\\/enterarte.info\\\/press\\\/#website\",\"url\":\"https:\\\/\\\/enterarte.info\\\/press\\\/\",\"name\":\"ENTERARTE\",\"description\":\"Cuando el arte y la inform\u00e1tica son  uno\",\"publisher\":{\"@id\":\"https:\\\/\\\/enterarte.info\\\/press\\\/#organization\"},\"potentialAction\":[{\"@type\":\"SearchAction\",\"target\":{\"@type\":\"EntryPoint\",\"urlTemplate\":\"https:\\\/\\\/enterarte.info\\\/press\\\/?s={search_term_string}\"},\"query-input\":{\"@type\":\"PropertyValueSpecification\",\"valueRequired\":true,\"valueName\":\"search_term_string\"}}],\"inLanguage\":\"es\"},{\"@type\":\"Organization\",\"@id\":\"https:\\\/\\\/enterarte.info\\\/press\\\/#organization\",\"name\":\"ENTERARTE\",\"url\":\"https:\\\/\\\/enterarte.info\\\/press\\\/\",\"logo\":{\"@type\":\"ImageObject\",\"inLanguage\":\"es\",\"@id\":\"https:\\\/\\\/enterarte.info\\\/press\\\/#\\\/schema\\\/logo\\\/image\\\/\",\"url\":\"http:\\\/\\\/enterarte.info\\\/press\\\/wp-content\\\/uploads\\\/2017\\\/09\\\/cabezal_fondo_celeste_final_910.png\",\"contentUrl\":\"http:\\\/\\\/enterarte.info\\\/press\\\/wp-content\\\/uploads\\\/2017\\\/09\\\/cabezal_fondo_celeste_final_910.png\",\"width\":910,\"height\":205,\"caption\":\"ENTERARTE\"},\"image\":{\"@id\":\"https:\\\/\\\/enterarte.info\\\/press\\\/#\\\/schema\\\/logo\\\/image\\\/\"},\"sameAs\":[\"\\\/enterarte.info\\\/\"]},{\"@type\":\"Person\",\"@id\":\"https:\\\/\\\/enterarte.info\\\/press\\\/#\\\/schema\\\/person\\\/fa2f105d12625996bb3b7ec9ee879090\",\"name\":\"cama20\",\"image\":{\"@type\":\"ImageObject\",\"inLanguage\":\"es\",\"@id\":\"https:\\\/\\\/secure.gravatar.com\\\/avatar\\\/30240d3fd91f678e10f564ecb18d1f3d74d03864f7653792bea90f91c9965095?s=96&d=mm&r=g\",\"url\":\"https:\\\/\\\/secure.gravatar.com\\\/avatar\\\/30240d3fd91f678e10f564ecb18d1f3d74d03864f7653792bea90f91c9965095?s=96&d=mm&r=g\",\"contentUrl\":\"https:\\\/\\\/secure.gravatar.com\\\/avatar\\\/30240d3fd91f678e10f564ecb18d1f3d74d03864f7653792bea90f91c9965095?s=96&d=mm&r=g\",\"caption\":\"cama20\"},\"url\":\"https:\\\/\\\/enterarte.info\\\/press\\\/author\\\/cama20\\\/\"}]}<\/script>\n<!-- \/ Yoast SEO plugin. -->","yoast_head_json":{"title":"MURI\u00d3 CACHO CASTA\u00d1A - ENTERARTE","robots":{"index":"index","follow":"follow","max-snippet":"max-snippet:-1","max-image-preview":"max-image-preview:large","max-video-preview":"max-video-preview:-1"},"canonical":"https:\/\/enterarte.info\/press\/murio-cacho-castana\/","og_locale":"es_ES","og_type":"article","og_title":"MURI\u00d3 CACHO CASTA\u00d1A - ENTERARTE","og_description":"El popular cantante, due\u00f1o de una carrera que incluye m\u00e1s de 50 discos y compositor de temas &hellip;","og_url":"https:\/\/enterarte.info\/press\/murio-cacho-castana\/","og_site_name":"ENTERARTE","article_publisher":"\/enterarte.info\/","article_published_time":"2019-10-15T16:33:16+00:00","og_image":[{"width":660,"height":408,"url":"https:\/\/enterarte.info\/press\/wp-content\/uploads\/2019\/10\/2019-10-15-cacho-casta\u00f1a-portada.jpg","type":"image\/jpeg"}],"author":"cama20","twitter_card":"summary_large_image","twitter_misc":{"Escrito por":"cama20","Tiempo de lectura":"3 minutos"},"schema":{"@context":"https:\/\/schema.org","@graph":[{"@type":"Article","@id":"https:\/\/enterarte.info\/press\/murio-cacho-castana\/#article","isPartOf":{"@id":"https:\/\/enterarte.info\/press\/murio-cacho-castana\/"},"author":{"name":"cama20","@id":"https:\/\/enterarte.info\/press\/#\/schema\/person\/fa2f105d12625996bb3b7ec9ee879090"},"headline":"MURI\u00d3 CACHO CASTA\u00d1A","datePublished":"2019-10-15T16:33:16+00:00","mainEntityOfPage":{"@id":"https:\/\/enterarte.info\/press\/murio-cacho-castana\/"},"wordCount":627,"commentCount":0,"publisher":{"@id":"https:\/\/enterarte.info\/press\/#organization"},"image":{"@id":"https:\/\/enterarte.info\/press\/murio-cacho-castana\/#primaryimage"},"thumbnailUrl":"https:\/\/enterarte.info\/press\/wp-content\/uploads\/2019\/10\/2019-10-15-cacho-casta\u00f1a-portada.jpg","articleSection":["Buenos Aires","Novedades"],"inLanguage":"es","potentialAction":[{"@type":"CommentAction","name":"Comment","target":["https:\/\/enterarte.info\/press\/murio-cacho-castana\/#respond"]}]},{"@type":"WebPage","@id":"https:\/\/enterarte.info\/press\/murio-cacho-castana\/","url":"https:\/\/enterarte.info\/press\/murio-cacho-castana\/","name":"MURI\u00d3 CACHO CASTA\u00d1A - ENTERARTE","isPartOf":{"@id":"https:\/\/enterarte.info\/press\/#website"},"primaryImageOfPage":{"@id":"https:\/\/enterarte.info\/press\/murio-cacho-castana\/#primaryimage"},"image":{"@id":"https:\/\/enterarte.info\/press\/murio-cacho-castana\/#primaryimage"},"thumbnailUrl":"https:\/\/enterarte.info\/press\/wp-content\/uploads\/2019\/10\/2019-10-15-cacho-casta\u00f1a-portada.jpg","datePublished":"2019-10-15T16:33:16+00:00","inLanguage":"es","potentialAction":[{"@type":"ReadAction","target":["https:\/\/enterarte.info\/press\/murio-cacho-castana\/"]}]},{"@type":"ImageObject","inLanguage":"es","@id":"https:\/\/enterarte.info\/press\/murio-cacho-castana\/#primaryimage","url":"https:\/\/enterarte.info\/press\/wp-content\/uploads\/2019\/10\/2019-10-15-cacho-casta\u00f1a-portada.jpg","contentUrl":"https:\/\/enterarte.info\/press\/wp-content\/uploads\/2019\/10\/2019-10-15-cacho-casta\u00f1a-portada.jpg","width":660,"height":408},{"@type":"WebSite","@id":"https:\/\/enterarte.info\/press\/#website","url":"https:\/\/enterarte.info\/press\/","name":"ENTERARTE","description":"Cuando el arte y la inform\u00e1tica son  uno","publisher":{"@id":"https:\/\/enterarte.info\/press\/#organization"},"potentialAction":[{"@type":"SearchAction","target":{"@type":"EntryPoint","urlTemplate":"https:\/\/enterarte.info\/press\/?s={search_term_string}"},"query-input":{"@type":"PropertyValueSpecification","valueRequired":true,"valueName":"search_term_string"}}],"inLanguage":"es"},{"@type":"Organization","@id":"https:\/\/enterarte.info\/press\/#organization","name":"ENTERARTE","url":"https:\/\/enterarte.info\/press\/","logo":{"@type":"ImageObject","inLanguage":"es","@id":"https:\/\/enterarte.info\/press\/#\/schema\/logo\/image\/","url":"http:\/\/enterarte.info\/press\/wp-content\/uploads\/2017\/09\/cabezal_fondo_celeste_final_910.png","contentUrl":"http:\/\/enterarte.info\/press\/wp-content\/uploads\/2017\/09\/cabezal_fondo_celeste_final_910.png","width":910,"height":205,"caption":"ENTERARTE"},"image":{"@id":"https:\/\/enterarte.info\/press\/#\/schema\/logo\/image\/"},"sameAs":["\/enterarte.info\/"]},{"@type":"Person","@id":"https:\/\/enterarte.info\/press\/#\/schema\/person\/fa2f105d12625996bb3b7ec9ee879090","name":"cama20","image":{"@type":"ImageObject","inLanguage":"es","@id":"https:\/\/secure.gravatar.com\/avatar\/30240d3fd91f678e10f564ecb18d1f3d74d03864f7653792bea90f91c9965095?s=96&d=mm&r=g","url":"https:\/\/secure.gravatar.com\/avatar\/30240d3fd91f678e10f564ecb18d1f3d74d03864f7653792bea90f91c9965095?s=96&d=mm&r=g","contentUrl":"https:\/\/secure.gravatar.com\/avatar\/30240d3fd91f678e10f564ecb18d1f3d74d03864f7653792bea90f91c9965095?s=96&d=mm&r=g","caption":"cama20"},"url":"https:\/\/enterarte.info\/press\/author\/cama20\/"}]}},"jetpack_publicize_connections":[],"_links":{"self":[{"href":"https:\/\/enterarte.info\/press\/wp-json\/wp\/v2\/posts\/3403","targetHints":{"allow":["GET"]}}],"collection":[{"href":"https:\/\/enterarte.info\/press\/wp-json\/wp\/v2\/posts"}],"about":[{"href":"https:\/\/enterarte.info\/press\/wp-json\/wp\/v2\/types\/post"}],"author":[{"embeddable":true,"href":"https:\/\/enterarte.info\/press\/wp-json\/wp\/v2\/users\/2"}],"replies":[{"embeddable":true,"href":"https:\/\/enterarte.info\/press\/wp-json\/wp\/v2\/comments?post=3403"}],"version-history":[{"count":1,"href":"https:\/\/enterarte.info\/press\/wp-json\/wp\/v2\/posts\/3403\/revisions"}],"predecessor-version":[{"id":3408,"href":"https:\/\/enterarte.info\/press\/wp-json\/wp\/v2\/posts\/3403\/revisions\/3408"}],"wp:featuredmedia":[{"embeddable":true,"href":"https:\/\/enterarte.info\/press\/wp-json\/wp\/v2\/media\/3407"}],"wp:attachment":[{"href":"https:\/\/enterarte.info\/press\/wp-json\/wp\/v2\/media?parent=3403"}],"wp:term":[{"taxonomy":"category","embeddable":true,"href":"https:\/\/enterarte.info\/press\/wp-json\/wp\/v2\/categories?post=3403"},{"taxonomy":"post_tag","embeddable":true,"href":"https:\/\/enterarte.info\/press\/wp-json\/wp\/v2\/tags?post=3403"}],"curies":[{"name":"wp","href":"https:\/\/api.w.org\/{rel}","templated":true}]}}