{"id":3399,"date":"2019-10-09T10:36:50","date_gmt":"2019-10-09T13:36:50","guid":{"rendered":"http:\/\/enterarte.info\/press\/?p=3399"},"modified":"2019-10-09T10:36:50","modified_gmt":"2019-10-09T13:36:50","slug":"cuerpo-y-paisaje-el-devenir-y-su-trayecto","status":"publish","type":"post","link":"https:\/\/enterarte.info\/press\/cuerpo-y-paisaje-el-devenir-y-su-trayecto\/","title":{"rendered":"CUERPO Y PAISAJE &#8211; EL DEVENIR Y SU TRAYECTO"},"content":{"rendered":"<h5><strong>El movimiento desenvuelve un concepto y no al rev\u00e9s\u00bb<\/strong><\/h5>\n<p><em>Viernes 11 de octubre de 20 a 22.30hs<\/em><br \/>\n<em>Inversi\u00f3n: $600 <\/em><br \/>\n<em>(en la Invisible, Joaqu\u00edn Requena y la Paz)<\/em><\/p>\n<p><em>No hace falta experiencia previa<\/em><\/p>\n<h6 id=\"js_19\" class=\"_7tae _14f3 _14f5 _5pbw _5vra\" data-ft=\"{&quot;tn&quot;:&quot;C&quot;}\"><span class=\"fwn fcg\"><span class=\"fcg\"><span class=\"fwb\"><a id=\"js_6k\" class=\"profileLink\" href=\"https:\/\/www.facebook.com\/Rasjid-CESAR-103256213404572\/?__tn__=kC-R&amp;eid=ARDEEg3GlqeEB_RNzMw31g3Q-RngKCkZkSfHUF4ehCky436-PcJq5mGyAnSCIawY05ZcoNxdhNjuv9H3&amp;hc_ref=ARSNtQO3Mdbq2PA0lhHCc0LA8Aqwy2Q7SKO-LRLmDHqSZ9suUdsOwARO6wlLvLVOOPQ&amp;__xts__%5B0%5D=68.ARDBeVatJnGCRC-LXUjMDp_DsLSNOtjpmFoKxLfghWWNSOjkuJ72U5PrjxL5zIV7sj_QwkjEM8mRF1-F4DjvGJsxA6FaBmq3ngiutP_1dM9PW4fAIdB0U6qPOopA_d0x5PdmPjTs7Q6Pt3D1KsMmi9Cyzb_Ikh1pzgtc9tG5TrYjLws7BiVZSqoT0dmd_r64-8nbPWic0Y49BQGXQ37KiYhgjf6sbRdwj7TAdhLWmAPuUu-MqCPSpLH-H0ZZ2OzfECGQryRHBAih9zTOovtRfolCGGiyIQ\" data-ft=\"{&quot;tn&quot;:&quot;k&quot;}\" data-hovercard=\"\/ajax\/hovercard\/page.php?id=103256213404572&amp;extragetparams=%7B%22__tn__%22%3A%22%2CdkC-R-R%22%2C%22eid%22%3A%22ARDEEg3GlqeEB_RNzMw31g3Q-RngKCkZkSfHUF4ehCky436-PcJq5mGyAnSCIawY05ZcoNxdhNjuv9H3%22%2C%22hc_ref%22%3A%22ARSNtQO3Mdbq2PA0lhHCc0LA8Aqwy2Q7SKO-LRLmDHqSZ9suUdsOwARO6wlLvLVOOPQ%22%7D\" data-hovercard-prefer-more-content-show=\"1\" data-hovercard-referer=\"ARSNtQO3Mdbq2PA0lhHCc0LA8Aqwy2Q7SKO-LRLmDHqSZ9suUdsOwARO6wlLvLVOOPQ\" aria-describedby=\"u_i_1\" aria-owns=\"\">Ver informaci\u00f3n sobre: Rasjid CESAR<\/a><\/span><\/span><\/span><\/h6>\n<h5>Descripci\u00f3n del Taller<\/h5>\n<p>Mis clases se inician desarrollando algunos principios b\u00e1sicos de las artes corporales y marciales japonesas. Primero, la conexi\u00f3n de los pies (ashi) con la tierra y con la cadera (koshi, el centro). A partir de ese enraizamiento, soltamos el peso del cuerpo a la fuerza de gravedad, permitiendo relajar y aquietar, tanto la musculatura como el sentir interno (respiraci\u00f3n, estado, percepci\u00f3n). Utilizando esa fuerza gravitatoria a favor, logramos una presencia m\u00e1s profunda, sosteniendo el cuerpo desde la respiraci\u00f3n (kokyu). Pulsando as\u00ed una mayor presencia y expansi\u00f3n del ki (energ\u00eda), la complementaridad de las fuerzas yin y yan en el movimiento; el aquietamiento del sentir interno a trav\u00e9s de la unidad de los sentidos, donde la mirada se vuelve una escucha interior y exterior a la vez, volcada hacia las fuerzas invisibles que se ejercen sobre el cuerpo, alcanzando as\u00ed un estado de presencia total.<\/p>\n<p>Sobre esa base, exploramos luego la sensibilidad y est\u00e9tica propia del butoh, a trav\u00e9s de conceptos tales como \u201ccuerpo muerto\u201d o \u201ccuerpo sin \u00f3rganos\u201d; los devenires minerales, vegetales, animales, ancestrales y c\u00f3smicos del cuerpo, m\u00e1s all\u00e1 de la forma humana. Utilizamos estos principios a fin de encontrar la danza que cada cuerpo recuerda, una danza singular y m\u00faltiple.<br \/>\nDanza Butoh.<br \/>\nRomper los h\u00e1bitos que regulan la percepci\u00f3n y el movimiento.<\/p>\n<p>La danza butoh es contempor\u00e1nea. Nace como parte de los movimientos de las vanguardias art\u00edsticas de los 60`y toma muchas influencias, del surrealismo, del expresionismo alem\u00e1n, de la pintura y la literatura, especialmente Antonin Artaud, y Jean Genet. Es decir que desde sus or\u00edgenes fue un arte atravesado por una experimentaci\u00f3n est\u00e9tica muy fuerte, donde la mutua influencia de los distintos artistas y disciplinas, generaron un lenguaje rico expresivamente donde lo visual, la poes\u00eda, la m\u00fasica y lo conceptual se fund\u00edan en una sinergia creativa que le imprimi\u00f3 un esp\u00edritu abierto, de m\u00faltiples sentidos. Tatsumi Hijikata (creador del butoh), entabl\u00f3 estrechas colaboraciones con artistas, siendo especialmente importante la relaci\u00f3n con el escritor Yukio Mishima.<br \/>\n.<br \/>\nEn la danza butoh se trata de quebrar las ataduras del tiempo cronol\u00f3gico y captarlo en su condici\u00f3n de ser la indeterminaci\u00f3n misma, esa fuerza que emerge a cada instante renovando todo lo existente. As\u00ed el movimiento mismo se percibir\u00e1 m\u00e1s all\u00e1 de sus posiciones en el espacio o de las formas que componga en los cuerpos. El movimiento ser\u00e1 aquello que expresa la duraci\u00f3n, los estados interiores.<br \/>\nEl movimiento ser\u00e1 entonces una afecci\u00f3n del Todo, entendiendo ese Todo como lo siempre Abierto; el movimiento como manifestaci\u00f3n del Impulso Vital y la Memoria C\u00f3smica.<\/p>\n<p>Abrir ese mundo po\u00e9tico singular de cada cuerpo que est\u00e1 compuesto en el Todo, en la materia y en el tiempo ser\u00e1 la meta de nuestra exploraci\u00f3n.<\/p>\n<h5>El movimiento desenvuelve un concepto y no al rev\u00e9s.<\/h5>\n<p>Rasjid Cesar se inici\u00f3 como mimo, clown, actor y director teatral, actuando y dirigiendo espect\u00e1culos de 1987 a 1993. Desde el 2005 est\u00e1 dedicado a la danza butoh, como bailar\u00edn, core\u00f3grafo y profesor. Es 3\u00ba dan e instructor de Kendo. Se form\u00f3 en butoh con Rhea Volij en Argentina y ha tomado seminarios con Katsura Kan, Yuko Kaseki, Minako Seki, Ko Murobushi, Tadashi Endo, Yumiko Yoshioka, Makiko Tominaga, Yoshito Ohno y Semimaru (Sankai Juku). Ha presentado sus obras de butoh recientemente en festivales en Kyoto, Jap\u00f3n en el 2018, en Par\u00eds, Francia en el 2017, en Menorca, Espa\u00f1a en el 2013 y realizado funciones en Barcelona (Espa\u00f1a), Marsella (Francia), Innsbruck (Austria), Santiago (Chile), Buenos Aires, C\u00f3rdoba, Rosario y Mendoza (Argentina) y en Salto y Montevideo (Uruguay). Ha participado de dos obras dirigidas por Katsura Kan realizando giras con dicho maestro por Argentina, Chile y Uruguay. Ha producido a los maestros Ko Murobushi (Teatro Sol\u00eds), Minako Seki- Yuko Kaseki (en Argentina y Uruguay), Katsura Kan (Argentina, Chile y Uruguay) y a Rhea Volij (Argentina, Uruguay y M\u00e9xico).<br \/>\nHa vinculado el arte con proyectos sociales del 87 a la actualidad. Creador del programa \u201cArte y Sensibilizaci\u00f3n\u201d con el cual trabaj\u00f3 8 a\u00f1os en c\u00e1rceles de mujeres con ni\u00f1os. Tambi\u00e9n ha dado clases y ha dirigido obras teatrales con personas con necesidades especiales. La Procuraci\u00f3n Penitenciaria de la Naci\u00f3n Argentina public\u00f3 su libro \u201cPor Dentro\u201d sobre su trabajo en c\u00e1rceles federales argentinas con mujeres presas con ni\u00f1os peque\u00f1os. Dio clases de su programa en la UNSAM (Universidad Nacional de San Mart\u00edn) para la carrera de psicopedagog\u00eda.<\/p>\n","protected":false},"excerpt":{"rendered":"<p>El movimiento desenvuelve un concepto y no al rev\u00e9s\u00bb Viernes 11 de octubre de 20 a 22.30hs &hellip; <\/p>\n","protected":false},"author":2,"featured_media":3400,"comment_status":"open","ping_status":"open","sticky":false,"template":"","format":"standard","meta":{"rop_custom_images_group":[],"rop_custom_messages_group":[],"rop_publish_now":"initial","rop_publish_now_accounts":[],"rop_publish_now_history":[],"rop_publish_now_status":"pending","fifu_image_url":"","fifu_image_alt":"","footnotes":"","jetpack_publicize_message":"","jetpack_publicize_feature_enabled":true,"jetpack_social_post_already_shared":true,"jetpack_social_options":{"image_generator_settings":{"template":"highway","default_image_id":0,"font":"","enabled":false},"version":2}},"categories":[5,1],"tags":[],"class_list":["post-3399","post","type-post","status-publish","format-standard","has-post-thumbnail","hentry","category-montevideo","category-novedades"],"yoast_head":"<!-- This site is optimized with the Yoast SEO plugin v27.4 - https:\/\/yoast.com\/product\/yoast-seo-wordpress\/ -->\n<title>CUERPO Y PAISAJE - EL DEVENIR Y SU TRAYECTO - ENTERARTE<\/title>\n<meta name=\"robots\" content=\"index, follow, max-snippet:-1, max-image-preview:large, max-video-preview:-1\" \/>\n<link rel=\"canonical\" href=\"https:\/\/enterarte.info\/press\/cuerpo-y-paisaje-el-devenir-y-su-trayecto\/\" \/>\n<meta property=\"og:locale\" content=\"es_ES\" \/>\n<meta property=\"og:type\" content=\"article\" \/>\n<meta property=\"og:title\" content=\"CUERPO Y PAISAJE - EL DEVENIR Y SU TRAYECTO - ENTERARTE\" \/>\n<meta property=\"og:description\" content=\"El movimiento desenvuelve un concepto y no al rev\u00e9s\u00bb Viernes 11 de octubre de 20 a 22.30hs &hellip;\" \/>\n<meta property=\"og:url\" content=\"https:\/\/enterarte.info\/press\/cuerpo-y-paisaje-el-devenir-y-su-trayecto\/\" \/>\n<meta property=\"og:site_name\" content=\"ENTERARTE\" \/>\n<meta property=\"article:publisher\" content=\"\/enterarte.info\/\" \/>\n<meta property=\"article:published_time\" content=\"2019-10-09T13:36:50+00:00\" \/>\n<meta property=\"og:image\" content=\"https:\/\/enterarte.info\/press\/wp-content\/uploads\/2019\/10\/2019-10-09-cuerpo-y-paisaje-portada.jpg\" \/>\n\t<meta property=\"og:image:width\" content=\"660\" \/>\n\t<meta property=\"og:image:height\" content=\"400\" \/>\n\t<meta property=\"og:image:type\" content=\"image\/jpeg\" \/>\n<meta name=\"author\" content=\"cama20\" \/>\n<meta name=\"twitter:card\" content=\"summary_large_image\" \/>\n<meta name=\"twitter:label1\" content=\"Escrito por\" \/>\n\t<meta name=\"twitter:data1\" content=\"cama20\" \/>\n\t<meta name=\"twitter:label2\" content=\"Tiempo de lectura\" \/>\n\t<meta name=\"twitter:data2\" content=\"4 minutos\" \/>\n<script type=\"application\/ld+json\" class=\"yoast-schema-graph\">{\"@context\":\"https:\\\/\\\/schema.org\",\"@graph\":[{\"@type\":\"Article\",\"@id\":\"https:\\\/\\\/enterarte.info\\\/press\\\/cuerpo-y-paisaje-el-devenir-y-su-trayecto\\\/#article\",\"isPartOf\":{\"@id\":\"https:\\\/\\\/enterarte.info\\\/press\\\/cuerpo-y-paisaje-el-devenir-y-su-trayecto\\\/\"},\"author\":{\"name\":\"cama20\",\"@id\":\"https:\\\/\\\/enterarte.info\\\/press\\\/#\\\/schema\\\/person\\\/fa2f105d12625996bb3b7ec9ee879090\"},\"headline\":\"CUERPO Y PAISAJE &#8211; EL DEVENIR Y SU TRAYECTO\",\"datePublished\":\"2019-10-09T13:36:50+00:00\",\"mainEntityOfPage\":{\"@id\":\"https:\\\/\\\/enterarte.info\\\/press\\\/cuerpo-y-paisaje-el-devenir-y-su-trayecto\\\/\"},\"wordCount\":824,\"commentCount\":0,\"publisher\":{\"@id\":\"https:\\\/\\\/enterarte.info\\\/press\\\/#organization\"},\"image\":{\"@id\":\"https:\\\/\\\/enterarte.info\\\/press\\\/cuerpo-y-paisaje-el-devenir-y-su-trayecto\\\/#primaryimage\"},\"thumbnailUrl\":\"https:\\\/\\\/enterarte.info\\\/press\\\/wp-content\\\/uploads\\\/2019\\\/10\\\/2019-10-09-cuerpo-y-paisaje-portada.jpg\",\"articleSection\":[\"MONTEVIDEO\",\"Novedades\"],\"inLanguage\":\"es\",\"potentialAction\":[{\"@type\":\"CommentAction\",\"name\":\"Comment\",\"target\":[\"https:\\\/\\\/enterarte.info\\\/press\\\/cuerpo-y-paisaje-el-devenir-y-su-trayecto\\\/#respond\"]}]},{\"@type\":\"WebPage\",\"@id\":\"https:\\\/\\\/enterarte.info\\\/press\\\/cuerpo-y-paisaje-el-devenir-y-su-trayecto\\\/\",\"url\":\"https:\\\/\\\/enterarte.info\\\/press\\\/cuerpo-y-paisaje-el-devenir-y-su-trayecto\\\/\",\"name\":\"CUERPO Y PAISAJE - EL DEVENIR Y SU TRAYECTO - ENTERARTE\",\"isPartOf\":{\"@id\":\"https:\\\/\\\/enterarte.info\\\/press\\\/#website\"},\"primaryImageOfPage\":{\"@id\":\"https:\\\/\\\/enterarte.info\\\/press\\\/cuerpo-y-paisaje-el-devenir-y-su-trayecto\\\/#primaryimage\"},\"image\":{\"@id\":\"https:\\\/\\\/enterarte.info\\\/press\\\/cuerpo-y-paisaje-el-devenir-y-su-trayecto\\\/#primaryimage\"},\"thumbnailUrl\":\"https:\\\/\\\/enterarte.info\\\/press\\\/wp-content\\\/uploads\\\/2019\\\/10\\\/2019-10-09-cuerpo-y-paisaje-portada.jpg\",\"datePublished\":\"2019-10-09T13:36:50+00:00\",\"inLanguage\":\"es\",\"potentialAction\":[{\"@type\":\"ReadAction\",\"target\":[\"https:\\\/\\\/enterarte.info\\\/press\\\/cuerpo-y-paisaje-el-devenir-y-su-trayecto\\\/\"]}]},{\"@type\":\"ImageObject\",\"inLanguage\":\"es\",\"@id\":\"https:\\\/\\\/enterarte.info\\\/press\\\/cuerpo-y-paisaje-el-devenir-y-su-trayecto\\\/#primaryimage\",\"url\":\"https:\\\/\\\/enterarte.info\\\/press\\\/wp-content\\\/uploads\\\/2019\\\/10\\\/2019-10-09-cuerpo-y-paisaje-portada.jpg\",\"contentUrl\":\"https:\\\/\\\/enterarte.info\\\/press\\\/wp-content\\\/uploads\\\/2019\\\/10\\\/2019-10-09-cuerpo-y-paisaje-portada.jpg\",\"width\":660,\"height\":400},{\"@type\":\"WebSite\",\"@id\":\"https:\\\/\\\/enterarte.info\\\/press\\\/#website\",\"url\":\"https:\\\/\\\/enterarte.info\\\/press\\\/\",\"name\":\"ENTERARTE\",\"description\":\"Cuando el arte y la inform\u00e1tica son  uno\",\"publisher\":{\"@id\":\"https:\\\/\\\/enterarte.info\\\/press\\\/#organization\"},\"potentialAction\":[{\"@type\":\"SearchAction\",\"target\":{\"@type\":\"EntryPoint\",\"urlTemplate\":\"https:\\\/\\\/enterarte.info\\\/press\\\/?s={search_term_string}\"},\"query-input\":{\"@type\":\"PropertyValueSpecification\",\"valueRequired\":true,\"valueName\":\"search_term_string\"}}],\"inLanguage\":\"es\"},{\"@type\":\"Organization\",\"@id\":\"https:\\\/\\\/enterarte.info\\\/press\\\/#organization\",\"name\":\"ENTERARTE\",\"url\":\"https:\\\/\\\/enterarte.info\\\/press\\\/\",\"logo\":{\"@type\":\"ImageObject\",\"inLanguage\":\"es\",\"@id\":\"https:\\\/\\\/enterarte.info\\\/press\\\/#\\\/schema\\\/logo\\\/image\\\/\",\"url\":\"http:\\\/\\\/enterarte.info\\\/press\\\/wp-content\\\/uploads\\\/2017\\\/09\\\/cabezal_fondo_celeste_final_910.png\",\"contentUrl\":\"http:\\\/\\\/enterarte.info\\\/press\\\/wp-content\\\/uploads\\\/2017\\\/09\\\/cabezal_fondo_celeste_final_910.png\",\"width\":910,\"height\":205,\"caption\":\"ENTERARTE\"},\"image\":{\"@id\":\"https:\\\/\\\/enterarte.info\\\/press\\\/#\\\/schema\\\/logo\\\/image\\\/\"},\"sameAs\":[\"\\\/enterarte.info\\\/\"]},{\"@type\":\"Person\",\"@id\":\"https:\\\/\\\/enterarte.info\\\/press\\\/#\\\/schema\\\/person\\\/fa2f105d12625996bb3b7ec9ee879090\",\"name\":\"cama20\",\"image\":{\"@type\":\"ImageObject\",\"inLanguage\":\"es\",\"@id\":\"https:\\\/\\\/secure.gravatar.com\\\/avatar\\\/30240d3fd91f678e10f564ecb18d1f3d74d03864f7653792bea90f91c9965095?s=96&d=mm&r=g\",\"url\":\"https:\\\/\\\/secure.gravatar.com\\\/avatar\\\/30240d3fd91f678e10f564ecb18d1f3d74d03864f7653792bea90f91c9965095?s=96&d=mm&r=g\",\"contentUrl\":\"https:\\\/\\\/secure.gravatar.com\\\/avatar\\\/30240d3fd91f678e10f564ecb18d1f3d74d03864f7653792bea90f91c9965095?s=96&d=mm&r=g\",\"caption\":\"cama20\"},\"url\":\"https:\\\/\\\/enterarte.info\\\/press\\\/author\\\/cama20\\\/\"}]}<\/script>\n<!-- \/ Yoast SEO plugin. -->","yoast_head_json":{"title":"CUERPO Y PAISAJE - EL DEVENIR Y SU TRAYECTO - ENTERARTE","robots":{"index":"index","follow":"follow","max-snippet":"max-snippet:-1","max-image-preview":"max-image-preview:large","max-video-preview":"max-video-preview:-1"},"canonical":"https:\/\/enterarte.info\/press\/cuerpo-y-paisaje-el-devenir-y-su-trayecto\/","og_locale":"es_ES","og_type":"article","og_title":"CUERPO Y PAISAJE - EL DEVENIR Y SU TRAYECTO - ENTERARTE","og_description":"El movimiento desenvuelve un concepto y no al rev\u00e9s\u00bb Viernes 11 de octubre de 20 a 22.30hs &hellip;","og_url":"https:\/\/enterarte.info\/press\/cuerpo-y-paisaje-el-devenir-y-su-trayecto\/","og_site_name":"ENTERARTE","article_publisher":"\/enterarte.info\/","article_published_time":"2019-10-09T13:36:50+00:00","og_image":[{"width":660,"height":400,"url":"https:\/\/enterarte.info\/press\/wp-content\/uploads\/2019\/10\/2019-10-09-cuerpo-y-paisaje-portada.jpg","type":"image\/jpeg"}],"author":"cama20","twitter_card":"summary_large_image","twitter_misc":{"Escrito por":"cama20","Tiempo de lectura":"4 minutos"},"schema":{"@context":"https:\/\/schema.org","@graph":[{"@type":"Article","@id":"https:\/\/enterarte.info\/press\/cuerpo-y-paisaje-el-devenir-y-su-trayecto\/#article","isPartOf":{"@id":"https:\/\/enterarte.info\/press\/cuerpo-y-paisaje-el-devenir-y-su-trayecto\/"},"author":{"name":"cama20","@id":"https:\/\/enterarte.info\/press\/#\/schema\/person\/fa2f105d12625996bb3b7ec9ee879090"},"headline":"CUERPO Y PAISAJE &#8211; EL DEVENIR Y SU TRAYECTO","datePublished":"2019-10-09T13:36:50+00:00","mainEntityOfPage":{"@id":"https:\/\/enterarte.info\/press\/cuerpo-y-paisaje-el-devenir-y-su-trayecto\/"},"wordCount":824,"commentCount":0,"publisher":{"@id":"https:\/\/enterarte.info\/press\/#organization"},"image":{"@id":"https:\/\/enterarte.info\/press\/cuerpo-y-paisaje-el-devenir-y-su-trayecto\/#primaryimage"},"thumbnailUrl":"https:\/\/enterarte.info\/press\/wp-content\/uploads\/2019\/10\/2019-10-09-cuerpo-y-paisaje-portada.jpg","articleSection":["MONTEVIDEO","Novedades"],"inLanguage":"es","potentialAction":[{"@type":"CommentAction","name":"Comment","target":["https:\/\/enterarte.info\/press\/cuerpo-y-paisaje-el-devenir-y-su-trayecto\/#respond"]}]},{"@type":"WebPage","@id":"https:\/\/enterarte.info\/press\/cuerpo-y-paisaje-el-devenir-y-su-trayecto\/","url":"https:\/\/enterarte.info\/press\/cuerpo-y-paisaje-el-devenir-y-su-trayecto\/","name":"CUERPO Y PAISAJE - EL DEVENIR Y SU TRAYECTO - ENTERARTE","isPartOf":{"@id":"https:\/\/enterarte.info\/press\/#website"},"primaryImageOfPage":{"@id":"https:\/\/enterarte.info\/press\/cuerpo-y-paisaje-el-devenir-y-su-trayecto\/#primaryimage"},"image":{"@id":"https:\/\/enterarte.info\/press\/cuerpo-y-paisaje-el-devenir-y-su-trayecto\/#primaryimage"},"thumbnailUrl":"https:\/\/enterarte.info\/press\/wp-content\/uploads\/2019\/10\/2019-10-09-cuerpo-y-paisaje-portada.jpg","datePublished":"2019-10-09T13:36:50+00:00","inLanguage":"es","potentialAction":[{"@type":"ReadAction","target":["https:\/\/enterarte.info\/press\/cuerpo-y-paisaje-el-devenir-y-su-trayecto\/"]}]},{"@type":"ImageObject","inLanguage":"es","@id":"https:\/\/enterarte.info\/press\/cuerpo-y-paisaje-el-devenir-y-su-trayecto\/#primaryimage","url":"https:\/\/enterarte.info\/press\/wp-content\/uploads\/2019\/10\/2019-10-09-cuerpo-y-paisaje-portada.jpg","contentUrl":"https:\/\/enterarte.info\/press\/wp-content\/uploads\/2019\/10\/2019-10-09-cuerpo-y-paisaje-portada.jpg","width":660,"height":400},{"@type":"WebSite","@id":"https:\/\/enterarte.info\/press\/#website","url":"https:\/\/enterarte.info\/press\/","name":"ENTERARTE","description":"Cuando el arte y la inform\u00e1tica son  uno","publisher":{"@id":"https:\/\/enterarte.info\/press\/#organization"},"potentialAction":[{"@type":"SearchAction","target":{"@type":"EntryPoint","urlTemplate":"https:\/\/enterarte.info\/press\/?s={search_term_string}"},"query-input":{"@type":"PropertyValueSpecification","valueRequired":true,"valueName":"search_term_string"}}],"inLanguage":"es"},{"@type":"Organization","@id":"https:\/\/enterarte.info\/press\/#organization","name":"ENTERARTE","url":"https:\/\/enterarte.info\/press\/","logo":{"@type":"ImageObject","inLanguage":"es","@id":"https:\/\/enterarte.info\/press\/#\/schema\/logo\/image\/","url":"http:\/\/enterarte.info\/press\/wp-content\/uploads\/2017\/09\/cabezal_fondo_celeste_final_910.png","contentUrl":"http:\/\/enterarte.info\/press\/wp-content\/uploads\/2017\/09\/cabezal_fondo_celeste_final_910.png","width":910,"height":205,"caption":"ENTERARTE"},"image":{"@id":"https:\/\/enterarte.info\/press\/#\/schema\/logo\/image\/"},"sameAs":["\/enterarte.info\/"]},{"@type":"Person","@id":"https:\/\/enterarte.info\/press\/#\/schema\/person\/fa2f105d12625996bb3b7ec9ee879090","name":"cama20","image":{"@type":"ImageObject","inLanguage":"es","@id":"https:\/\/secure.gravatar.com\/avatar\/30240d3fd91f678e10f564ecb18d1f3d74d03864f7653792bea90f91c9965095?s=96&d=mm&r=g","url":"https:\/\/secure.gravatar.com\/avatar\/30240d3fd91f678e10f564ecb18d1f3d74d03864f7653792bea90f91c9965095?s=96&d=mm&r=g","contentUrl":"https:\/\/secure.gravatar.com\/avatar\/30240d3fd91f678e10f564ecb18d1f3d74d03864f7653792bea90f91c9965095?s=96&d=mm&r=g","caption":"cama20"},"url":"https:\/\/enterarte.info\/press\/author\/cama20\/"}]}},"jetpack_publicize_connections":[],"_links":{"self":[{"href":"https:\/\/enterarte.info\/press\/wp-json\/wp\/v2\/posts\/3399","targetHints":{"allow":["GET"]}}],"collection":[{"href":"https:\/\/enterarte.info\/press\/wp-json\/wp\/v2\/posts"}],"about":[{"href":"https:\/\/enterarte.info\/press\/wp-json\/wp\/v2\/types\/post"}],"author":[{"embeddable":true,"href":"https:\/\/enterarte.info\/press\/wp-json\/wp\/v2\/users\/2"}],"replies":[{"embeddable":true,"href":"https:\/\/enterarte.info\/press\/wp-json\/wp\/v2\/comments?post=3399"}],"version-history":[{"count":1,"href":"https:\/\/enterarte.info\/press\/wp-json\/wp\/v2\/posts\/3399\/revisions"}],"predecessor-version":[{"id":3401,"href":"https:\/\/enterarte.info\/press\/wp-json\/wp\/v2\/posts\/3399\/revisions\/3401"}],"wp:featuredmedia":[{"embeddable":true,"href":"https:\/\/enterarte.info\/press\/wp-json\/wp\/v2\/media\/3400"}],"wp:attachment":[{"href":"https:\/\/enterarte.info\/press\/wp-json\/wp\/v2\/media?parent=3399"}],"wp:term":[{"taxonomy":"category","embeddable":true,"href":"https:\/\/enterarte.info\/press\/wp-json\/wp\/v2\/categories?post=3399"},{"taxonomy":"post_tag","embeddable":true,"href":"https:\/\/enterarte.info\/press\/wp-json\/wp\/v2\/tags?post=3399"}],"curies":[{"name":"wp","href":"https:\/\/api.w.org\/{rel}","templated":true}]}}