{"id":3274,"date":"2019-09-02T20:23:05","date_gmt":"2019-09-02T23:23:05","guid":{"rendered":"http:\/\/enterarte.info\/press\/?p=3274"},"modified":"2019-09-02T20:24:29","modified_gmt":"2019-09-02T23:24:29","slug":"convocatoria-al-concurso-iberoamericana-de-poesia-premio-marosa-di-giorgio-4ta-edicion-2019","status":"publish","type":"post","link":"https:\/\/enterarte.info\/press\/convocatoria-al-concurso-iberoamericana-de-poesia-premio-marosa-di-giorgio-4ta-edicion-2019\/","title":{"rendered":"CONVOCATORIA AL CONCURSO IBEROAMERICANA DE POES\u00cdA \u201cPREMIO MAROSA DI GIORGIO\u201d \/ 4TA. EDICI\u00d3N \u2013 2019"},"content":{"rendered":"<p>La Asociaci\u00f3n Marosa de Giorgio y la Intendencia de Salto, convocan al Cuarto Concurso Internacional de poes\u00eda \u201cPREMIO MAROSA DI GIORGIO\u201d. Edici\u00f3n 2019 seg\u00fan las siguientes bases:<\/p>\n<p>Art.1\u00b0- Podr\u00e1n participar las personas nacidas o con residencia legal acreditada en los 22 estados miembros de la Comunidad Iberoamericana de Pa\u00edses. No podr\u00e1n intervenir familiares \u2013hasta el segundo grado de consanguinidad- de los miembros del Jurado y de la Comisi\u00f3n Directiva de la Asociaci\u00f3n organizadora.<\/p>\n<p>Art. 2\u00ba. Los participantes presentar\u00e1n un libro de poes\u00eda que deber\u00e1 ser in\u00e9dito, no premiado en concursos anteriores y escrito en idioma espa\u00f1ol. El tema es libre. Podr\u00e1 consistir en hasta 150 p\u00e1ginas.<\/p>\n<p>El trabajo s e presentar\u00e1 (engrampado, enrulado o cosido) en un sobre cerrado en cuya cara exterior deber\u00e1 decir \u201c4to. Concurso de Poes\u00eda. Premio Marosa di Giorgio. Edici\u00f3n 2019\u201d y donde tambi\u00e9n constar\u00e1 el t\u00edtulo de la obra y su seud\u00f3nimo.<br \/>\nDentro de ese sobre se incluir\u00e1 otro m\u00e1s peque\u00f1o en cuyo exterior figurar\u00e1 el t\u00edtulo de la obra y su seud\u00f3nimo y en su interior contendr\u00e1 una hoja con el nombre completo del autor, n\u00famero de su documento de identidad nacional o pasaporte, domicilio, fotocopia de su partida de nacimiento y, de tenerlos, se agregar\u00e1n tel\u00e9fono y correo electr\u00f3nico. En el caso de residentes deber\u00e1n agregar constancia de residencia legal. Se podr\u00e1 participar con una sola obra.<\/p>\n<p>Art. 3\u00ba. Las obras se entregar\u00e1n en tres ejemplares iguales, escritos en un solo lado sobre hojas formato A-4, utilizando caracteres Times New Roman cuerpo 14, con interlineado de 1,5 y no m\u00e1s de treinta l\u00edneas por p\u00e1gina. En la primera p\u00e1gina dir\u00e1 nombre de la obra y seud\u00f3nimo.<\/p>\n<p>Art. 4\u00ba. El plazo para la recepci\u00f3n de los trabajos ser\u00e1 hasta el 30 de setiembre de 2019, hasta las 17 horas. Deber\u00e1n entregarse o remitirse a Intendencia de Salto, Direcci\u00f3n de Cultura. Uruguay 202. Salto. (Uruguay).<br \/>\nPara ser admitidos los enviados por cualquier correo p\u00fablico o privado, deber\u00e1 constar en el matasello del emisor, que se entreg\u00f3 antes de la fecha antes dicha.<\/p>\n<p>Art. 5\u00ba. El jurado seleccionar\u00e1 un trabajo ganador y hasta tres menciones.<\/p>\n<p>Art. 6\u00ba. El Primer Premio consistir\u00e1 en la suma de DOS MIL QUINIENTOS DOLARES americanos y Mariposa de oro, Las menciones recibir\u00e1n Diplomas.<\/p>\n<p>Art. 7 \u00ba. El jurado ser\u00e1 de tres miembros designados: uno por la Academia Nacional de Letras, otro por la Facultad de Humanidades y Ciencias de la Educaci\u00f3n y el tercero por la Directiva de la Asociaci\u00f3n Marosa di Giorgio. Emitir\u00e1 su fallo antes del 30 de abril de 2020. Si el n\u00famero de concursantes lo justifique podr\u00e1 ampliarse ese plazo en quince d\u00edas m\u00e1s. El fallo ser\u00e1 inapelable. El jurado por mayor\u00eda de integrantes podr\u00e1 resolver los asuntos no previstos en estas bases.<\/p>\n<p>Art.8\u00ba. No se devolver\u00e1n las obras presentadas. Las no seleccionadas ser\u00e1n destruidas inmediatamente despu\u00e9s del fallo.<\/p>\n<p>Art. 9\u00ba. Tanto la apertura de los sobres de presentaci\u00f3n, como el conocimiento oficial del fallo del jurado y la apertura de los sobres de identificaci\u00f3n, ser\u00e1n controlados por un escribano designado por la Asociaci\u00f3n Marosa di Giorgio o la Intendencia de Salto.<\/p>\n<p>Art. 10\u00ba. Los premios se entregar\u00e1n en acto solemne a celebrarse en la ciudad de Salto en fecha que se anunciar\u00e1 en su oportunidad.<\/p>\n<p>Fuente: www.salto.gub.uy<\/p>\n","protected":false},"excerpt":{"rendered":"<p>La Asociaci\u00f3n Marosa de Giorgio y la Intendencia de Salto, convocan al Cuarto Concurso Internacional de poes\u00eda &hellip; <\/p>\n","protected":false},"author":2,"featured_media":3275,"comment_status":"open","ping_status":"open","sticky":false,"template":"","format":"standard","meta":{"rop_custom_images_group":[],"rop_custom_messages_group":[],"rop_publish_now":"initial","rop_publish_now_accounts":[],"rop_publish_now_history":[],"rop_publish_now_status":"pending","fifu_image_url":"","fifu_image_alt":"","footnotes":"","jetpack_publicize_message":"","jetpack_publicize_feature_enabled":true,"jetpack_social_post_already_shared":true,"jetpack_social_options":{"image_generator_settings":{"template":"highway","default_image_id":0,"font":"","enabled":false},"version":2}},"categories":[1,15],"tags":[],"class_list":["post-3274","post","type-post","status-publish","format-standard","has-post-thumbnail","hentry","category-novedades","category-salto"],"yoast_head":"<!-- This site is optimized with the Yoast SEO plugin v27.4 - https:\/\/yoast.com\/product\/yoast-seo-wordpress\/ -->\n<title>CONVOCATORIA AL CONCURSO IBEROAMERICANA DE POES\u00cdA \u201cPREMIO MAROSA DI GIORGIO\u201d \/ 4TA. EDICI\u00d3N \u2013 2019 - ENTERARTE<\/title>\n<meta name=\"robots\" content=\"index, follow, max-snippet:-1, max-image-preview:large, max-video-preview:-1\" \/>\n<link rel=\"canonical\" href=\"https:\/\/enterarte.info\/press\/convocatoria-al-concurso-iberoamericana-de-poesia-premio-marosa-di-giorgio-4ta-edicion-2019\/\" \/>\n<meta property=\"og:locale\" content=\"es_ES\" \/>\n<meta property=\"og:type\" content=\"article\" \/>\n<meta property=\"og:title\" content=\"CONVOCATORIA AL CONCURSO IBEROAMERICANA DE POES\u00cdA \u201cPREMIO MAROSA DI GIORGIO\u201d \/ 4TA. EDICI\u00d3N \u2013 2019 - ENTERARTE\" \/>\n<meta property=\"og:description\" content=\"La Asociaci\u00f3n Marosa de Giorgio y la Intendencia de Salto, convocan al Cuarto Concurso Internacional de poes\u00eda &hellip;\" \/>\n<meta property=\"og:url\" content=\"https:\/\/enterarte.info\/press\/convocatoria-al-concurso-iberoamericana-de-poesia-premio-marosa-di-giorgio-4ta-edicion-2019\/\" \/>\n<meta property=\"og:site_name\" content=\"ENTERARTE\" \/>\n<meta property=\"article:publisher\" content=\"\/enterarte.info\/\" \/>\n<meta property=\"article:published_time\" content=\"2019-09-02T23:23:05+00:00\" \/>\n<meta property=\"article:modified_time\" content=\"2019-09-02T23:24:29+00:00\" \/>\n<meta property=\"og:image\" content=\"https:\/\/enterarte.info\/press\/wp-content\/uploads\/2019\/09\/2019-09-02-marosa-portada.jpg\" \/>\n\t<meta property=\"og:image:width\" content=\"660\" \/>\n\t<meta property=\"og:image:height\" content=\"292\" \/>\n\t<meta property=\"og:image:type\" content=\"image\/jpeg\" \/>\n<meta name=\"author\" content=\"cama20\" \/>\n<meta name=\"twitter:card\" content=\"summary_large_image\" \/>\n<meta name=\"twitter:label1\" content=\"Escrito por\" \/>\n\t<meta name=\"twitter:data1\" content=\"cama20\" \/>\n\t<meta name=\"twitter:label2\" content=\"Tiempo de lectura\" \/>\n\t<meta name=\"twitter:data2\" content=\"3 minutos\" \/>\n<script type=\"application\/ld+json\" class=\"yoast-schema-graph\">{\"@context\":\"https:\\\/\\\/schema.org\",\"@graph\":[{\"@type\":\"Article\",\"@id\":\"https:\\\/\\\/enterarte.info\\\/press\\\/convocatoria-al-concurso-iberoamericana-de-poesia-premio-marosa-di-giorgio-4ta-edicion-2019\\\/#article\",\"isPartOf\":{\"@id\":\"https:\\\/\\\/enterarte.info\\\/press\\\/convocatoria-al-concurso-iberoamericana-de-poesia-premio-marosa-di-giorgio-4ta-edicion-2019\\\/\"},\"author\":{\"name\":\"cama20\",\"@id\":\"https:\\\/\\\/enterarte.info\\\/press\\\/#\\\/schema\\\/person\\\/fa2f105d12625996bb3b7ec9ee879090\"},\"headline\":\"CONVOCATORIA AL CONCURSO IBEROAMERICANA DE POES\u00cdA \u201cPREMIO MAROSA DI GIORGIO\u201d \\\/ 4TA. EDICI\u00d3N \u2013 2019\",\"datePublished\":\"2019-09-02T23:23:05+00:00\",\"dateModified\":\"2019-09-02T23:24:29+00:00\",\"mainEntityOfPage\":{\"@id\":\"https:\\\/\\\/enterarte.info\\\/press\\\/convocatoria-al-concurso-iberoamericana-de-poesia-premio-marosa-di-giorgio-4ta-edicion-2019\\\/\"},\"wordCount\":591,\"commentCount\":0,\"publisher\":{\"@id\":\"https:\\\/\\\/enterarte.info\\\/press\\\/#organization\"},\"image\":{\"@id\":\"https:\\\/\\\/enterarte.info\\\/press\\\/convocatoria-al-concurso-iberoamericana-de-poesia-premio-marosa-di-giorgio-4ta-edicion-2019\\\/#primaryimage\"},\"thumbnailUrl\":\"https:\\\/\\\/enterarte.info\\\/press\\\/wp-content\\\/uploads\\\/2019\\\/09\\\/2019-09-02-marosa-portada.jpg\",\"articleSection\":[\"Novedades\",\"SALTO\"],\"inLanguage\":\"es\",\"potentialAction\":[{\"@type\":\"CommentAction\",\"name\":\"Comment\",\"target\":[\"https:\\\/\\\/enterarte.info\\\/press\\\/convocatoria-al-concurso-iberoamericana-de-poesia-premio-marosa-di-giorgio-4ta-edicion-2019\\\/#respond\"]}]},{\"@type\":\"WebPage\",\"@id\":\"https:\\\/\\\/enterarte.info\\\/press\\\/convocatoria-al-concurso-iberoamericana-de-poesia-premio-marosa-di-giorgio-4ta-edicion-2019\\\/\",\"url\":\"https:\\\/\\\/enterarte.info\\\/press\\\/convocatoria-al-concurso-iberoamericana-de-poesia-premio-marosa-di-giorgio-4ta-edicion-2019\\\/\",\"name\":\"CONVOCATORIA AL CONCURSO IBEROAMERICANA DE POES\u00cdA \u201cPREMIO MAROSA DI GIORGIO\u201d \\\/ 4TA. EDICI\u00d3N \u2013 2019 - ENTERARTE\",\"isPartOf\":{\"@id\":\"https:\\\/\\\/enterarte.info\\\/press\\\/#website\"},\"primaryImageOfPage\":{\"@id\":\"https:\\\/\\\/enterarte.info\\\/press\\\/convocatoria-al-concurso-iberoamericana-de-poesia-premio-marosa-di-giorgio-4ta-edicion-2019\\\/#primaryimage\"},\"image\":{\"@id\":\"https:\\\/\\\/enterarte.info\\\/press\\\/convocatoria-al-concurso-iberoamericana-de-poesia-premio-marosa-di-giorgio-4ta-edicion-2019\\\/#primaryimage\"},\"thumbnailUrl\":\"https:\\\/\\\/enterarte.info\\\/press\\\/wp-content\\\/uploads\\\/2019\\\/09\\\/2019-09-02-marosa-portada.jpg\",\"datePublished\":\"2019-09-02T23:23:05+00:00\",\"dateModified\":\"2019-09-02T23:24:29+00:00\",\"inLanguage\":\"es\",\"potentialAction\":[{\"@type\":\"ReadAction\",\"target\":[\"https:\\\/\\\/enterarte.info\\\/press\\\/convocatoria-al-concurso-iberoamericana-de-poesia-premio-marosa-di-giorgio-4ta-edicion-2019\\\/\"]}]},{\"@type\":\"ImageObject\",\"inLanguage\":\"es\",\"@id\":\"https:\\\/\\\/enterarte.info\\\/press\\\/convocatoria-al-concurso-iberoamericana-de-poesia-premio-marosa-di-giorgio-4ta-edicion-2019\\\/#primaryimage\",\"url\":\"https:\\\/\\\/enterarte.info\\\/press\\\/wp-content\\\/uploads\\\/2019\\\/09\\\/2019-09-02-marosa-portada.jpg\",\"contentUrl\":\"https:\\\/\\\/enterarte.info\\\/press\\\/wp-content\\\/uploads\\\/2019\\\/09\\\/2019-09-02-marosa-portada.jpg\",\"width\":660,\"height\":292},{\"@type\":\"WebSite\",\"@id\":\"https:\\\/\\\/enterarte.info\\\/press\\\/#website\",\"url\":\"https:\\\/\\\/enterarte.info\\\/press\\\/\",\"name\":\"ENTERARTE\",\"description\":\"Cuando el arte y la inform\u00e1tica son  uno\",\"publisher\":{\"@id\":\"https:\\\/\\\/enterarte.info\\\/press\\\/#organization\"},\"potentialAction\":[{\"@type\":\"SearchAction\",\"target\":{\"@type\":\"EntryPoint\",\"urlTemplate\":\"https:\\\/\\\/enterarte.info\\\/press\\\/?s={search_term_string}\"},\"query-input\":{\"@type\":\"PropertyValueSpecification\",\"valueRequired\":true,\"valueName\":\"search_term_string\"}}],\"inLanguage\":\"es\"},{\"@type\":\"Organization\",\"@id\":\"https:\\\/\\\/enterarte.info\\\/press\\\/#organization\",\"name\":\"ENTERARTE\",\"url\":\"https:\\\/\\\/enterarte.info\\\/press\\\/\",\"logo\":{\"@type\":\"ImageObject\",\"inLanguage\":\"es\",\"@id\":\"https:\\\/\\\/enterarte.info\\\/press\\\/#\\\/schema\\\/logo\\\/image\\\/\",\"url\":\"http:\\\/\\\/enterarte.info\\\/press\\\/wp-content\\\/uploads\\\/2017\\\/09\\\/cabezal_fondo_celeste_final_910.png\",\"contentUrl\":\"http:\\\/\\\/enterarte.info\\\/press\\\/wp-content\\\/uploads\\\/2017\\\/09\\\/cabezal_fondo_celeste_final_910.png\",\"width\":910,\"height\":205,\"caption\":\"ENTERARTE\"},\"image\":{\"@id\":\"https:\\\/\\\/enterarte.info\\\/press\\\/#\\\/schema\\\/logo\\\/image\\\/\"},\"sameAs\":[\"\\\/enterarte.info\\\/\"]},{\"@type\":\"Person\",\"@id\":\"https:\\\/\\\/enterarte.info\\\/press\\\/#\\\/schema\\\/person\\\/fa2f105d12625996bb3b7ec9ee879090\",\"name\":\"cama20\",\"image\":{\"@type\":\"ImageObject\",\"inLanguage\":\"es\",\"@id\":\"https:\\\/\\\/secure.gravatar.com\\\/avatar\\\/30240d3fd91f678e10f564ecb18d1f3d74d03864f7653792bea90f91c9965095?s=96&d=mm&r=g\",\"url\":\"https:\\\/\\\/secure.gravatar.com\\\/avatar\\\/30240d3fd91f678e10f564ecb18d1f3d74d03864f7653792bea90f91c9965095?s=96&d=mm&r=g\",\"contentUrl\":\"https:\\\/\\\/secure.gravatar.com\\\/avatar\\\/30240d3fd91f678e10f564ecb18d1f3d74d03864f7653792bea90f91c9965095?s=96&d=mm&r=g\",\"caption\":\"cama20\"},\"url\":\"https:\\\/\\\/enterarte.info\\\/press\\\/author\\\/cama20\\\/\"}]}<\/script>\n<!-- \/ Yoast SEO plugin. -->","yoast_head_json":{"title":"CONVOCATORIA AL CONCURSO IBEROAMERICANA DE POES\u00cdA \u201cPREMIO MAROSA DI GIORGIO\u201d \/ 4TA. EDICI\u00d3N \u2013 2019 - ENTERARTE","robots":{"index":"index","follow":"follow","max-snippet":"max-snippet:-1","max-image-preview":"max-image-preview:large","max-video-preview":"max-video-preview:-1"},"canonical":"https:\/\/enterarte.info\/press\/convocatoria-al-concurso-iberoamericana-de-poesia-premio-marosa-di-giorgio-4ta-edicion-2019\/","og_locale":"es_ES","og_type":"article","og_title":"CONVOCATORIA AL CONCURSO IBEROAMERICANA DE POES\u00cdA \u201cPREMIO MAROSA DI GIORGIO\u201d \/ 4TA. EDICI\u00d3N \u2013 2019 - ENTERARTE","og_description":"La Asociaci\u00f3n Marosa de Giorgio y la Intendencia de Salto, convocan al Cuarto Concurso Internacional de poes\u00eda &hellip;","og_url":"https:\/\/enterarte.info\/press\/convocatoria-al-concurso-iberoamericana-de-poesia-premio-marosa-di-giorgio-4ta-edicion-2019\/","og_site_name":"ENTERARTE","article_publisher":"\/enterarte.info\/","article_published_time":"2019-09-02T23:23:05+00:00","article_modified_time":"2019-09-02T23:24:29+00:00","og_image":[{"width":660,"height":292,"url":"https:\/\/enterarte.info\/press\/wp-content\/uploads\/2019\/09\/2019-09-02-marosa-portada.jpg","type":"image\/jpeg"}],"author":"cama20","twitter_card":"summary_large_image","twitter_misc":{"Escrito por":"cama20","Tiempo de lectura":"3 minutos"},"schema":{"@context":"https:\/\/schema.org","@graph":[{"@type":"Article","@id":"https:\/\/enterarte.info\/press\/convocatoria-al-concurso-iberoamericana-de-poesia-premio-marosa-di-giorgio-4ta-edicion-2019\/#article","isPartOf":{"@id":"https:\/\/enterarte.info\/press\/convocatoria-al-concurso-iberoamericana-de-poesia-premio-marosa-di-giorgio-4ta-edicion-2019\/"},"author":{"name":"cama20","@id":"https:\/\/enterarte.info\/press\/#\/schema\/person\/fa2f105d12625996bb3b7ec9ee879090"},"headline":"CONVOCATORIA AL CONCURSO IBEROAMERICANA DE POES\u00cdA \u201cPREMIO MAROSA DI GIORGIO\u201d \/ 4TA. EDICI\u00d3N \u2013 2019","datePublished":"2019-09-02T23:23:05+00:00","dateModified":"2019-09-02T23:24:29+00:00","mainEntityOfPage":{"@id":"https:\/\/enterarte.info\/press\/convocatoria-al-concurso-iberoamericana-de-poesia-premio-marosa-di-giorgio-4ta-edicion-2019\/"},"wordCount":591,"commentCount":0,"publisher":{"@id":"https:\/\/enterarte.info\/press\/#organization"},"image":{"@id":"https:\/\/enterarte.info\/press\/convocatoria-al-concurso-iberoamericana-de-poesia-premio-marosa-di-giorgio-4ta-edicion-2019\/#primaryimage"},"thumbnailUrl":"https:\/\/enterarte.info\/press\/wp-content\/uploads\/2019\/09\/2019-09-02-marosa-portada.jpg","articleSection":["Novedades","SALTO"],"inLanguage":"es","potentialAction":[{"@type":"CommentAction","name":"Comment","target":["https:\/\/enterarte.info\/press\/convocatoria-al-concurso-iberoamericana-de-poesia-premio-marosa-di-giorgio-4ta-edicion-2019\/#respond"]}]},{"@type":"WebPage","@id":"https:\/\/enterarte.info\/press\/convocatoria-al-concurso-iberoamericana-de-poesia-premio-marosa-di-giorgio-4ta-edicion-2019\/","url":"https:\/\/enterarte.info\/press\/convocatoria-al-concurso-iberoamericana-de-poesia-premio-marosa-di-giorgio-4ta-edicion-2019\/","name":"CONVOCATORIA AL CONCURSO IBEROAMERICANA DE POES\u00cdA \u201cPREMIO MAROSA DI GIORGIO\u201d \/ 4TA. EDICI\u00d3N \u2013 2019 - ENTERARTE","isPartOf":{"@id":"https:\/\/enterarte.info\/press\/#website"},"primaryImageOfPage":{"@id":"https:\/\/enterarte.info\/press\/convocatoria-al-concurso-iberoamericana-de-poesia-premio-marosa-di-giorgio-4ta-edicion-2019\/#primaryimage"},"image":{"@id":"https:\/\/enterarte.info\/press\/convocatoria-al-concurso-iberoamericana-de-poesia-premio-marosa-di-giorgio-4ta-edicion-2019\/#primaryimage"},"thumbnailUrl":"https:\/\/enterarte.info\/press\/wp-content\/uploads\/2019\/09\/2019-09-02-marosa-portada.jpg","datePublished":"2019-09-02T23:23:05+00:00","dateModified":"2019-09-02T23:24:29+00:00","inLanguage":"es","potentialAction":[{"@type":"ReadAction","target":["https:\/\/enterarte.info\/press\/convocatoria-al-concurso-iberoamericana-de-poesia-premio-marosa-di-giorgio-4ta-edicion-2019\/"]}]},{"@type":"ImageObject","inLanguage":"es","@id":"https:\/\/enterarte.info\/press\/convocatoria-al-concurso-iberoamericana-de-poesia-premio-marosa-di-giorgio-4ta-edicion-2019\/#primaryimage","url":"https:\/\/enterarte.info\/press\/wp-content\/uploads\/2019\/09\/2019-09-02-marosa-portada.jpg","contentUrl":"https:\/\/enterarte.info\/press\/wp-content\/uploads\/2019\/09\/2019-09-02-marosa-portada.jpg","width":660,"height":292},{"@type":"WebSite","@id":"https:\/\/enterarte.info\/press\/#website","url":"https:\/\/enterarte.info\/press\/","name":"ENTERARTE","description":"Cuando el arte y la inform\u00e1tica son  uno","publisher":{"@id":"https:\/\/enterarte.info\/press\/#organization"},"potentialAction":[{"@type":"SearchAction","target":{"@type":"EntryPoint","urlTemplate":"https:\/\/enterarte.info\/press\/?s={search_term_string}"},"query-input":{"@type":"PropertyValueSpecification","valueRequired":true,"valueName":"search_term_string"}}],"inLanguage":"es"},{"@type":"Organization","@id":"https:\/\/enterarte.info\/press\/#organization","name":"ENTERARTE","url":"https:\/\/enterarte.info\/press\/","logo":{"@type":"ImageObject","inLanguage":"es","@id":"https:\/\/enterarte.info\/press\/#\/schema\/logo\/image\/","url":"http:\/\/enterarte.info\/press\/wp-content\/uploads\/2017\/09\/cabezal_fondo_celeste_final_910.png","contentUrl":"http:\/\/enterarte.info\/press\/wp-content\/uploads\/2017\/09\/cabezal_fondo_celeste_final_910.png","width":910,"height":205,"caption":"ENTERARTE"},"image":{"@id":"https:\/\/enterarte.info\/press\/#\/schema\/logo\/image\/"},"sameAs":["\/enterarte.info\/"]},{"@type":"Person","@id":"https:\/\/enterarte.info\/press\/#\/schema\/person\/fa2f105d12625996bb3b7ec9ee879090","name":"cama20","image":{"@type":"ImageObject","inLanguage":"es","@id":"https:\/\/secure.gravatar.com\/avatar\/30240d3fd91f678e10f564ecb18d1f3d74d03864f7653792bea90f91c9965095?s=96&d=mm&r=g","url":"https:\/\/secure.gravatar.com\/avatar\/30240d3fd91f678e10f564ecb18d1f3d74d03864f7653792bea90f91c9965095?s=96&d=mm&r=g","contentUrl":"https:\/\/secure.gravatar.com\/avatar\/30240d3fd91f678e10f564ecb18d1f3d74d03864f7653792bea90f91c9965095?s=96&d=mm&r=g","caption":"cama20"},"url":"https:\/\/enterarte.info\/press\/author\/cama20\/"}]}},"jetpack_publicize_connections":[],"_links":{"self":[{"href":"https:\/\/enterarte.info\/press\/wp-json\/wp\/v2\/posts\/3274","targetHints":{"allow":["GET"]}}],"collection":[{"href":"https:\/\/enterarte.info\/press\/wp-json\/wp\/v2\/posts"}],"about":[{"href":"https:\/\/enterarte.info\/press\/wp-json\/wp\/v2\/types\/post"}],"author":[{"embeddable":true,"href":"https:\/\/enterarte.info\/press\/wp-json\/wp\/v2\/users\/2"}],"replies":[{"embeddable":true,"href":"https:\/\/enterarte.info\/press\/wp-json\/wp\/v2\/comments?post=3274"}],"version-history":[{"count":3,"href":"https:\/\/enterarte.info\/press\/wp-json\/wp\/v2\/posts\/3274\/revisions"}],"predecessor-version":[{"id":3278,"href":"https:\/\/enterarte.info\/press\/wp-json\/wp\/v2\/posts\/3274\/revisions\/3278"}],"wp:featuredmedia":[{"embeddable":true,"href":"https:\/\/enterarte.info\/press\/wp-json\/wp\/v2\/media\/3275"}],"wp:attachment":[{"href":"https:\/\/enterarte.info\/press\/wp-json\/wp\/v2\/media?parent=3274"}],"wp:term":[{"taxonomy":"category","embeddable":true,"href":"https:\/\/enterarte.info\/press\/wp-json\/wp\/v2\/categories?post=3274"},{"taxonomy":"post_tag","embeddable":true,"href":"https:\/\/enterarte.info\/press\/wp-json\/wp\/v2\/tags?post=3274"}],"curies":[{"name":"wp","href":"https:\/\/api.w.org\/{rel}","templated":true}]}}