{"id":3064,"date":"2019-06-15T20:13:05","date_gmt":"2019-06-15T23:13:05","guid":{"rendered":"http:\/\/enterarte.info\/press\/?p=3064"},"modified":"2019-06-15T20:13:05","modified_gmt":"2019-06-15T23:13:05","slug":"murio-la-actriz-beatriz-salomon","status":"publish","type":"post","link":"https:\/\/enterarte.info\/press\/murio-la-actriz-beatriz-salomon\/","title":{"rendered":"MURI\u00d3 LA ACTRIZ BEATRIZ SALOM\u00d3N"},"content":{"rendered":"<p>La actriz y vedette Beatriz Salom\u00f3n muri\u00f3 hoy a los 65 a\u00f1os. Se encontraba internada en el Hospital Fern\u00e1ndez desde el 4 de junio pasado por una reca\u00edda en su tratamiento por un c\u00e1ncer de colon, contra el que luch\u00f3 durante un a\u00f1o. Acudi\u00f3 al centro m\u00e9dico para realizarse un an\u00e1lisis de sangre, pero los profesionales determinaron que fuera ingresada debido a los fuertes dolores abdominales que padec\u00eda.<\/p>\n<p>Por esas dolencias tuvo que ser sedada en el momento y le realizaron varios estudios para conocer en detalle su estado de salud, que empeor\u00f3 con el correr de los d\u00edas. Durante este tiempo la acompa\u00f1aron sus hijas y sus mejores amigas, entre ellas Ana Rosenfeld.<\/p>\n<p>Los problemas de salud de Salom\u00f3n comenzaron en junio del a\u00f1o pasado, cuando se conoci\u00f3 la noticia que hab\u00eda sido internada por una hernia umbilical que, seg\u00fan ella, ven\u00eda arrastrando desde hac\u00eda tiempo porque no contaba con una obra social para operarse. \u00abMe he dejado estar mucho con mi salud, pero va a estar todo bien\u00bb, dijo en aquella ocasi\u00f3n desde el centro m\u00e9dico. Despu\u00e9s de casi diez d\u00edas, le dieron el alta.<\/p>\n<p><a href=\"https:\/\/enterarte.info\/press\/wp-content\/uploads\/2019\/06\/2019-09-15-Beatriz-Salomon-Teleshow-3.jpg\"><img loading=\"lazy\" decoding=\"async\" class=\"alignnone size-full wp-image-3065\" src=\"https:\/\/enterarte.info\/press\/wp-content\/uploads\/2019\/06\/2019-09-15-Beatriz-Salomon-Teleshow-3.jpg\" alt=\"\" width=\"660\" height=\"885\" srcset=\"https:\/\/enterarte.info\/press\/wp-content\/uploads\/2019\/06\/2019-09-15-Beatriz-Salomon-Teleshow-3.jpg 660w, https:\/\/enterarte.info\/press\/wp-content\/uploads\/2019\/06\/2019-09-15-Beatriz-Salomon-Teleshow-3-224x300.jpg 224w\" sizes=\"auto, (max-width: 660px) 100vw, 660px\" \/><\/a><\/p>\n<p><em>Beatriz Salom\u00f3n con sus hijas Noelia y Betina, en el cumple de 15 de la menor (Teleshow)<\/em><\/p>\n<div class=\"row pb-content-type-text\">\n<div class=\"col-xs-12 col-print-12\">\n<p class=\"element element-paragraph\">Reci\u00e9n el 9 de noviembre volvi\u00f3 a mostrarse p\u00fablicamente tras ese episodio y\u00a0se la vio muy feliz en la fiesta de quince a\u00f1os de su hija menor.\u00a0<strong>\u00abPara m\u00ed fue un gran sacrificio levantarme de la cama, ba\u00f1arme, que venga el coiffeur y me peine, que me ponga el vestido Roberto Piazza, los zapatos, maquillarme y llegar a la fiesta a las 9 de la noche\u00bb<\/strong>, reconoci\u00f3, despu\u00e9s del festejo.<\/p>\n<\/div>\n<\/div>\n<div class=\"row pb-content-type-text\">\n<div class=\"col-xs-12 col-print-12\">\n<p class=\"element element-paragraph\">Sin embargo, unos d\u00edas despu\u00e9s, el 30 de ese mes, fue internada nuevamente en el Fern\u00e1ndez.\u00a0<strong>\u00abElla no est\u00e1 bien, est\u00e1 con mucha angustia y te dir\u00eda que est\u00e1 en manos de Dios\u00bb<\/strong>, cont\u00f3 en aquella oportunidad Ana Rosenfeld a\u00a0<strong>Teleshow<\/strong>. \u00abLa pobre Turca no se merece todo lo que le est\u00e1 pasando en la vida. Eso hace que me ponga interrogantes sobre la vida misma\u00bb, agreg\u00f3 Roberto Piazza.<\/p>\n<\/div>\n<\/div>\n<div class=\"row pb-content-type-text\">\n<div class=\"col-xs-12 col-print-12\">\n<p class=\"element element-paragraph\">La situaci\u00f3n empeor\u00f3 cuando sufri\u00f3 un accidente en la habitaci\u00f3n donde se encontraba internada: se resbal\u00f3 y cay\u00f3 al piso. Como consecuencia,\u00a0<strong>se fisur\u00f3 la cadera y se golpe\u00f3 la cabeza y un hombro.<\/strong>\u00a0Por ese motivo realiz\u00f3 un desesperado pedido de ayuda: \u00abNecesito urgente una pr\u00f3tesis doble movilidad con tallo largo segmentado para fracturas patol\u00f3gicas. Tres dosis de cemento m\u00e1s la pistola de segmentaci\u00f3n que es material descartable y de colocaci\u00f3n. Es urgente porque si no, no puedo caminar, es una fractura cerca de la ingle y la cadera. Cuando te dan este tipo de medicaci\u00f3n tan fuerte qued\u00e1s como d\u00e9bil\u00bb.<\/p>\n<\/div>\n<\/div>\n<div class=\"row pb-content-type-text\">\n<div class=\"col-xs-12 col-print-12\">\n<p class=\"element element-paragraph\">Pocas horas despu\u00e9s la empresa Total Bone Supply don\u00f3 la pr\u00f3tesis indicada y Salom\u00f3n fue operada exitosamente. \u00abCreo que en unos d\u00edas me dan el alta y seguir\u00e9 con el otro tratamiento y las v\u00edas que me ponen para mejorar el otro problema que tengo porque<strong>\u00a0tambi\u00e9n voy a salir para adelante<\/strong>. Hay una medicaci\u00f3n nueva, que es un refuerzo de la anterior. Ahora estoy en plena rehabilitaci\u00f3n\u00bb, dijo sobre su lucha contra el c\u00e1ncer.<\/p>\n<p><a href=\"https:\/\/enterarte.info\/press\/wp-content\/uploads\/2019\/06\/2019-09-15-Beatriz-Salomon-gente.jpg\"><img loading=\"lazy\" decoding=\"async\" class=\"alignnone size-full wp-image-3066\" src=\"https:\/\/enterarte.info\/press\/wp-content\/uploads\/2019\/06\/2019-09-15-Beatriz-Salomon-gente.jpg\" alt=\"\" width=\"660\" height=\"934\" srcset=\"https:\/\/enterarte.info\/press\/wp-content\/uploads\/2019\/06\/2019-09-15-Beatriz-Salomon-gente.jpg 660w, https:\/\/enterarte.info\/press\/wp-content\/uploads\/2019\/06\/2019-09-15-Beatriz-Salomon-gente-212x300.jpg 212w\" sizes=\"auto, (max-width: 660px) 100vw, 660px\" \/><\/a><\/p>\n<p><em>El 16 de abril de 1999 la actriz se cas\u00f3 con el cirujano Alberto Ferriols bajo el rito ortodoxo sirio. Meses despu\u00e9s, como ella no pod\u00eda tener hijos, decidieron adoptar. (Foto Archivo Atl\u00e1ntida Televisa)<\/em><\/p>\n<div class=\"row pb-content-type-text\">\n<div class=\"col-xs-12 col-print-12\">\n<p class=\"element element-paragraph\">En marzo pasado, despu\u00e9s de festejar los 18 a\u00f1os de su hija mayor, cont\u00f3 a\u00a0<strong>Teleshow<\/strong>que ya hab\u00eda hecho nueve sesiones de quimioterapia.\u00a0<strong>\u00abLa estoy luchando. Perd\u00ed todo mi pelo, mi melena de toda la vida\u2026\u00bb<\/strong>, dijo.<\/p>\n<\/div>\n<\/div>\n<div class=\"row pb-content-type-text\">\n<div class=\"col-xs-12 col-print-12\">\n<p class=\"element element-paragraph\">Lamentablemente tuvo una reca\u00edda de su enfermedad y por sus fuertes dolores abdominales volvi\u00f3 a ser internada en el Hospital Fern\u00e1ndez. Rodeada de sus hijas, las personas m\u00e1s importantes de su vida, y sus seres queridos, la consagrada actriz no pudo seguir haci\u00e9ndole frente a sus problemas de salud.<\/p>\n<\/div>\n<\/div>\n<div class=\"row pb-content-type-text\">\n<div class=\"col-xs-12 col-print-12\">\n<p class=\"element element-paragraph\">\u00abLa Turca\u00bb, como se la conoc\u00eda en el ambiente art\u00edstico, hab\u00eda nacido en el seno de una familia de origen sirio el 9 de octubre de 1953, en San Juan. En 1971 se convirti\u00f3 en la reina de belleza de su provincia, lo que le permiti\u00f3 concursar en el certamen nacional de Miss Argentina y obtener el t\u00edtulo de Miss Simpat\u00eda.<\/p>\n<\/div>\n<\/div>\n<div class=\"row pb-content-type-text\">\n<div class=\"col-xs-12 col-print-12\">\n<p class=\"element element-paragraph\">A partir de ese momento, dej\u00f3 de lado su empleo en el Banco Agrario para dedicarse al modelaje publicitario. Pero su impronta no pod\u00eda quedar ajena al mundo de la televisi\u00f3n. As\u00ed que, en la d\u00e9cada del &#8217;80, comenz\u00f3 a trabajar con el capoc\u00f3mico n\u00famero uno de la \u00e9poca,\u00a0<strong>Alberto Olmedo<\/strong>, en el legendario ciclo\u00a0<strong>No toca bot\u00f3n.<\/strong><\/p>\n<p><a href=\"https:\/\/enterarte.info\/press\/wp-content\/uploads\/2019\/06\/2019-06-15-no-toca-bot\u00f3n.jpg\"><img loading=\"lazy\" decoding=\"async\" class=\"alignnone size-full wp-image-3067\" src=\"https:\/\/enterarte.info\/press\/wp-content\/uploads\/2019\/06\/2019-06-15-no-toca-bot\u00f3n.jpg\" alt=\"\" width=\"660\" height=\"1001\" srcset=\"https:\/\/enterarte.info\/press\/wp-content\/uploads\/2019\/06\/2019-06-15-no-toca-bot\u00f3n.jpg 660w, https:\/\/enterarte.info\/press\/wp-content\/uploads\/2019\/06\/2019-06-15-no-toca-bot\u00f3n-198x300.jpg 198w\" sizes=\"auto, (max-width: 660px) 100vw, 660px\" \/><\/a><\/p>\n<p><em>Con mezcla de alegr\u00eda y nostalgia, recuerda aquellos gloriosos a\u00f1os 80 con Alberto Olmedo (en la foto, el sketch del Manosanta). (Foto Archivo Atl\u00e1ntida Televisa)<\/em><\/p>\n<div class=\"row pb-content-type-text\">\n<div class=\"col-xs-12 col-print-12\">\n<p class=\"element element-paragraph\">Fue una de las llamadas<strong>\u00a0\u00abchicas Olmedo\u00bb<\/strong>, de la camada de\u00a0<strong>Adriana Brodsky, Susana Romero y Silvia P\u00e9rez<\/strong>, entre otras. Estuvo en la cresta de la ola a nivel popularidad. Por aquellos a\u00f1os, adem\u00e1s de hacer televisi\u00f3n, particip\u00f3 junto a\u00a0<strong>\u00abEl Negro\u00bb<\/strong>\u00a0en pel\u00edculas como\u00a0<strong>El manosanta<\/strong>\u00a0est\u00e1 cargado (1987),\u00a0<strong>Los colimbas al ataque<\/strong>\u00a0(1987) o\u00a0<strong>Atracci\u00f3n peculia<\/strong>r (1988), y obras de teatro como\u00a0<strong>El negro no puede<\/strong>\u00a0(1986) o\u00a0<strong>\u00c9ramos tan pobres<\/strong>\u00a0(1987). Lleg\u00f3 a ilustrar m\u00e1s de setenta tapas de revistas, incluyendo Radiolandia 2000, Erotic\u00f3n, Playboy, Gente y La Semana.<\/p>\n<\/div>\n<\/div>\n<div class=\"row pb-content-type-text\">\n<div class=\"col-xs-12 col-print-12\">\n<p class=\"element element-paragraph\">Sin embargo, con la muerte de Olmedo, el 5 de marzo de 1988, Salom\u00f3n debi\u00f3 abrirse camino sola en el mundo del espect\u00e1culo. Y, aunque sigui\u00f3 trabajando mucho junto a\u00a0<strong>Jorge Porcel<\/strong>, con quien hizo<strong>\u00a0Las gatitas y ratones de Porcel<\/strong>\u00a0(1989) en televisi\u00f3n,\u00a0<strong>Hay fiesta en el conventillo<\/strong>\u00a0(1989) y\u00a0<strong>Se pudri\u00f3 todo<\/strong>\u00a0(1990) en teatro y\u00a0<strong>El Profesor punk<\/strong>\u00a0(1988) en cine, entre otros proyectos, de a\u00a0<strong>poco empez\u00f3 a barajar la idea de dejar de lado las c\u00e1maras y los escenarios para empezar a pensar en cumplir su mayor anhelo: formar una familia.<\/strong><\/p>\n<p><a href=\"https:\/\/enterarte.info\/press\/wp-content\/uploads\/2019\/06\/2019-06-15-Beatriz-Salomon-9.jpg\"><img loading=\"lazy\" decoding=\"async\" class=\"alignnone size-full wp-image-3068\" src=\"https:\/\/enterarte.info\/press\/wp-content\/uploads\/2019\/06\/2019-06-15-Beatriz-Salomon-9.jpg\" alt=\"\" width=\"660\" height=\"371\" srcset=\"https:\/\/enterarte.info\/press\/wp-content\/uploads\/2019\/06\/2019-06-15-Beatriz-Salomon-9.jpg 660w, https:\/\/enterarte.info\/press\/wp-content\/uploads\/2019\/06\/2019-06-15-Beatriz-Salomon-9-300x169.jpg 300w\" sizes=\"auto, (max-width: 660px) 100vw, 660px\" \/><\/a><\/p>\n<p><em>Con sus compa\u00f1eras de Extinguidas (Vero Guerman)<\/em><\/p>\n<div class=\"row pb-content-type-text\">\n<div class=\"col-xs-12 col-print-12\">\n<p class=\"element element-paragraph\">Trabajadora como pocas, no obstante, \u00abLa Turca\u00bb sigui\u00f3 acompa\u00f1ando a grandes del espect\u00e1culo nacional como\u00a0<strong>Jorge Corona, Jorge Guinzburg, Nito Artaza, Trist\u00e1n y Berugo Car\u00e1mbula<\/strong>, acumulando en su haber una treintena de obras de teatro, que se sumaron a sus diferentes participaciones en cine y televisi\u00f3n.<\/p>\n<\/div>\n<\/div>\n<div class=\"row pb-content-type-text\">\n<div class=\"col-xs-12 col-print-12\">\n<p class=\"element element-paragraph\">Hasta que, despu\u00e9s de un largo derrotero amoroso, a fines de los &#8217;90 apareci\u00f3 en su vida el cirujano pl\u00e1stico\u00a0<strong>Alberto Ferriorls<\/strong>, con quien se cas\u00f3 el 16 de abril de 1999. Con \u00e9l, Salom\u00f3n\u00a0<strong>estuvo dispuesta a concretar su sue\u00f1o de convertirse en mam\u00e1.<\/strong>Y, al no poder quedar embarazada, comenz\u00f3 un largo proceso de adopci\u00f3n, que culmin\u00f3 con la llegada a su hogar de\u00a0<strong>Noelia y Betina.<\/strong>\u00a0Desde entonces, \u00abLa Turca\u00bb decidi\u00f3 dejar en un segundo plano su rol de artista para dedicarse, fundamentalmente, a la crianza de sus hijas.<\/p>\n<p><a href=\"https:\/\/enterarte.info\/press\/wp-content\/uploads\/2019\/06\/2019-06-15-beatriz-hijas.jpg\"><img loading=\"lazy\" decoding=\"async\" class=\"alignnone size-full wp-image-3069\" src=\"https:\/\/enterarte.info\/press\/wp-content\/uploads\/2019\/06\/2019-06-15-beatriz-hijas.jpg\" alt=\"\" width=\"660\" height=\"440\" srcset=\"https:\/\/enterarte.info\/press\/wp-content\/uploads\/2019\/06\/2019-06-15-beatriz-hijas.jpg 660w, https:\/\/enterarte.info\/press\/wp-content\/uploads\/2019\/06\/2019-06-15-beatriz-hijas-300x200.jpg 300w\" sizes=\"auto, (max-width: 660px) 100vw, 660px\" \/><\/a><\/p>\n<p><em>Noelia, Bettina y Beatriz se preparan para merendar luego de la nota con GENTE. (Foto Fabi\u00e1n Uset\/GENTE)<\/em><\/p>\n<div class=\"row pb-content-type-text\">\n<div class=\"col-xs-12 col-print-12\">\n<p class=\"element element-paragraph\"><strong>Pero\u00a0a fines de 2004 se separ\u00f3 de su marido.\u00a0Signada por los problemas econ\u00f3micos y con la necesidad de mantener a sus ni\u00f1as, Beatriz se vio obligada a volver al ruedo<\/strong>.<\/p>\n<\/div>\n<\/div>\n<div class=\"row pb-content-type-text\">\n<div class=\"col-xs-12 col-print-12\">\n<p class=\"element element-paragraph\">Y particip\u00f3 de muchas obras de teatro, como\u00a0<strong>Humor en custodia<\/strong>\u00a0(2006) o\u00a0<strong>El \u00faltimo argentino virgen<\/strong>\u00a0(2007), entre otras. Pero ya no era la misma. Y no porque el tiempo le hubiera robado la belleza, sino porque las adversidades le hab\u00edan quitado la alegr\u00eda\u2026<\/p>\n<\/div>\n<\/div>\n<div class=\"row pb-content-type-text\">\n<div class=\"col-xs-12 col-print-12\">\n<p class=\"element element-paragraph\">Como si todo esto fuera poco, el 18 de octubre de 2013 Beatriz sufri\u00f3 otro duro golpe con\u00a0<strong>la muerte de su hermana Isabel,<\/strong>\u00a0de 50 a\u00f1os, quien padec\u00eda una esclerosis lateral amiotr\u00f3fica que la ven\u00eda torturando desde hac\u00eda a\u00f1os. Seg\u00fan la actriz, esto hab\u00eda motivado tambi\u00e9n la muerte de su mam\u00e1, Leonor, en 2011, al no poder soportar el sufrimiento de su hija.<\/p>\n<div class=\"row pb-content-type-text\">\n<div class=\"col-xs-12 col-print-12\">\n<p class=\"element element-paragraph\">En 2015, en tanto, hubo una buena para la actriz, que volvi\u00f3 al centro de la escena gracias a\u00a0<strong>Extinguidas<\/strong>, la obra de\u00a0<strong>Jos\u00e9 Mar\u00eda Muscari<\/strong>\u00a0con la que varias actrices de su generaci\u00f3n, entre las que se encontraban\u00a0<strong>Naanim Timoyko, Adriana Aguirre, Luisa Albinoni, Patricia Dal, Sandra Smith, Silvia Peyrou, Pata Villanueva, Mimi Pons y Noem\u00ed Alan<\/strong>. Juntas pudieron subirse al escenario para demostrar su vigencia.<\/p>\n<\/div>\n<\/div>\n<div class=\"row pb-content-type-text\">\n<div class=\"col-xs-12 col-print-12\">\n<p class=\"element element-paragraph\">Pero esta felicidad tambi\u00e9n estuvo te\u00f1ida de tristeza cuando, ese mismo a\u00f1o,\u00a0<strong>Salom\u00f3n perdi\u00f3 a su padre, Jacinto, de 88 a\u00f1os<\/strong>, y volvi\u00f3 a sentir el dolor por la muerte de un ser querido. Pero, en ese momento, en lugar de ponerse a llorar decidi\u00f3 volcar toda su energ\u00eda en el escenario y seguir adelante, sin bajar los brazos.<\/p>\n<\/div>\n<\/div>\n<div class=\"row pb-content-type-text\">\n<div class=\"col-xs-12 col-print-12\">\n<p class=\"element element-paragraph\">Lo cierto es que, cuando la obra se termin\u00f3 en 2017, Beatriz volvi\u00f3 a deambular en busca de un trabajo. No mucho tiempo despu\u00e9s su salud se resinti\u00f3.<\/p>\n<\/div>\n<\/div>\n<\/div>\n<\/div>\n<\/div>\n<\/div>\n<\/div>\n<\/div>\n<\/div>\n<\/div>\n<\/div>\n<\/div>\n<p>Fuente:\u00a0www.infobae.com<\/p>\n","protected":false},"excerpt":{"rendered":"<p>La actriz y vedette Beatriz Salom\u00f3n muri\u00f3 hoy a los 65 a\u00f1os. Se encontraba internada en el &hellip; <\/p>\n","protected":false},"author":2,"featured_media":3070,"comment_status":"open","ping_status":"open","sticky":false,"template":"","format":"standard","meta":{"rop_custom_images_group":[],"rop_custom_messages_group":[],"rop_publish_now":"initial","rop_publish_now_accounts":[],"rop_publish_now_history":[],"rop_publish_now_status":"pending","fifu_image_url":"","fifu_image_alt":"","footnotes":"","jetpack_publicize_message":"","jetpack_publicize_feature_enabled":true,"jetpack_social_post_already_shared":true,"jetpack_social_options":{"image_generator_settings":{"template":"highway","default_image_id":0,"font":"","enabled":false},"version":2}},"categories":[6,1],"tags":[],"class_list":["post-3064","post","type-post","status-publish","format-standard","has-post-thumbnail","hentry","category-buenos-aires","category-novedades"],"yoast_head":"<!-- This site is optimized with the Yoast SEO plugin v27.4 - https:\/\/yoast.com\/product\/yoast-seo-wordpress\/ -->\n<title>MURI\u00d3 LA ACTRIZ BEATRIZ SALOM\u00d3N - ENTERARTE<\/title>\n<meta name=\"robots\" content=\"index, follow, max-snippet:-1, max-image-preview:large, max-video-preview:-1\" \/>\n<link rel=\"canonical\" href=\"https:\/\/enterarte.info\/press\/murio-la-actriz-beatriz-salomon\/\" \/>\n<meta property=\"og:locale\" content=\"es_ES\" \/>\n<meta property=\"og:type\" content=\"article\" \/>\n<meta property=\"og:title\" content=\"MURI\u00d3 LA ACTRIZ BEATRIZ SALOM\u00d3N - ENTERARTE\" \/>\n<meta property=\"og:description\" content=\"La actriz y vedette Beatriz Salom\u00f3n muri\u00f3 hoy a los 65 a\u00f1os. Se encontraba internada en el &hellip;\" \/>\n<meta property=\"og:url\" content=\"https:\/\/enterarte.info\/press\/murio-la-actriz-beatriz-salomon\/\" \/>\n<meta property=\"og:site_name\" content=\"ENTERARTE\" \/>\n<meta property=\"article:publisher\" content=\"\/enterarte.info\/\" \/>\n<meta property=\"article:published_time\" content=\"2019-06-15T23:13:05+00:00\" \/>\n<meta property=\"og:image\" content=\"https:\/\/enterarte.info\/press\/wp-content\/uploads\/2019\/06\/2019-06-15-beatriz-destacada.jpg\" \/>\n\t<meta property=\"og:image:width\" content=\"660\" \/>\n\t<meta property=\"og:image:height\" content=\"387\" \/>\n\t<meta property=\"og:image:type\" content=\"image\/jpeg\" \/>\n<meta name=\"author\" content=\"cama20\" \/>\n<meta name=\"twitter:card\" content=\"summary_large_image\" \/>\n<meta name=\"twitter:label1\" content=\"Escrito por\" \/>\n\t<meta name=\"twitter:data1\" content=\"cama20\" \/>\n\t<meta name=\"twitter:label2\" content=\"Tiempo de lectura\" \/>\n\t<meta name=\"twitter:data2\" content=\"8 minutos\" \/>\n<script type=\"application\/ld+json\" class=\"yoast-schema-graph\">{\"@context\":\"https:\\\/\\\/schema.org\",\"@graph\":[{\"@type\":\"Article\",\"@id\":\"https:\\\/\\\/enterarte.info\\\/press\\\/murio-la-actriz-beatriz-salomon\\\/#article\",\"isPartOf\":{\"@id\":\"https:\\\/\\\/enterarte.info\\\/press\\\/murio-la-actriz-beatriz-salomon\\\/\"},\"author\":{\"name\":\"cama20\",\"@id\":\"https:\\\/\\\/enterarte.info\\\/press\\\/#\\\/schema\\\/person\\\/fa2f105d12625996bb3b7ec9ee879090\"},\"headline\":\"MURI\u00d3 LA ACTRIZ BEATRIZ SALOM\u00d3N\",\"datePublished\":\"2019-06-15T23:13:05+00:00\",\"mainEntityOfPage\":{\"@id\":\"https:\\\/\\\/enterarte.info\\\/press\\\/murio-la-actriz-beatriz-salomon\\\/\"},\"wordCount\":1524,\"commentCount\":0,\"publisher\":{\"@id\":\"https:\\\/\\\/enterarte.info\\\/press\\\/#organization\"},\"image\":{\"@id\":\"https:\\\/\\\/enterarte.info\\\/press\\\/murio-la-actriz-beatriz-salomon\\\/#primaryimage\"},\"thumbnailUrl\":\"https:\\\/\\\/enterarte.info\\\/press\\\/wp-content\\\/uploads\\\/2019\\\/06\\\/2019-06-15-beatriz-destacada.jpg\",\"articleSection\":[\"Buenos Aires\",\"Novedades\"],\"inLanguage\":\"es\",\"potentialAction\":[{\"@type\":\"CommentAction\",\"name\":\"Comment\",\"target\":[\"https:\\\/\\\/enterarte.info\\\/press\\\/murio-la-actriz-beatriz-salomon\\\/#respond\"]}]},{\"@type\":\"WebPage\",\"@id\":\"https:\\\/\\\/enterarte.info\\\/press\\\/murio-la-actriz-beatriz-salomon\\\/\",\"url\":\"https:\\\/\\\/enterarte.info\\\/press\\\/murio-la-actriz-beatriz-salomon\\\/\",\"name\":\"MURI\u00d3 LA ACTRIZ BEATRIZ SALOM\u00d3N - ENTERARTE\",\"isPartOf\":{\"@id\":\"https:\\\/\\\/enterarte.info\\\/press\\\/#website\"},\"primaryImageOfPage\":{\"@id\":\"https:\\\/\\\/enterarte.info\\\/press\\\/murio-la-actriz-beatriz-salomon\\\/#primaryimage\"},\"image\":{\"@id\":\"https:\\\/\\\/enterarte.info\\\/press\\\/murio-la-actriz-beatriz-salomon\\\/#primaryimage\"},\"thumbnailUrl\":\"https:\\\/\\\/enterarte.info\\\/press\\\/wp-content\\\/uploads\\\/2019\\\/06\\\/2019-06-15-beatriz-destacada.jpg\",\"datePublished\":\"2019-06-15T23:13:05+00:00\",\"inLanguage\":\"es\",\"potentialAction\":[{\"@type\":\"ReadAction\",\"target\":[\"https:\\\/\\\/enterarte.info\\\/press\\\/murio-la-actriz-beatriz-salomon\\\/\"]}]},{\"@type\":\"ImageObject\",\"inLanguage\":\"es\",\"@id\":\"https:\\\/\\\/enterarte.info\\\/press\\\/murio-la-actriz-beatriz-salomon\\\/#primaryimage\",\"url\":\"https:\\\/\\\/enterarte.info\\\/press\\\/wp-content\\\/uploads\\\/2019\\\/06\\\/2019-06-15-beatriz-destacada.jpg\",\"contentUrl\":\"https:\\\/\\\/enterarte.info\\\/press\\\/wp-content\\\/uploads\\\/2019\\\/06\\\/2019-06-15-beatriz-destacada.jpg\",\"width\":660,\"height\":387},{\"@type\":\"WebSite\",\"@id\":\"https:\\\/\\\/enterarte.info\\\/press\\\/#website\",\"url\":\"https:\\\/\\\/enterarte.info\\\/press\\\/\",\"name\":\"ENTERARTE\",\"description\":\"Cuando el arte y la inform\u00e1tica son  uno\",\"publisher\":{\"@id\":\"https:\\\/\\\/enterarte.info\\\/press\\\/#organization\"},\"potentialAction\":[{\"@type\":\"SearchAction\",\"target\":{\"@type\":\"EntryPoint\",\"urlTemplate\":\"https:\\\/\\\/enterarte.info\\\/press\\\/?s={search_term_string}\"},\"query-input\":{\"@type\":\"PropertyValueSpecification\",\"valueRequired\":true,\"valueName\":\"search_term_string\"}}],\"inLanguage\":\"es\"},{\"@type\":\"Organization\",\"@id\":\"https:\\\/\\\/enterarte.info\\\/press\\\/#organization\",\"name\":\"ENTERARTE\",\"url\":\"https:\\\/\\\/enterarte.info\\\/press\\\/\",\"logo\":{\"@type\":\"ImageObject\",\"inLanguage\":\"es\",\"@id\":\"https:\\\/\\\/enterarte.info\\\/press\\\/#\\\/schema\\\/logo\\\/image\\\/\",\"url\":\"http:\\\/\\\/enterarte.info\\\/press\\\/wp-content\\\/uploads\\\/2017\\\/09\\\/cabezal_fondo_celeste_final_910.png\",\"contentUrl\":\"http:\\\/\\\/enterarte.info\\\/press\\\/wp-content\\\/uploads\\\/2017\\\/09\\\/cabezal_fondo_celeste_final_910.png\",\"width\":910,\"height\":205,\"caption\":\"ENTERARTE\"},\"image\":{\"@id\":\"https:\\\/\\\/enterarte.info\\\/press\\\/#\\\/schema\\\/logo\\\/image\\\/\"},\"sameAs\":[\"\\\/enterarte.info\\\/\"]},{\"@type\":\"Person\",\"@id\":\"https:\\\/\\\/enterarte.info\\\/press\\\/#\\\/schema\\\/person\\\/fa2f105d12625996bb3b7ec9ee879090\",\"name\":\"cama20\",\"image\":{\"@type\":\"ImageObject\",\"inLanguage\":\"es\",\"@id\":\"https:\\\/\\\/secure.gravatar.com\\\/avatar\\\/30240d3fd91f678e10f564ecb18d1f3d74d03864f7653792bea90f91c9965095?s=96&d=mm&r=g\",\"url\":\"https:\\\/\\\/secure.gravatar.com\\\/avatar\\\/30240d3fd91f678e10f564ecb18d1f3d74d03864f7653792bea90f91c9965095?s=96&d=mm&r=g\",\"contentUrl\":\"https:\\\/\\\/secure.gravatar.com\\\/avatar\\\/30240d3fd91f678e10f564ecb18d1f3d74d03864f7653792bea90f91c9965095?s=96&d=mm&r=g\",\"caption\":\"cama20\"},\"url\":\"https:\\\/\\\/enterarte.info\\\/press\\\/author\\\/cama20\\\/\"}]}<\/script>\n<!-- \/ Yoast SEO plugin. -->","yoast_head_json":{"title":"MURI\u00d3 LA ACTRIZ BEATRIZ SALOM\u00d3N - ENTERARTE","robots":{"index":"index","follow":"follow","max-snippet":"max-snippet:-1","max-image-preview":"max-image-preview:large","max-video-preview":"max-video-preview:-1"},"canonical":"https:\/\/enterarte.info\/press\/murio-la-actriz-beatriz-salomon\/","og_locale":"es_ES","og_type":"article","og_title":"MURI\u00d3 LA ACTRIZ BEATRIZ SALOM\u00d3N - ENTERARTE","og_description":"La actriz y vedette Beatriz Salom\u00f3n muri\u00f3 hoy a los 65 a\u00f1os. Se encontraba internada en el &hellip;","og_url":"https:\/\/enterarte.info\/press\/murio-la-actriz-beatriz-salomon\/","og_site_name":"ENTERARTE","article_publisher":"\/enterarte.info\/","article_published_time":"2019-06-15T23:13:05+00:00","og_image":[{"width":660,"height":387,"url":"https:\/\/enterarte.info\/press\/wp-content\/uploads\/2019\/06\/2019-06-15-beatriz-destacada.jpg","type":"image\/jpeg"}],"author":"cama20","twitter_card":"summary_large_image","twitter_misc":{"Escrito por":"cama20","Tiempo de lectura":"8 minutos"},"schema":{"@context":"https:\/\/schema.org","@graph":[{"@type":"Article","@id":"https:\/\/enterarte.info\/press\/murio-la-actriz-beatriz-salomon\/#article","isPartOf":{"@id":"https:\/\/enterarte.info\/press\/murio-la-actriz-beatriz-salomon\/"},"author":{"name":"cama20","@id":"https:\/\/enterarte.info\/press\/#\/schema\/person\/fa2f105d12625996bb3b7ec9ee879090"},"headline":"MURI\u00d3 LA ACTRIZ BEATRIZ SALOM\u00d3N","datePublished":"2019-06-15T23:13:05+00:00","mainEntityOfPage":{"@id":"https:\/\/enterarte.info\/press\/murio-la-actriz-beatriz-salomon\/"},"wordCount":1524,"commentCount":0,"publisher":{"@id":"https:\/\/enterarte.info\/press\/#organization"},"image":{"@id":"https:\/\/enterarte.info\/press\/murio-la-actriz-beatriz-salomon\/#primaryimage"},"thumbnailUrl":"https:\/\/enterarte.info\/press\/wp-content\/uploads\/2019\/06\/2019-06-15-beatriz-destacada.jpg","articleSection":["Buenos Aires","Novedades"],"inLanguage":"es","potentialAction":[{"@type":"CommentAction","name":"Comment","target":["https:\/\/enterarte.info\/press\/murio-la-actriz-beatriz-salomon\/#respond"]}]},{"@type":"WebPage","@id":"https:\/\/enterarte.info\/press\/murio-la-actriz-beatriz-salomon\/","url":"https:\/\/enterarte.info\/press\/murio-la-actriz-beatriz-salomon\/","name":"MURI\u00d3 LA ACTRIZ BEATRIZ SALOM\u00d3N - ENTERARTE","isPartOf":{"@id":"https:\/\/enterarte.info\/press\/#website"},"primaryImageOfPage":{"@id":"https:\/\/enterarte.info\/press\/murio-la-actriz-beatriz-salomon\/#primaryimage"},"image":{"@id":"https:\/\/enterarte.info\/press\/murio-la-actriz-beatriz-salomon\/#primaryimage"},"thumbnailUrl":"https:\/\/enterarte.info\/press\/wp-content\/uploads\/2019\/06\/2019-06-15-beatriz-destacada.jpg","datePublished":"2019-06-15T23:13:05+00:00","inLanguage":"es","potentialAction":[{"@type":"ReadAction","target":["https:\/\/enterarte.info\/press\/murio-la-actriz-beatriz-salomon\/"]}]},{"@type":"ImageObject","inLanguage":"es","@id":"https:\/\/enterarte.info\/press\/murio-la-actriz-beatriz-salomon\/#primaryimage","url":"https:\/\/enterarte.info\/press\/wp-content\/uploads\/2019\/06\/2019-06-15-beatriz-destacada.jpg","contentUrl":"https:\/\/enterarte.info\/press\/wp-content\/uploads\/2019\/06\/2019-06-15-beatriz-destacada.jpg","width":660,"height":387},{"@type":"WebSite","@id":"https:\/\/enterarte.info\/press\/#website","url":"https:\/\/enterarte.info\/press\/","name":"ENTERARTE","description":"Cuando el arte y la inform\u00e1tica son  uno","publisher":{"@id":"https:\/\/enterarte.info\/press\/#organization"},"potentialAction":[{"@type":"SearchAction","target":{"@type":"EntryPoint","urlTemplate":"https:\/\/enterarte.info\/press\/?s={search_term_string}"},"query-input":{"@type":"PropertyValueSpecification","valueRequired":true,"valueName":"search_term_string"}}],"inLanguage":"es"},{"@type":"Organization","@id":"https:\/\/enterarte.info\/press\/#organization","name":"ENTERARTE","url":"https:\/\/enterarte.info\/press\/","logo":{"@type":"ImageObject","inLanguage":"es","@id":"https:\/\/enterarte.info\/press\/#\/schema\/logo\/image\/","url":"http:\/\/enterarte.info\/press\/wp-content\/uploads\/2017\/09\/cabezal_fondo_celeste_final_910.png","contentUrl":"http:\/\/enterarte.info\/press\/wp-content\/uploads\/2017\/09\/cabezal_fondo_celeste_final_910.png","width":910,"height":205,"caption":"ENTERARTE"},"image":{"@id":"https:\/\/enterarte.info\/press\/#\/schema\/logo\/image\/"},"sameAs":["\/enterarte.info\/"]},{"@type":"Person","@id":"https:\/\/enterarte.info\/press\/#\/schema\/person\/fa2f105d12625996bb3b7ec9ee879090","name":"cama20","image":{"@type":"ImageObject","inLanguage":"es","@id":"https:\/\/secure.gravatar.com\/avatar\/30240d3fd91f678e10f564ecb18d1f3d74d03864f7653792bea90f91c9965095?s=96&d=mm&r=g","url":"https:\/\/secure.gravatar.com\/avatar\/30240d3fd91f678e10f564ecb18d1f3d74d03864f7653792bea90f91c9965095?s=96&d=mm&r=g","contentUrl":"https:\/\/secure.gravatar.com\/avatar\/30240d3fd91f678e10f564ecb18d1f3d74d03864f7653792bea90f91c9965095?s=96&d=mm&r=g","caption":"cama20"},"url":"https:\/\/enterarte.info\/press\/author\/cama20\/"}]}},"jetpack_publicize_connections":[],"_links":{"self":[{"href":"https:\/\/enterarte.info\/press\/wp-json\/wp\/v2\/posts\/3064","targetHints":{"allow":["GET"]}}],"collection":[{"href":"https:\/\/enterarte.info\/press\/wp-json\/wp\/v2\/posts"}],"about":[{"href":"https:\/\/enterarte.info\/press\/wp-json\/wp\/v2\/types\/post"}],"author":[{"embeddable":true,"href":"https:\/\/enterarte.info\/press\/wp-json\/wp\/v2\/users\/2"}],"replies":[{"embeddable":true,"href":"https:\/\/enterarte.info\/press\/wp-json\/wp\/v2\/comments?post=3064"}],"version-history":[{"count":1,"href":"https:\/\/enterarte.info\/press\/wp-json\/wp\/v2\/posts\/3064\/revisions"}],"predecessor-version":[{"id":3071,"href":"https:\/\/enterarte.info\/press\/wp-json\/wp\/v2\/posts\/3064\/revisions\/3071"}],"wp:featuredmedia":[{"embeddable":true,"href":"https:\/\/enterarte.info\/press\/wp-json\/wp\/v2\/media\/3070"}],"wp:attachment":[{"href":"https:\/\/enterarte.info\/press\/wp-json\/wp\/v2\/media?parent=3064"}],"wp:term":[{"taxonomy":"category","embeddable":true,"href":"https:\/\/enterarte.info\/press\/wp-json\/wp\/v2\/categories?post=3064"},{"taxonomy":"post_tag","embeddable":true,"href":"https:\/\/enterarte.info\/press\/wp-json\/wp\/v2\/tags?post=3064"}],"curies":[{"name":"wp","href":"https:\/\/api.w.org\/{rel}","templated":true}]}}