{"id":2909,"date":"2019-04-04T14:11:59","date_gmt":"2019-04-04T17:11:59","guid":{"rendered":"http:\/\/enterarte.info\/press\/?p=2909"},"modified":"2019-04-04T14:11:59","modified_gmt":"2019-04-04T17:11:59","slug":"murio-alberto-cortez-poeta-le-canto-las-cosas-simples-cotidianas","status":"publish","type":"post","link":"https:\/\/enterarte.info\/press\/murio-alberto-cortez-poeta-le-canto-las-cosas-simples-cotidianas\/","title":{"rendered":"MURI\u00d3 ALBERTO CORTEZ, EL POETA QUE LE CANT\u00d3 A LAS COSAS SIMPLES Y COTIDIANAS"},"content":{"rendered":"<div id=\"articulo-titulares\" class=\"articulo-titulares\">\n<p>El artista de 79 a\u00f1os ten\u00eda alrededor de 40 discos en su haber. Se encontraba internado en Madrid y hab\u00eda cancelado sus conciertos.<\/p>\n<p>Alberto Cortez fue conocido por muchos como \u00abEl gran cantautor de las cosas simples\u00bb.3\u200b Algunas de sus obras m\u00e1s conocidas son: En un rinc\u00f3n del alma, Cuando un amigo se va, Callejero, Mi \u00e1rbol y yo, A partir de ma\u00f1ana, Te llegar\u00e1 una rosa, Castillos en el aire, El abuelo, canci\u00f3n esta \u00faltima que obtuvo un \u00e9xito fenomenal y que fue interpretada tambi\u00e9n por la cantante venezolana Mirla Castellanos. Muchas de sus canciones se basan en hechos y personajes reales o simplemente en sentimientos y adversidades a lo largo de su vida.<\/p>\n<p><iframe loading=\"lazy\" title=\"Alberto Cortez  -  castillos en el aire\" width=\"735\" height=\"551\" src=\"https:\/\/www.youtube.com\/embed\/w7uQFWkVm0s?feature=oembed\" frameborder=\"0\" allow=\"accelerometer; autoplay; clipboard-write; encrypted-media; gyroscope; picture-in-picture; web-share\" allowfullscreen><\/iframe><\/p>\n<p>Fue gran amigo del cantautor Facundo Cabral, con quien se presentaba en ciertas ocasiones cantando obras como No soy de aqu\u00ed ni soy de all\u00e1 y Cuando un amigo se va. En sus conciertos trataban de entrelazar un poco de humor al show. Con veinte a\u00f1os se fue en barco a G\u00e9nova, y de all\u00ed en tren a Amberes, donde grab\u00f3 su primer disco.<\/p>\n<p>Trabajo con otros artistas<br \/>\nDurante su extensa carrera art\u00edstica, Cortez realiz\u00f3 actuaciones y colaboraciones con destacados artistas, tales como Facundo Cabral, con quien grab\u00f3 cuatro discos y realiz\u00f3 exitosas giras por Am\u00e9rica Latina. Junto a Estela Raval grab\u00f3 un disco titulado En un rinc\u00f3n del alma, lo que se tradujo en un gran \u00e9xito. Con Mar\u00eda Dolores Pradera grab\u00f3 a d\u00fao la canci\u00f3n En un rinc\u00f3n del alma para el disco En buena compa\u00f1\u00eda de dicha artista. Grab\u00f3 el tema Distancia con Mercedes Sosa para el disco C\u00f3mplices, lo que deriv\u00f3 en una gira integrada por ambos en 1991. Grab\u00f3 con Ricardo Arjona su tema Mi \u00e1rbol y yo. Tambi\u00e9n grab\u00f3 canciones del director musical espa\u00f1ol Mike Ribas.4\u200b Tambi\u00e9n musicaliz\u00f3 tres canciones grabadas para \u00e1lbumes de Joan Manuel Serrat: Nanas de la cebolla, sobre un poema de Miguel Hern\u00e1ndez,5\u200b Retrato y Las moscas, estas dos \u00faltimas sobre poemas de Antonio Machado.6\u200b7\u200b<\/p>\n<p>\u00abLos dos Albertos\u00bb<\/p>\n<p>Alberto Cortez \u00abEl Original\u00bb denuncia en la prensa portuguesa a Jos\u00e9 Garc\u00eda Gallo.<br \/>\nEn 1960 el joven cantante argentino Jos\u00e9 Alberto Garc\u00eda Gallo lleg\u00f3 a la localidad de Knokke en B\u00e9lgica. All\u00ed, en el Casino Knokke actuaba el cantante peruano Alberto Cortez, posteriormente conocido como \u00abEl Original\u00bb, que en ese momento triunfaba como cantante de m\u00fasica tropical y hab\u00eda grabado varios discos con el nombre \u00abAlberto Cortez\u00bb en Per\u00fa, Venezuela y Espa\u00f1a, tambi\u00e9n hab\u00eda actuado en la inauguraci\u00f3n de la Televisi\u00f3n Espa\u00f1ola (TVE), hab\u00eda participado en la pel\u00edcula \u00abFaustina\u00bb interpretando a un director de orquesta8\u200b y hab\u00eda integrado la Lecuona Cuban Boys con su amigo Bebo Vald\u00e9s.9\u200b<\/p>\n<p>Alberto Cortez \u00abEl Original\u00bb narra en su libro autobiogr\u00e1fico Yo s\u00ed soy Alberto Cortez, Garc\u00eda Gallo inici\u00f3 su carrera art\u00edstica en Europa suplant\u00e1ndolo por lo que el peruano enjuici\u00f3 al cantante argentino y Garc\u00eda Gallo se vio forzado a abandonar B\u00e9lgica.10\u200b En septiembre de 1965 la historia de los dos \u00abAlbertos\u00bb fue un esc\u00e1ndalo medi\u00e1tico en Portugal cuando el peruano denunci\u00f3 como &#8216;suplantador&#8217; a Garc\u00eda Gallo y el argentino ret\u00f3 al peruano a trav\u00e9s de la prensa.11\u200b En 1966, el peruano Alberto Cortez registr\u00f3 en Espa\u00f1a el nombre comercial \u00abAlberto Cortez\u00bb, enjuici\u00f3 al argentino y consigui\u00f3 detener a Garc\u00eda Gallo en Barcelona.12\u200b<\/p>\n<p>Fallecimiento<br \/>\nFalleci\u00f3 por causa de una hemorragia gastrointestinal, el 4 de abril de 2019, en el Hospital Universitario HM Puerta del Sur, en M\u00f3stoles, en la Comunidad de Madrid, Espa\u00f1a, a los 79 a\u00f1os de edad.13<\/p>\n<p>Fuente: wikipedia.org<\/p>\n<p>&nbsp;<\/p>\n<\/div>\n","protected":false},"excerpt":{"rendered":"<p>El artista de 79 a\u00f1os ten\u00eda alrededor de 40 discos en su haber. Se encontraba internado en &hellip; <\/p>\n","protected":false},"author":2,"featured_media":2910,"comment_status":"open","ping_status":"open","sticky":false,"template":"","format":"standard","meta":{"rop_custom_images_group":[],"rop_custom_messages_group":[],"rop_publish_now":"initial","rop_publish_now_accounts":[],"rop_publish_now_history":[],"rop_publish_now_status":"pending","fifu_image_url":"","fifu_image_alt":"","footnotes":"","jetpack_publicize_message":"","jetpack_publicize_feature_enabled":true,"jetpack_social_post_already_shared":true,"jetpack_social_options":{"image_generator_settings":{"template":"highway","default_image_id":0,"font":"","enabled":false},"version":2}},"categories":[6,1],"tags":[],"class_list":["post-2909","post","type-post","status-publish","format-standard","has-post-thumbnail","hentry","category-buenos-aires","category-novedades"],"yoast_head":"<!-- This site is optimized with the Yoast SEO plugin v27.4 - https:\/\/yoast.com\/product\/yoast-seo-wordpress\/ -->\n<title>MURI\u00d3 ALBERTO CORTEZ, EL POETA QUE LE CANT\u00d3 A LAS COSAS SIMPLES Y COTIDIANAS - ENTERARTE<\/title>\n<meta name=\"robots\" content=\"index, follow, max-snippet:-1, max-image-preview:large, max-video-preview:-1\" \/>\n<link rel=\"canonical\" href=\"https:\/\/enterarte.info\/press\/murio-alberto-cortez-poeta-le-canto-las-cosas-simples-cotidianas\/\" \/>\n<meta property=\"og:locale\" content=\"es_ES\" \/>\n<meta property=\"og:type\" content=\"article\" \/>\n<meta property=\"og:title\" content=\"MURI\u00d3 ALBERTO CORTEZ, EL POETA QUE LE CANT\u00d3 A LAS COSAS SIMPLES Y COTIDIANAS - ENTERARTE\" \/>\n<meta property=\"og:description\" content=\"El artista de 79 a\u00f1os ten\u00eda alrededor de 40 discos en su haber. Se encontraba internado en &hellip;\" \/>\n<meta property=\"og:url\" content=\"https:\/\/enterarte.info\/press\/murio-alberto-cortez-poeta-le-canto-las-cosas-simples-cotidianas\/\" \/>\n<meta property=\"og:site_name\" content=\"ENTERARTE\" \/>\n<meta property=\"article:publisher\" content=\"\/enterarte.info\/\" \/>\n<meta property=\"article:published_time\" content=\"2019-04-04T17:11:59+00:00\" \/>\n<meta property=\"og:image\" content=\"https:\/\/enterarte.info\/press\/wp-content\/uploads\/2019\/04\/2019-04-04-cortez2.jpg\" \/>\n\t<meta property=\"og:image:width\" content=\"660\" \/>\n\t<meta property=\"og:image:height\" content=\"371\" \/>\n\t<meta property=\"og:image:type\" content=\"image\/jpeg\" \/>\n<meta name=\"author\" content=\"cama20\" \/>\n<meta name=\"twitter:card\" content=\"summary_large_image\" \/>\n<meta name=\"twitter:label1\" content=\"Escrito por\" \/>\n\t<meta name=\"twitter:data1\" content=\"cama20\" \/>\n\t<meta name=\"twitter:label2\" content=\"Tiempo de lectura\" \/>\n\t<meta name=\"twitter:data2\" content=\"3 minutos\" \/>\n<script type=\"application\/ld+json\" class=\"yoast-schema-graph\">{\"@context\":\"https:\\\/\\\/schema.org\",\"@graph\":[{\"@type\":\"Article\",\"@id\":\"https:\\\/\\\/enterarte.info\\\/press\\\/murio-alberto-cortez-poeta-le-canto-las-cosas-simples-cotidianas\\\/#article\",\"isPartOf\":{\"@id\":\"https:\\\/\\\/enterarte.info\\\/press\\\/murio-alberto-cortez-poeta-le-canto-las-cosas-simples-cotidianas\\\/\"},\"author\":{\"name\":\"cama20\",\"@id\":\"https:\\\/\\\/enterarte.info\\\/press\\\/#\\\/schema\\\/person\\\/fa2f105d12625996bb3b7ec9ee879090\"},\"headline\":\"MURI\u00d3 ALBERTO CORTEZ, EL POETA QUE LE CANT\u00d3 A LAS COSAS SIMPLES Y COTIDIANAS\",\"datePublished\":\"2019-04-04T17:11:59+00:00\",\"mainEntityOfPage\":{\"@id\":\"https:\\\/\\\/enterarte.info\\\/press\\\/murio-alberto-cortez-poeta-le-canto-las-cosas-simples-cotidianas\\\/\"},\"wordCount\":649,\"commentCount\":0,\"publisher\":{\"@id\":\"https:\\\/\\\/enterarte.info\\\/press\\\/#organization\"},\"image\":{\"@id\":\"https:\\\/\\\/enterarte.info\\\/press\\\/murio-alberto-cortez-poeta-le-canto-las-cosas-simples-cotidianas\\\/#primaryimage\"},\"thumbnailUrl\":\"https:\\\/\\\/enterarte.info\\\/press\\\/wp-content\\\/uploads\\\/2019\\\/04\\\/2019-04-04-cortez2.jpg\",\"articleSection\":[\"Buenos Aires\",\"Novedades\"],\"inLanguage\":\"es\",\"potentialAction\":[{\"@type\":\"CommentAction\",\"name\":\"Comment\",\"target\":[\"https:\\\/\\\/enterarte.info\\\/press\\\/murio-alberto-cortez-poeta-le-canto-las-cosas-simples-cotidianas\\\/#respond\"]}]},{\"@type\":\"WebPage\",\"@id\":\"https:\\\/\\\/enterarte.info\\\/press\\\/murio-alberto-cortez-poeta-le-canto-las-cosas-simples-cotidianas\\\/\",\"url\":\"https:\\\/\\\/enterarte.info\\\/press\\\/murio-alberto-cortez-poeta-le-canto-las-cosas-simples-cotidianas\\\/\",\"name\":\"MURI\u00d3 ALBERTO CORTEZ, EL POETA QUE LE CANT\u00d3 A LAS COSAS SIMPLES Y COTIDIANAS - ENTERARTE\",\"isPartOf\":{\"@id\":\"https:\\\/\\\/enterarte.info\\\/press\\\/#website\"},\"primaryImageOfPage\":{\"@id\":\"https:\\\/\\\/enterarte.info\\\/press\\\/murio-alberto-cortez-poeta-le-canto-las-cosas-simples-cotidianas\\\/#primaryimage\"},\"image\":{\"@id\":\"https:\\\/\\\/enterarte.info\\\/press\\\/murio-alberto-cortez-poeta-le-canto-las-cosas-simples-cotidianas\\\/#primaryimage\"},\"thumbnailUrl\":\"https:\\\/\\\/enterarte.info\\\/press\\\/wp-content\\\/uploads\\\/2019\\\/04\\\/2019-04-04-cortez2.jpg\",\"datePublished\":\"2019-04-04T17:11:59+00:00\",\"inLanguage\":\"es\",\"potentialAction\":[{\"@type\":\"ReadAction\",\"target\":[\"https:\\\/\\\/enterarte.info\\\/press\\\/murio-alberto-cortez-poeta-le-canto-las-cosas-simples-cotidianas\\\/\"]}]},{\"@type\":\"ImageObject\",\"inLanguage\":\"es\",\"@id\":\"https:\\\/\\\/enterarte.info\\\/press\\\/murio-alberto-cortez-poeta-le-canto-las-cosas-simples-cotidianas\\\/#primaryimage\",\"url\":\"https:\\\/\\\/enterarte.info\\\/press\\\/wp-content\\\/uploads\\\/2019\\\/04\\\/2019-04-04-cortez2.jpg\",\"contentUrl\":\"https:\\\/\\\/enterarte.info\\\/press\\\/wp-content\\\/uploads\\\/2019\\\/04\\\/2019-04-04-cortez2.jpg\",\"width\":660,\"height\":371},{\"@type\":\"WebSite\",\"@id\":\"https:\\\/\\\/enterarte.info\\\/press\\\/#website\",\"url\":\"https:\\\/\\\/enterarte.info\\\/press\\\/\",\"name\":\"ENTERARTE\",\"description\":\"Cuando el arte y la inform\u00e1tica son  uno\",\"publisher\":{\"@id\":\"https:\\\/\\\/enterarte.info\\\/press\\\/#organization\"},\"potentialAction\":[{\"@type\":\"SearchAction\",\"target\":{\"@type\":\"EntryPoint\",\"urlTemplate\":\"https:\\\/\\\/enterarte.info\\\/press\\\/?s={search_term_string}\"},\"query-input\":{\"@type\":\"PropertyValueSpecification\",\"valueRequired\":true,\"valueName\":\"search_term_string\"}}],\"inLanguage\":\"es\"},{\"@type\":\"Organization\",\"@id\":\"https:\\\/\\\/enterarte.info\\\/press\\\/#organization\",\"name\":\"ENTERARTE\",\"url\":\"https:\\\/\\\/enterarte.info\\\/press\\\/\",\"logo\":{\"@type\":\"ImageObject\",\"inLanguage\":\"es\",\"@id\":\"https:\\\/\\\/enterarte.info\\\/press\\\/#\\\/schema\\\/logo\\\/image\\\/\",\"url\":\"http:\\\/\\\/enterarte.info\\\/press\\\/wp-content\\\/uploads\\\/2017\\\/09\\\/cabezal_fondo_celeste_final_910.png\",\"contentUrl\":\"http:\\\/\\\/enterarte.info\\\/press\\\/wp-content\\\/uploads\\\/2017\\\/09\\\/cabezal_fondo_celeste_final_910.png\",\"width\":910,\"height\":205,\"caption\":\"ENTERARTE\"},\"image\":{\"@id\":\"https:\\\/\\\/enterarte.info\\\/press\\\/#\\\/schema\\\/logo\\\/image\\\/\"},\"sameAs\":[\"\\\/enterarte.info\\\/\"]},{\"@type\":\"Person\",\"@id\":\"https:\\\/\\\/enterarte.info\\\/press\\\/#\\\/schema\\\/person\\\/fa2f105d12625996bb3b7ec9ee879090\",\"name\":\"cama20\",\"image\":{\"@type\":\"ImageObject\",\"inLanguage\":\"es\",\"@id\":\"https:\\\/\\\/secure.gravatar.com\\\/avatar\\\/30240d3fd91f678e10f564ecb18d1f3d74d03864f7653792bea90f91c9965095?s=96&d=mm&r=g\",\"url\":\"https:\\\/\\\/secure.gravatar.com\\\/avatar\\\/30240d3fd91f678e10f564ecb18d1f3d74d03864f7653792bea90f91c9965095?s=96&d=mm&r=g\",\"contentUrl\":\"https:\\\/\\\/secure.gravatar.com\\\/avatar\\\/30240d3fd91f678e10f564ecb18d1f3d74d03864f7653792bea90f91c9965095?s=96&d=mm&r=g\",\"caption\":\"cama20\"},\"url\":\"https:\\\/\\\/enterarte.info\\\/press\\\/author\\\/cama20\\\/\"}]}<\/script>\n<!-- \/ Yoast SEO plugin. -->","yoast_head_json":{"title":"MURI\u00d3 ALBERTO CORTEZ, EL POETA QUE LE CANT\u00d3 A LAS COSAS SIMPLES Y COTIDIANAS - ENTERARTE","robots":{"index":"index","follow":"follow","max-snippet":"max-snippet:-1","max-image-preview":"max-image-preview:large","max-video-preview":"max-video-preview:-1"},"canonical":"https:\/\/enterarte.info\/press\/murio-alberto-cortez-poeta-le-canto-las-cosas-simples-cotidianas\/","og_locale":"es_ES","og_type":"article","og_title":"MURI\u00d3 ALBERTO CORTEZ, EL POETA QUE LE CANT\u00d3 A LAS COSAS SIMPLES Y COTIDIANAS - ENTERARTE","og_description":"El artista de 79 a\u00f1os ten\u00eda alrededor de 40 discos en su haber. Se encontraba internado en &hellip;","og_url":"https:\/\/enterarte.info\/press\/murio-alberto-cortez-poeta-le-canto-las-cosas-simples-cotidianas\/","og_site_name":"ENTERARTE","article_publisher":"\/enterarte.info\/","article_published_time":"2019-04-04T17:11:59+00:00","og_image":[{"width":660,"height":371,"url":"https:\/\/enterarte.info\/press\/wp-content\/uploads\/2019\/04\/2019-04-04-cortez2.jpg","type":"image\/jpeg"}],"author":"cama20","twitter_card":"summary_large_image","twitter_misc":{"Escrito por":"cama20","Tiempo de lectura":"3 minutos"},"schema":{"@context":"https:\/\/schema.org","@graph":[{"@type":"Article","@id":"https:\/\/enterarte.info\/press\/murio-alberto-cortez-poeta-le-canto-las-cosas-simples-cotidianas\/#article","isPartOf":{"@id":"https:\/\/enterarte.info\/press\/murio-alberto-cortez-poeta-le-canto-las-cosas-simples-cotidianas\/"},"author":{"name":"cama20","@id":"https:\/\/enterarte.info\/press\/#\/schema\/person\/fa2f105d12625996bb3b7ec9ee879090"},"headline":"MURI\u00d3 ALBERTO CORTEZ, EL POETA QUE LE CANT\u00d3 A LAS COSAS SIMPLES Y COTIDIANAS","datePublished":"2019-04-04T17:11:59+00:00","mainEntityOfPage":{"@id":"https:\/\/enterarte.info\/press\/murio-alberto-cortez-poeta-le-canto-las-cosas-simples-cotidianas\/"},"wordCount":649,"commentCount":0,"publisher":{"@id":"https:\/\/enterarte.info\/press\/#organization"},"image":{"@id":"https:\/\/enterarte.info\/press\/murio-alberto-cortez-poeta-le-canto-las-cosas-simples-cotidianas\/#primaryimage"},"thumbnailUrl":"https:\/\/enterarte.info\/press\/wp-content\/uploads\/2019\/04\/2019-04-04-cortez2.jpg","articleSection":["Buenos Aires","Novedades"],"inLanguage":"es","potentialAction":[{"@type":"CommentAction","name":"Comment","target":["https:\/\/enterarte.info\/press\/murio-alberto-cortez-poeta-le-canto-las-cosas-simples-cotidianas\/#respond"]}]},{"@type":"WebPage","@id":"https:\/\/enterarte.info\/press\/murio-alberto-cortez-poeta-le-canto-las-cosas-simples-cotidianas\/","url":"https:\/\/enterarte.info\/press\/murio-alberto-cortez-poeta-le-canto-las-cosas-simples-cotidianas\/","name":"MURI\u00d3 ALBERTO CORTEZ, EL POETA QUE LE CANT\u00d3 A LAS COSAS SIMPLES Y COTIDIANAS - ENTERARTE","isPartOf":{"@id":"https:\/\/enterarte.info\/press\/#website"},"primaryImageOfPage":{"@id":"https:\/\/enterarte.info\/press\/murio-alberto-cortez-poeta-le-canto-las-cosas-simples-cotidianas\/#primaryimage"},"image":{"@id":"https:\/\/enterarte.info\/press\/murio-alberto-cortez-poeta-le-canto-las-cosas-simples-cotidianas\/#primaryimage"},"thumbnailUrl":"https:\/\/enterarte.info\/press\/wp-content\/uploads\/2019\/04\/2019-04-04-cortez2.jpg","datePublished":"2019-04-04T17:11:59+00:00","inLanguage":"es","potentialAction":[{"@type":"ReadAction","target":["https:\/\/enterarte.info\/press\/murio-alberto-cortez-poeta-le-canto-las-cosas-simples-cotidianas\/"]}]},{"@type":"ImageObject","inLanguage":"es","@id":"https:\/\/enterarte.info\/press\/murio-alberto-cortez-poeta-le-canto-las-cosas-simples-cotidianas\/#primaryimage","url":"https:\/\/enterarte.info\/press\/wp-content\/uploads\/2019\/04\/2019-04-04-cortez2.jpg","contentUrl":"https:\/\/enterarte.info\/press\/wp-content\/uploads\/2019\/04\/2019-04-04-cortez2.jpg","width":660,"height":371},{"@type":"WebSite","@id":"https:\/\/enterarte.info\/press\/#website","url":"https:\/\/enterarte.info\/press\/","name":"ENTERARTE","description":"Cuando el arte y la inform\u00e1tica son  uno","publisher":{"@id":"https:\/\/enterarte.info\/press\/#organization"},"potentialAction":[{"@type":"SearchAction","target":{"@type":"EntryPoint","urlTemplate":"https:\/\/enterarte.info\/press\/?s={search_term_string}"},"query-input":{"@type":"PropertyValueSpecification","valueRequired":true,"valueName":"search_term_string"}}],"inLanguage":"es"},{"@type":"Organization","@id":"https:\/\/enterarte.info\/press\/#organization","name":"ENTERARTE","url":"https:\/\/enterarte.info\/press\/","logo":{"@type":"ImageObject","inLanguage":"es","@id":"https:\/\/enterarte.info\/press\/#\/schema\/logo\/image\/","url":"http:\/\/enterarte.info\/press\/wp-content\/uploads\/2017\/09\/cabezal_fondo_celeste_final_910.png","contentUrl":"http:\/\/enterarte.info\/press\/wp-content\/uploads\/2017\/09\/cabezal_fondo_celeste_final_910.png","width":910,"height":205,"caption":"ENTERARTE"},"image":{"@id":"https:\/\/enterarte.info\/press\/#\/schema\/logo\/image\/"},"sameAs":["\/enterarte.info\/"]},{"@type":"Person","@id":"https:\/\/enterarte.info\/press\/#\/schema\/person\/fa2f105d12625996bb3b7ec9ee879090","name":"cama20","image":{"@type":"ImageObject","inLanguage":"es","@id":"https:\/\/secure.gravatar.com\/avatar\/30240d3fd91f678e10f564ecb18d1f3d74d03864f7653792bea90f91c9965095?s=96&d=mm&r=g","url":"https:\/\/secure.gravatar.com\/avatar\/30240d3fd91f678e10f564ecb18d1f3d74d03864f7653792bea90f91c9965095?s=96&d=mm&r=g","contentUrl":"https:\/\/secure.gravatar.com\/avatar\/30240d3fd91f678e10f564ecb18d1f3d74d03864f7653792bea90f91c9965095?s=96&d=mm&r=g","caption":"cama20"},"url":"https:\/\/enterarte.info\/press\/author\/cama20\/"}]}},"jetpack_publicize_connections":[],"_links":{"self":[{"href":"https:\/\/enterarte.info\/press\/wp-json\/wp\/v2\/posts\/2909","targetHints":{"allow":["GET"]}}],"collection":[{"href":"https:\/\/enterarte.info\/press\/wp-json\/wp\/v2\/posts"}],"about":[{"href":"https:\/\/enterarte.info\/press\/wp-json\/wp\/v2\/types\/post"}],"author":[{"embeddable":true,"href":"https:\/\/enterarte.info\/press\/wp-json\/wp\/v2\/users\/2"}],"replies":[{"embeddable":true,"href":"https:\/\/enterarte.info\/press\/wp-json\/wp\/v2\/comments?post=2909"}],"version-history":[{"count":1,"href":"https:\/\/enterarte.info\/press\/wp-json\/wp\/v2\/posts\/2909\/revisions"}],"predecessor-version":[{"id":2911,"href":"https:\/\/enterarte.info\/press\/wp-json\/wp\/v2\/posts\/2909\/revisions\/2911"}],"wp:featuredmedia":[{"embeddable":true,"href":"https:\/\/enterarte.info\/press\/wp-json\/wp\/v2\/media\/2910"}],"wp:attachment":[{"href":"https:\/\/enterarte.info\/press\/wp-json\/wp\/v2\/media?parent=2909"}],"wp:term":[{"taxonomy":"category","embeddable":true,"href":"https:\/\/enterarte.info\/press\/wp-json\/wp\/v2\/categories?post=2909"},{"taxonomy":"post_tag","embeddable":true,"href":"https:\/\/enterarte.info\/press\/wp-json\/wp\/v2\/tags?post=2909"}],"curies":[{"name":"wp","href":"https:\/\/api.w.org\/{rel}","templated":true}]}}