{"id":2417,"date":"2018-11-14T16:15:42","date_gmt":"2018-11-14T19:15:42","guid":{"rendered":"http:\/\/enterarte.info\/press\/?p=2417"},"modified":"2018-11-14T16:15:42","modified_gmt":"2018-11-14T19:15:42","slug":"sesion-fotografica-la-marquesina-la-jaula-las-locas-musical","status":"publish","type":"post","link":"https:\/\/enterarte.info\/press\/sesion-fotografica-la-marquesina-la-jaula-las-locas-musical\/","title":{"rendered":"Sesi\u00f3n fotogr\u00e1fica para la\u00a0 marquesina de \u00abLA JAULA DE LAS LOCAS\u00bb,\u00a0\u00a0El Musical."},"content":{"rendered":"<div dir=\"auto\">Enterarte dijo presente en la sesi\u00f3n fotogr\u00e1fica para la\u00a0 marquesina de \u00abLA JAULA DE LAS LOCAS\u00bb,\u00a0\u00a0El Musical.<\/div>\n<div dir=\"auto\">MAR DEL PLATA 2019.<\/div>\n<div dir=\"auto\"><\/div>\n<div dir=\"auto\">\u00a0Ra\u00fal Lavi\u00e9, Cecilia Milone, Nito Artaza,\u00a0 Juan Manuel Artaza.<\/div>\n<div dir=\"auto\"><\/div>\n<div dir=\"auto\">Junto a un gran elenco Ariel Pastochi,Franco Rau, Nando Jos\u00e9, Bel\u00e9n Di Giorgio, Gero Arias, Bruno Bertoli, Mariela L\u00f3pez\u00a0 \u00a0Brown, Vicky Dolam, Estefania Pastochi.<\/div>\n<div dir=\"auto\"><\/div>\n<div dir=\"auto\">\n<div dir=\"auto\">\u00a0Direcci\u00f3n: Cecilia Milone<\/div>\n<div dir=\"auto\">\u00a0Producci\u00f3n: Nito Artaza y Sol Producciones.<\/div>\n<div dir=\"auto\"><\/div>\n<\/div>\n<div dir=\"auto\">\u00a0Estreno el 21 de Diciembre en el Teatro Mar del Plata.<\/div>\n<div dir=\"auto\"><\/div>\n<div dir=\"auto\">\u00a0Estudio H, sesi\u00f3n Fotogr\u00e1fica Lissandro\u00a0 Kaell<\/div>\n<div dir=\"auto\"><\/div>\n<div dir=\"auto\">\u00a0Agradecimientos Prensa y Difusi\u00f3n\u00a0 \u00a0Maxi Cardaci. Noe Cardaci. Silvina Puga.<\/div>\n<div dir=\"auto\"><\/div>\n<div dir=\"auto\">\u00a0Invitamos a todo el litoral Argentino\u00a0 \u00a0Uruguayo.<\/div>\n<div dir=\"auto\"><\/div>\n<div dir=\"auto\">\u00a0Ely Prensa Buenos Aires Argentina.<\/div>\n<div dir=\"auto\"><a href=\"https:\/\/enterarte.info\/press\/wp-content\/uploads\/2018\/11\/FB_IMG_1542129385951.jpg\"><img loading=\"lazy\" decoding=\"async\" class=\"alignnone size-full wp-image-2419\" src=\"https:\/\/enterarte.info\/press\/wp-content\/uploads\/2018\/11\/FB_IMG_1542129385951.jpg\" alt=\"\" width=\"720\" height=\"588\" srcset=\"https:\/\/enterarte.info\/press\/wp-content\/uploads\/2018\/11\/FB_IMG_1542129385951.jpg 720w, https:\/\/enterarte.info\/press\/wp-content\/uploads\/2018\/11\/FB_IMG_1542129385951-300x245.jpg 300w\" sizes=\"auto, (max-width: 720px) 100vw, 720px\" \/><\/a><\/div>\n<div dir=\"auto\"><\/div>\n<div class=\"yj6qo\"><\/div>\n","protected":false},"excerpt":{"rendered":"<p>Enterarte dijo presente en la sesi\u00f3n fotogr\u00e1fica para la\u00a0 marquesina de \u00abLA JAULA DE LAS LOCAS\u00bb,\u00a0\u00a0El Musical. &hellip; <\/p>\n","protected":false},"author":5,"featured_media":2418,"comment_status":"open","ping_status":"open","sticky":false,"template":"","format":"standard","meta":{"rop_custom_images_group":[],"rop_custom_messages_group":[],"rop_publish_now":"initial","rop_publish_now_accounts":[],"rop_publish_now_history":[],"rop_publish_now_status":"pending","fifu_image_url":"","fifu_image_alt":"","footnotes":"","jetpack_publicize_message":"","jetpack_publicize_feature_enabled":true,"jetpack_social_post_already_shared":true,"jetpack_social_options":{"image_generator_settings":{"template":"highway","default_image_id":0,"font":"","enabled":false},"version":2}},"categories":[6,1],"tags":[],"class_list":["post-2417","post","type-post","status-publish","format-standard","has-post-thumbnail","hentry","category-buenos-aires","category-novedades"],"yoast_head":"<!-- This site is optimized with the Yoast SEO plugin v27.4 - https:\/\/yoast.com\/product\/yoast-seo-wordpress\/ -->\n<title>Sesi\u00f3n fotogr\u00e1fica para la\u00a0 marquesina de &quot;LA JAULA DE LAS LOCAS&quot;,\u00a0\u00a0El Musical. - ENTERARTE<\/title>\n<meta name=\"robots\" content=\"index, follow, max-snippet:-1, max-image-preview:large, max-video-preview:-1\" \/>\n<link rel=\"canonical\" href=\"https:\/\/enterarte.info\/press\/sesion-fotografica-la-marquesina-la-jaula-las-locas-musical\/\" \/>\n<meta property=\"og:locale\" content=\"es_ES\" \/>\n<meta property=\"og:type\" content=\"article\" \/>\n<meta property=\"og:title\" content=\"Sesi\u00f3n fotogr\u00e1fica para la\u00a0 marquesina de &quot;LA JAULA DE LAS LOCAS&quot;,\u00a0\u00a0El Musical. - ENTERARTE\" \/>\n<meta property=\"og:description\" content=\"Enterarte dijo presente en la sesi\u00f3n fotogr\u00e1fica para la\u00a0 marquesina de \u00abLA JAULA DE LAS LOCAS\u00bb,\u00a0\u00a0El Musical. &hellip;\" \/>\n<meta property=\"og:url\" content=\"https:\/\/enterarte.info\/press\/sesion-fotografica-la-marquesina-la-jaula-las-locas-musical\/\" \/>\n<meta property=\"og:site_name\" content=\"ENTERARTE\" \/>\n<meta property=\"article:publisher\" content=\"\/enterarte.info\/\" \/>\n<meta property=\"article:published_time\" content=\"2018-11-14T19:15:42+00:00\" \/>\n<meta property=\"og:image\" content=\"https:\/\/enterarte.info\/press\/wp-content\/uploads\/2018\/11\/FB_IMG_1542112029987.jpg\" \/>\n\t<meta property=\"og:image:width\" content=\"615\" \/>\n\t<meta property=\"og:image:height\" content=\"435\" \/>\n\t<meta property=\"og:image:type\" content=\"image\/jpeg\" \/>\n<meta name=\"author\" content=\"Virginia Vega\" \/>\n<meta name=\"twitter:card\" content=\"summary_large_image\" \/>\n<meta name=\"twitter:label1\" content=\"Escrito por\" \/>\n\t<meta name=\"twitter:data1\" content=\"Virginia Vega\" \/>\n\t<meta name=\"twitter:label2\" content=\"Tiempo de lectura\" \/>\n\t<meta name=\"twitter:data2\" content=\"1 minuto\" \/>\n<script type=\"application\/ld+json\" class=\"yoast-schema-graph\">{\"@context\":\"https:\\\/\\\/schema.org\",\"@graph\":[{\"@type\":\"Article\",\"@id\":\"https:\\\/\\\/enterarte.info\\\/press\\\/sesion-fotografica-la-marquesina-la-jaula-las-locas-musical\\\/#article\",\"isPartOf\":{\"@id\":\"https:\\\/\\\/enterarte.info\\\/press\\\/sesion-fotografica-la-marquesina-la-jaula-las-locas-musical\\\/\"},\"author\":{\"name\":\"Virginia Vega\",\"@id\":\"https:\\\/\\\/enterarte.info\\\/press\\\/#\\\/schema\\\/person\\\/390c3cc4b651385ec56aa36c7ac48dda\"},\"headline\":\"Sesi\u00f3n fotogr\u00e1fica para la\u00a0 marquesina de \u00abLA JAULA DE LAS LOCAS\u00bb,\u00a0\u00a0El Musical.\",\"datePublished\":\"2018-11-14T19:15:42+00:00\",\"mainEntityOfPage\":{\"@id\":\"https:\\\/\\\/enterarte.info\\\/press\\\/sesion-fotografica-la-marquesina-la-jaula-las-locas-musical\\\/\"},\"wordCount\":127,\"commentCount\":0,\"publisher\":{\"@id\":\"https:\\\/\\\/enterarte.info\\\/press\\\/#organization\"},\"image\":{\"@id\":\"https:\\\/\\\/enterarte.info\\\/press\\\/sesion-fotografica-la-marquesina-la-jaula-las-locas-musical\\\/#primaryimage\"},\"thumbnailUrl\":\"https:\\\/\\\/enterarte.info\\\/press\\\/wp-content\\\/uploads\\\/2018\\\/11\\\/FB_IMG_1542112029987.jpg\",\"articleSection\":[\"Buenos Aires\",\"Novedades\"],\"inLanguage\":\"es\",\"potentialAction\":[{\"@type\":\"CommentAction\",\"name\":\"Comment\",\"target\":[\"https:\\\/\\\/enterarte.info\\\/press\\\/sesion-fotografica-la-marquesina-la-jaula-las-locas-musical\\\/#respond\"]}]},{\"@type\":\"WebPage\",\"@id\":\"https:\\\/\\\/enterarte.info\\\/press\\\/sesion-fotografica-la-marquesina-la-jaula-las-locas-musical\\\/\",\"url\":\"https:\\\/\\\/enterarte.info\\\/press\\\/sesion-fotografica-la-marquesina-la-jaula-las-locas-musical\\\/\",\"name\":\"Sesi\u00f3n fotogr\u00e1fica para la\u00a0 marquesina de \\\"LA JAULA DE LAS LOCAS\\\",\u00a0\u00a0El Musical. - ENTERARTE\",\"isPartOf\":{\"@id\":\"https:\\\/\\\/enterarte.info\\\/press\\\/#website\"},\"primaryImageOfPage\":{\"@id\":\"https:\\\/\\\/enterarte.info\\\/press\\\/sesion-fotografica-la-marquesina-la-jaula-las-locas-musical\\\/#primaryimage\"},\"image\":{\"@id\":\"https:\\\/\\\/enterarte.info\\\/press\\\/sesion-fotografica-la-marquesina-la-jaula-las-locas-musical\\\/#primaryimage\"},\"thumbnailUrl\":\"https:\\\/\\\/enterarte.info\\\/press\\\/wp-content\\\/uploads\\\/2018\\\/11\\\/FB_IMG_1542112029987.jpg\",\"datePublished\":\"2018-11-14T19:15:42+00:00\",\"inLanguage\":\"es\",\"potentialAction\":[{\"@type\":\"ReadAction\",\"target\":[\"https:\\\/\\\/enterarte.info\\\/press\\\/sesion-fotografica-la-marquesina-la-jaula-las-locas-musical\\\/\"]}]},{\"@type\":\"ImageObject\",\"inLanguage\":\"es\",\"@id\":\"https:\\\/\\\/enterarte.info\\\/press\\\/sesion-fotografica-la-marquesina-la-jaula-las-locas-musical\\\/#primaryimage\",\"url\":\"https:\\\/\\\/enterarte.info\\\/press\\\/wp-content\\\/uploads\\\/2018\\\/11\\\/FB_IMG_1542112029987.jpg\",\"contentUrl\":\"https:\\\/\\\/enterarte.info\\\/press\\\/wp-content\\\/uploads\\\/2018\\\/11\\\/FB_IMG_1542112029987.jpg\",\"width\":615,\"height\":435},{\"@type\":\"WebSite\",\"@id\":\"https:\\\/\\\/enterarte.info\\\/press\\\/#website\",\"url\":\"https:\\\/\\\/enterarte.info\\\/press\\\/\",\"name\":\"ENTERARTE\",\"description\":\"Cuando el arte y la inform\u00e1tica son  uno\",\"publisher\":{\"@id\":\"https:\\\/\\\/enterarte.info\\\/press\\\/#organization\"},\"potentialAction\":[{\"@type\":\"SearchAction\",\"target\":{\"@type\":\"EntryPoint\",\"urlTemplate\":\"https:\\\/\\\/enterarte.info\\\/press\\\/?s={search_term_string}\"},\"query-input\":{\"@type\":\"PropertyValueSpecification\",\"valueRequired\":true,\"valueName\":\"search_term_string\"}}],\"inLanguage\":\"es\"},{\"@type\":\"Organization\",\"@id\":\"https:\\\/\\\/enterarte.info\\\/press\\\/#organization\",\"name\":\"ENTERARTE\",\"url\":\"https:\\\/\\\/enterarte.info\\\/press\\\/\",\"logo\":{\"@type\":\"ImageObject\",\"inLanguage\":\"es\",\"@id\":\"https:\\\/\\\/enterarte.info\\\/press\\\/#\\\/schema\\\/logo\\\/image\\\/\",\"url\":\"http:\\\/\\\/enterarte.info\\\/press\\\/wp-content\\\/uploads\\\/2017\\\/09\\\/cabezal_fondo_celeste_final_910.png\",\"contentUrl\":\"http:\\\/\\\/enterarte.info\\\/press\\\/wp-content\\\/uploads\\\/2017\\\/09\\\/cabezal_fondo_celeste_final_910.png\",\"width\":910,\"height\":205,\"caption\":\"ENTERARTE\"},\"image\":{\"@id\":\"https:\\\/\\\/enterarte.info\\\/press\\\/#\\\/schema\\\/logo\\\/image\\\/\"},\"sameAs\":[\"\\\/enterarte.info\\\/\"]},{\"@type\":\"Person\",\"@id\":\"https:\\\/\\\/enterarte.info\\\/press\\\/#\\\/schema\\\/person\\\/390c3cc4b651385ec56aa36c7ac48dda\",\"name\":\"Virginia Vega\",\"image\":{\"@type\":\"ImageObject\",\"inLanguage\":\"es\",\"@id\":\"https:\\\/\\\/secure.gravatar.com\\\/avatar\\\/7ddcd10020d53de62ad0fefe7655bb0f47c6344e827b2ad5669724599ad0e4c2?s=96&d=mm&r=g\",\"url\":\"https:\\\/\\\/secure.gravatar.com\\\/avatar\\\/7ddcd10020d53de62ad0fefe7655bb0f47c6344e827b2ad5669724599ad0e4c2?s=96&d=mm&r=g\",\"contentUrl\":\"https:\\\/\\\/secure.gravatar.com\\\/avatar\\\/7ddcd10020d53de62ad0fefe7655bb0f47c6344e827b2ad5669724599ad0e4c2?s=96&d=mm&r=g\",\"caption\":\"Virginia Vega\"},\"sameAs\":[\"http:\\\/\\\/enterarte.info\"],\"url\":\"https:\\\/\\\/enterarte.info\\\/press\\\/author\\\/vicky\\\/\"}]}<\/script>\n<!-- \/ Yoast SEO plugin. -->","yoast_head_json":{"title":"Sesi\u00f3n fotogr\u00e1fica para la\u00a0 marquesina de \"LA JAULA DE LAS LOCAS\",\u00a0\u00a0El Musical. - ENTERARTE","robots":{"index":"index","follow":"follow","max-snippet":"max-snippet:-1","max-image-preview":"max-image-preview:large","max-video-preview":"max-video-preview:-1"},"canonical":"https:\/\/enterarte.info\/press\/sesion-fotografica-la-marquesina-la-jaula-las-locas-musical\/","og_locale":"es_ES","og_type":"article","og_title":"Sesi\u00f3n fotogr\u00e1fica para la\u00a0 marquesina de \"LA JAULA DE LAS LOCAS\",\u00a0\u00a0El Musical. - ENTERARTE","og_description":"Enterarte dijo presente en la sesi\u00f3n fotogr\u00e1fica para la\u00a0 marquesina de \u00abLA JAULA DE LAS LOCAS\u00bb,\u00a0\u00a0El Musical. &hellip;","og_url":"https:\/\/enterarte.info\/press\/sesion-fotografica-la-marquesina-la-jaula-las-locas-musical\/","og_site_name":"ENTERARTE","article_publisher":"\/enterarte.info\/","article_published_time":"2018-11-14T19:15:42+00:00","og_image":[{"width":615,"height":435,"url":"https:\/\/enterarte.info\/press\/wp-content\/uploads\/2018\/11\/FB_IMG_1542112029987.jpg","type":"image\/jpeg"}],"author":"Virginia Vega","twitter_card":"summary_large_image","twitter_misc":{"Escrito por":"Virginia Vega","Tiempo de lectura":"1 minuto"},"schema":{"@context":"https:\/\/schema.org","@graph":[{"@type":"Article","@id":"https:\/\/enterarte.info\/press\/sesion-fotografica-la-marquesina-la-jaula-las-locas-musical\/#article","isPartOf":{"@id":"https:\/\/enterarte.info\/press\/sesion-fotografica-la-marquesina-la-jaula-las-locas-musical\/"},"author":{"name":"Virginia Vega","@id":"https:\/\/enterarte.info\/press\/#\/schema\/person\/390c3cc4b651385ec56aa36c7ac48dda"},"headline":"Sesi\u00f3n fotogr\u00e1fica para la\u00a0 marquesina de \u00abLA JAULA DE LAS LOCAS\u00bb,\u00a0\u00a0El Musical.","datePublished":"2018-11-14T19:15:42+00:00","mainEntityOfPage":{"@id":"https:\/\/enterarte.info\/press\/sesion-fotografica-la-marquesina-la-jaula-las-locas-musical\/"},"wordCount":127,"commentCount":0,"publisher":{"@id":"https:\/\/enterarte.info\/press\/#organization"},"image":{"@id":"https:\/\/enterarte.info\/press\/sesion-fotografica-la-marquesina-la-jaula-las-locas-musical\/#primaryimage"},"thumbnailUrl":"https:\/\/enterarte.info\/press\/wp-content\/uploads\/2018\/11\/FB_IMG_1542112029987.jpg","articleSection":["Buenos Aires","Novedades"],"inLanguage":"es","potentialAction":[{"@type":"CommentAction","name":"Comment","target":["https:\/\/enterarte.info\/press\/sesion-fotografica-la-marquesina-la-jaula-las-locas-musical\/#respond"]}]},{"@type":"WebPage","@id":"https:\/\/enterarte.info\/press\/sesion-fotografica-la-marquesina-la-jaula-las-locas-musical\/","url":"https:\/\/enterarte.info\/press\/sesion-fotografica-la-marquesina-la-jaula-las-locas-musical\/","name":"Sesi\u00f3n fotogr\u00e1fica para la\u00a0 marquesina de \"LA JAULA DE LAS LOCAS\",\u00a0\u00a0El Musical. - ENTERARTE","isPartOf":{"@id":"https:\/\/enterarte.info\/press\/#website"},"primaryImageOfPage":{"@id":"https:\/\/enterarte.info\/press\/sesion-fotografica-la-marquesina-la-jaula-las-locas-musical\/#primaryimage"},"image":{"@id":"https:\/\/enterarte.info\/press\/sesion-fotografica-la-marquesina-la-jaula-las-locas-musical\/#primaryimage"},"thumbnailUrl":"https:\/\/enterarte.info\/press\/wp-content\/uploads\/2018\/11\/FB_IMG_1542112029987.jpg","datePublished":"2018-11-14T19:15:42+00:00","inLanguage":"es","potentialAction":[{"@type":"ReadAction","target":["https:\/\/enterarte.info\/press\/sesion-fotografica-la-marquesina-la-jaula-las-locas-musical\/"]}]},{"@type":"ImageObject","inLanguage":"es","@id":"https:\/\/enterarte.info\/press\/sesion-fotografica-la-marquesina-la-jaula-las-locas-musical\/#primaryimage","url":"https:\/\/enterarte.info\/press\/wp-content\/uploads\/2018\/11\/FB_IMG_1542112029987.jpg","contentUrl":"https:\/\/enterarte.info\/press\/wp-content\/uploads\/2018\/11\/FB_IMG_1542112029987.jpg","width":615,"height":435},{"@type":"WebSite","@id":"https:\/\/enterarte.info\/press\/#website","url":"https:\/\/enterarte.info\/press\/","name":"ENTERARTE","description":"Cuando el arte y la inform\u00e1tica son  uno","publisher":{"@id":"https:\/\/enterarte.info\/press\/#organization"},"potentialAction":[{"@type":"SearchAction","target":{"@type":"EntryPoint","urlTemplate":"https:\/\/enterarte.info\/press\/?s={search_term_string}"},"query-input":{"@type":"PropertyValueSpecification","valueRequired":true,"valueName":"search_term_string"}}],"inLanguage":"es"},{"@type":"Organization","@id":"https:\/\/enterarte.info\/press\/#organization","name":"ENTERARTE","url":"https:\/\/enterarte.info\/press\/","logo":{"@type":"ImageObject","inLanguage":"es","@id":"https:\/\/enterarte.info\/press\/#\/schema\/logo\/image\/","url":"http:\/\/enterarte.info\/press\/wp-content\/uploads\/2017\/09\/cabezal_fondo_celeste_final_910.png","contentUrl":"http:\/\/enterarte.info\/press\/wp-content\/uploads\/2017\/09\/cabezal_fondo_celeste_final_910.png","width":910,"height":205,"caption":"ENTERARTE"},"image":{"@id":"https:\/\/enterarte.info\/press\/#\/schema\/logo\/image\/"},"sameAs":["\/enterarte.info\/"]},{"@type":"Person","@id":"https:\/\/enterarte.info\/press\/#\/schema\/person\/390c3cc4b651385ec56aa36c7ac48dda","name":"Virginia Vega","image":{"@type":"ImageObject","inLanguage":"es","@id":"https:\/\/secure.gravatar.com\/avatar\/7ddcd10020d53de62ad0fefe7655bb0f47c6344e827b2ad5669724599ad0e4c2?s=96&d=mm&r=g","url":"https:\/\/secure.gravatar.com\/avatar\/7ddcd10020d53de62ad0fefe7655bb0f47c6344e827b2ad5669724599ad0e4c2?s=96&d=mm&r=g","contentUrl":"https:\/\/secure.gravatar.com\/avatar\/7ddcd10020d53de62ad0fefe7655bb0f47c6344e827b2ad5669724599ad0e4c2?s=96&d=mm&r=g","caption":"Virginia Vega"},"sameAs":["http:\/\/enterarte.info"],"url":"https:\/\/enterarte.info\/press\/author\/vicky\/"}]}},"jetpack_publicize_connections":[],"_links":{"self":[{"href":"https:\/\/enterarte.info\/press\/wp-json\/wp\/v2\/posts\/2417","targetHints":{"allow":["GET"]}}],"collection":[{"href":"https:\/\/enterarte.info\/press\/wp-json\/wp\/v2\/posts"}],"about":[{"href":"https:\/\/enterarte.info\/press\/wp-json\/wp\/v2\/types\/post"}],"author":[{"embeddable":true,"href":"https:\/\/enterarte.info\/press\/wp-json\/wp\/v2\/users\/5"}],"replies":[{"embeddable":true,"href":"https:\/\/enterarte.info\/press\/wp-json\/wp\/v2\/comments?post=2417"}],"version-history":[{"count":1,"href":"https:\/\/enterarte.info\/press\/wp-json\/wp\/v2\/posts\/2417\/revisions"}],"predecessor-version":[{"id":2420,"href":"https:\/\/enterarte.info\/press\/wp-json\/wp\/v2\/posts\/2417\/revisions\/2420"}],"wp:featuredmedia":[{"embeddable":true,"href":"https:\/\/enterarte.info\/press\/wp-json\/wp\/v2\/media\/2418"}],"wp:attachment":[{"href":"https:\/\/enterarte.info\/press\/wp-json\/wp\/v2\/media?parent=2417"}],"wp:term":[{"taxonomy":"category","embeddable":true,"href":"https:\/\/enterarte.info\/press\/wp-json\/wp\/v2\/categories?post=2417"},{"taxonomy":"post_tag","embeddable":true,"href":"https:\/\/enterarte.info\/press\/wp-json\/wp\/v2\/tags?post=2417"}],"curies":[{"name":"wp","href":"https:\/\/api.w.org\/{rel}","templated":true}]}}